{"id":10011,"date":"2024-05-21T12:03:28","date_gmt":"2024-05-21T10:03:28","guid":{"rendered":"https:\/\/projectes.xtec.cat\/acollidasuport\/?p=10011"},"modified":"2024-05-21T12:03:28","modified_gmt":"2024-05-21T10:03:28","slug":"capses-danada-i-tornada-del-jo-al-nosaltres-estrategies-dacollida-emocional-per-a-una-escola-intercultural","status":"publish","type":"post","link":"https:\/\/projectes.xtec.cat\/acollidasuport\/general\/capses-danada-i-tornada-del-jo-al-nosaltres-estrategies-dacollida-emocional-per-a-una-escola-intercultural\/","title":{"rendered":"CAPSES D&#8217;ANADA I TORNADA. DEL JO AL NOSALTRES &#8211; Estrat\u00e8gies d&#8217;acollida emocional per a una escola intercultural"},"content":{"rendered":"<p><strong><img loading=\"lazy\" decoding=\"async\" class=\"alignleft wp-image-10017 size-full\" src=\"https:\/\/projectes.xtec.cat\/acollidasuport\/wp-content\/uploads\/usu2169\/2024\/05\/Article-Reflexions-de-les-formadores-i-docents-que-participen-en-la-formacio-Estrategies-dacollida-emocional-per-a-una-escolta-intercultural.png\" alt=\"\" width=\"450\" height=\"200\" srcset=\"https:\/\/projectes.xtec.cat\/acollidasuport\/wp-content\/uploads\/usu2169\/2024\/05\/Article-Reflexions-de-les-formadores-i-docents-que-participen-en-la-formacio-Estrategies-dacollida-emocional-per-a-una-escolta-intercultural.png 450w, https:\/\/projectes.xtec.cat\/acollidasuport\/wp-content\/uploads\/usu2169\/2024\/05\/Article-Reflexions-de-les-formadores-i-docents-que-participen-en-la-formacio-Estrategies-dacollida-emocional-per-a-una-escolta-intercultural-300x133.png 300w\" sizes=\"auto, (max-width: 450px) 100vw, 450px\" \/><\/strong><\/p>\n<p><strong>Reflexions de les formadores i docents que participen en la formaci\u00f3 &#8220;<em>Estrat\u00e8gies d&#8217;acollida emocional per a una escola intercultural. Del jo al nosaltres.<\/em>&#8220;<\/strong><\/p>\n<p>Aquest 2024 fa 12 anys que camina el nostre projecte. Va n\u00e9ixer de la conflu\u00e8ncia de dos mons, l&#8217;art\u00edstic i l&#8217;educatiu, gr\u00e0cies a la confabulaci\u00f3 de l&#8217;atzar. L\u2019Esther Prim i la Teresa Forcada, una titellaire i una docent, descobrim que compartim moltes inquietuds i d&#8217;aquesta sincronicitat en neix la nostra proposta: <strong><em>Capses d&#8217;anada i tornada. Del jo al nosaltres.<\/em><\/strong><\/p>\n<p>El projecte\u00a0 convida els educadors\/es i els seus alumnes a fer un viatge simb\u00f2lic: del jo al nosaltres. Durant el trajecte conjuguem emocions, paraules i elements que les representen. Tot ho desem en capses que esdevenen equipatge sensible, fet comunicatiu, impuls del di\u00e0leg. Despr\u00e9s trobem la manera de combinar-les totes per tal de compartir les descobertes i els aprenentatges que ens ajudaran a construir l\u2019espai com\u00fa del nosaltres.<\/p>\n<p>En tots aquests anys hem desenvolupat el projecte en diferents processos formatius i realitats educatives. Gr\u00e0cies a aix\u00f2 anem sumant reciprocitats i collites de proximitat. Tenim una muni\u00f3 d&#8217;objectes i met\u00e0fores, alfabets d&#8217;emocions d&#8217;aqu\u00ed i d&#8217;all\u00e0, que de ben segur s\u00f3n llavors per construir un millor &#8220;nosaltres&#8221;.<\/p>\n<p>La nostra voluntat \u00e9s compartir experi\u00e8ncies viscudes, reunir accions de respecte i confian\u00e7a, reflexionar sobre com som d&#8217;iguals i diferents totes les persones, sobre com acollim i ens deixem acollir, i trobar formes de fixar la mem\u00f2ria per evitar l&#8217;oblit.<\/p>\n<p>Aqu\u00ed teniu el relat i la reflexi\u00f3 en primera persona de dues docents, la<a href=\"https:\/\/projectes.xtec.cat\/acollidasuport\/wp-content\/uploads\/usu2169\/2024\/05\/Del-jo-al-nosaltres-Silvia-Ortiz.pdf\" target=\"_blank\" rel=\"noopener\"><strong> S\u00edlvia Ortiz<\/strong><\/a> i la <a href=\"https:\/\/projectes.xtec.cat\/acollidasuport\/wp-content\/uploads\/usu2169\/2024\/05\/Del-jo-al-nosaltres-Brigida-Segui.pdf\" target=\"_blank\" rel=\"noopener\"><strong>Br\u00edgida Segu\u00ed<\/strong><\/a>, que van implementar l&#8217;experi\u00e8ncia a les seves aules d&#8217;acollida el curs passat a l&#8217;Escola Frederic Mistral (L&#8217;Hospitalet de Llobregat) i a l&#8217;Institut Pont del Diable (Tarragona), respectivament. La lectura del seus relats posa en relleu moltes similituds sobre com entenen l&#8217;acollida i subratllen l&#8217;acompanyament emocional com a eix vertebrador en un proc\u00e9s d&#8217;acollida integral.<\/p>\n<p>En<a href=\"https:\/\/projectes.xtec.cat\/acollidasuport\/wp-content\/uploads\/usu2169\/2024\/05\/La-capsa-magica.pdf\" target=\"_blank\" rel=\"noopener\"><strong> aquest enlla\u00e7<\/strong><\/a> trobareu la proposta de la S\u00edlvia Ortiz per desenvolupar l&#8217;activitat &#8220;La capsa m\u00e0gica&#8221; (<em>Capses d&#8217;anada i tornada. Del jo al nosaltres<\/em>) a l&#8217;aula d&#8217;acollida.<\/p>\n<p style=\"text-align: right;\">Esther Prim i Teresa Forcada<\/p>\n<p><a href=\"https:\/\/projectes.xtec.cat\/acollidasuport\/wp-content\/uploads\/usu2169\/2024\/05\/Del-jo-al-nosaltres-Brigida-Segui.pdf\" target=\"_blank\" rel=\"noopener\"><img loading=\"lazy\" decoding=\"async\" class=\"alignnone wp-image-10007 size-thumbnail\" src=\"https:\/\/projectes.xtec.cat\/acollidasuport\/wp-content\/uploads\/usu2169\/2024\/01\/pdfimatge-150x150.png\" alt=\"\" width=\"150\" height=\"150\" srcset=\"https:\/\/projectes.xtec.cat\/acollidasuport\/wp-content\/uploads\/usu2169\/2024\/01\/pdfimatge-150x150.png 150w, https:\/\/projectes.xtec.cat\/acollidasuport\/wp-content\/uploads\/usu2169\/2024\/01\/pdfimatge-300x300.png 300w, https:\/\/projectes.xtec.cat\/acollidasuport\/wp-content\/uploads\/usu2169\/2024\/01\/pdfimatge.png 500w\" sizes=\"auto, (max-width: 150px) 100vw, 150px\" \/><\/a><a href=\"https:\/\/projectes.xtec.cat\/acollidasuport\/wp-content\/uploads\/usu2169\/2024\/05\/Del-jo-al-nosaltres-Silvia-Ortiz.pdf\" target=\"_blank\" rel=\"noopener\"><img loading=\"lazy\" decoding=\"async\" class=\"alignleft wp-image-10007 size-thumbnail\" src=\"https:\/\/projectes.xtec.cat\/acollidasuport\/wp-content\/uploads\/usu2169\/2024\/01\/pdfimatge-150x150.png\" alt=\"\" width=\"150\" height=\"150\" srcset=\"https:\/\/projectes.xtec.cat\/acollidasuport\/wp-content\/uploads\/usu2169\/2024\/01\/pdfimatge-150x150.png 150w, https:\/\/projectes.xtec.cat\/acollidasuport\/wp-content\/uploads\/usu2169\/2024\/01\/pdfimatge-300x300.png 300w, https:\/\/projectes.xtec.cat\/acollidasuport\/wp-content\/uploads\/usu2169\/2024\/01\/pdfimatge.png 500w\" sizes=\"auto, (max-width: 150px) 100vw, 150px\" \/><\/a><a href=\"https:\/\/projectes.xtec.cat\/acollidasuport\/wp-content\/uploads\/usu2169\/2024\/05\/La-capsa-magica.pdf\" target=\"_blank\" rel=\"noopener\"><img loading=\"lazy\" decoding=\"async\" class=\"alignleft wp-image-9532 size-thumbnail\" src=\"https:\/\/projectes.xtec.cat\/acollidasuport\/wp-content\/uploads\/usu2169\/2022\/11\/Simbol-infografia_AOE-150x150.png\" alt=\"\" width=\"150\" height=\"150\" srcset=\"https:\/\/projectes.xtec.cat\/acollidasuport\/wp-content\/uploads\/usu2169\/2022\/11\/Simbol-infografia_AOE-150x150.png 150w, https:\/\/projectes.xtec.cat\/acollidasuport\/wp-content\/uploads\/usu2169\/2022\/11\/Simbol-infografia_AOE-300x300.png 300w, https:\/\/projectes.xtec.cat\/acollidasuport\/wp-content\/uploads\/usu2169\/2022\/11\/Simbol-infografia_AOE.png 500w\" sizes=\"auto, (max-width: 150px) 100vw, 150px\" \/><\/a><\/p>\n","protected":false},"excerpt":{"rendered":"<p>Reflexions de les formadores i docents que participen en la formaci\u00f3 &#8220;Estrat\u00e8gies d&#8217;acollida emocional per a una escola intercultural. Del jo al nosaltres.&#8220;<br \/>\nAquest 2024 fa 12 anys que camina el nostre projecte. Va n\u00e9ixer de la conflu\u00e8ncia de dos mons, l&#8217;art\u00edstic i l&#8217;educatiu, gr\u00e0cies a&hellip;  <a href=\"https:\/\/projectes.xtec.cat\/acollidasuport\/general\/capses-danada-i-tornada-del-jo-al-nosaltres-estrategies-dacollida-emocional-per-a-una-escola-intercultural\/\" title=\"Read CAPSES D&#8217;ANADA I TORNADA. DEL JO AL NOSALTRES &#8211; Estrat\u00e8gies d&#8217;acollida emocional per a una escola intercultural\">Llegeix m\u00e9s\u00bb<\/a><\/p>\n","protected":false},"author":1,"featured_media":10017,"comment_status":"closed","ping_status":"closed","sticky":false,"template":"","format":"standard","meta":{"_bbp_topic_count":0,"_bbp_reply_count":0,"_bbp_total_topic_count":0,"_bbp_total_reply_count":0,"_bbp_voice_count":0,"_bbp_anonymous_reply_count":0,"_bbp_topic_count_hidden":0,"_bbp_reply_count_hidden":0,"_bbp_forum_subforum_count":0,"footnotes":""},"categories":[287,154,1,29],"tags":[451],"class_list":["post-10011","post","type-post","status-publish","format-standard","has-post-thumbnail","hentry","category-acollida","category-formacio","category-general","category-portada","tag-acollida-emocional"],"post_mailing_queue_ids":[],"_links":{"self":[{"href":"https:\/\/projectes.xtec.cat\/acollidasuport\/wp-json\/wp\/v2\/posts\/10011","targetHints":{"allow":["GET"]}}],"collection":[{"href":"https:\/\/projectes.xtec.cat\/acollidasuport\/wp-json\/wp\/v2\/posts"}],"about":[{"href":"https:\/\/projectes.xtec.cat\/acollidasuport\/wp-json\/wp\/v2\/types\/post"}],"author":[{"embeddable":true,"href":"https:\/\/projectes.xtec.cat\/acollidasuport\/wp-json\/wp\/v2\/users\/1"}],"replies":[{"embeddable":true,"href":"https:\/\/projectes.xtec.cat\/acollidasuport\/wp-json\/wp\/v2\/comments?post=10011"}],"version-history":[{"count":5,"href":"https:\/\/projectes.xtec.cat\/acollidasuport\/wp-json\/wp\/v2\/posts\/10011\/revisions"}],"predecessor-version":[{"id":10020,"href":"https:\/\/projectes.xtec.cat\/acollidasuport\/wp-json\/wp\/v2\/posts\/10011\/revisions\/10020"}],"wp:featuredmedia":[{"embeddable":true,"href":"https:\/\/projectes.xtec.cat\/acollidasuport\/wp-json\/wp\/v2\/media\/10017"}],"wp:attachment":[{"href":"https:\/\/projectes.xtec.cat\/acollidasuport\/wp-json\/wp\/v2\/media?parent=10011"}],"wp:term":[{"taxonomy":"category","embeddable":true,"href":"https:\/\/projectes.xtec.cat\/acollidasuport\/wp-json\/wp\/v2\/categories?post=10011"},{"taxonomy":"post_tag","embeddable":true,"href":"https:\/\/projectes.xtec.cat\/acollidasuport\/wp-json\/wp\/v2\/tags?post=10011"}],"curies":[{"name":"wp","href":"https:\/\/api.w.org\/{rel}","templated":true}]}}