{"id":10504,"date":"2025-04-01T09:42:33","date_gmt":"2025-04-01T07:42:33","guid":{"rendered":"https:\/\/projectes.xtec.cat\/acollidasuport\/?p=10504"},"modified":"2025-04-01T09:47:21","modified_gmt":"2025-04-01T07:47:21","slug":"primers-capitols-del-veu-veu-el-podcast-de-laula-dacollida","status":"publish","type":"post","link":"https:\/\/projectes.xtec.cat\/acollidasuport\/portada\/primers-capitols-del-veu-veu-el-podcast-de-laula-dacollida\/","title":{"rendered":"Primers cap\u00edtols del Veu @ veu. El p\u00f2dcast de l&#8217;aula d&#8217;acollida"},"content":{"rendered":"<p><a href=\"https:\/\/projectes.xtec.cat\/acollidasuport\/portada\/primers-capitols-del-veu-veu-el-podcast-de-laula-dacollida\/attachment\/dia-internacional-de-la-llengua-materna-5\/\" rel=\"attachment wp-att-10527\"><img loading=\"lazy\" decoding=\"async\" class=\"alignleft wp-image-10527\" src=\"https:\/\/projectes.xtec.cat\/acollidasuport\/wp-content\/uploads\/usu2169\/2025\/04\/Dia-Internacional-de-la-Llengua-Materna-300x133.png\" alt=\"\" width=\"451\" height=\"200\" srcset=\"https:\/\/projectes.xtec.cat\/acollidasuport\/wp-content\/uploads\/usu2169\/2025\/04\/Dia-Internacional-de-la-Llengua-Materna-300x133.png 300w, https:\/\/projectes.xtec.cat\/acollidasuport\/wp-content\/uploads\/usu2169\/2025\/04\/Dia-Internacional-de-la-Llengua-Materna.png 450w\" sizes=\"auto, (max-width: 451px) 100vw, 451px\" \/><\/a>Aquesta setmana inaugurem el canal de p\u00f2dcast del programa <strong><em>Veu<span class=\"\">@veu El p\u00f2dcast de l&#8217;aula d&#8217;acollida<\/span><\/em><\/strong><span class=\"\">.<\/span><\/p>\n<p>L&#8217;alumnat de les aules d&#8217;acollida dels centres educatius que participen en el p\u00f2dcast col\u00b7laboratiu <strong><em>Veu@veu<\/em><\/strong> han enllestit la primera tongada de cap\u00edtols d&#8217;aquesta primera temporada.<\/p>\n<p>Els seus testimonis, les seves an\u00e8cdotes, les seves can\u00e7ons&#8230; viatgen portats per nou vents que els faran arribar a tot arreu. Els cap\u00edtols del <strong><em>Veu@veu<\/em><\/strong> s&#8217;articulen en nou cadenes d&#8217;episodis amb nom de vent i cada centre passa la veu, al final del cap\u00edtol, al centre encarregat de continuar la cadena d&#8217;episodis.<\/p>\n<p>Tot seguit trobareu els cap\u00edtols inicials que us faran arribar cadascun dels vents:<\/p>\n<p><a href=\"https:\/\/creators.spotify.com\/pod\/show\/acollidaeducaci\/episodes\/T1-Escola-Bernat-Metge-Garb_1-e30r2s4\" target=\"_blank\" rel=\"noopener\"><strong>#Garb\u00ed &#8211; Escola Bernat Metge (El Prat de Llobregat)<\/strong><\/a><\/p>\n<p><a href=\"https:\/\/creators.spotify.com\/pod\/show\/acollidaeducaci\/episodes\/T1-Institut-Sabadell-Gregal_1-e30pufr\" target=\"_blank\" rel=\"noopener\"><strong>#Gregal &#8211; Institut Sabadell (1)<\/strong><\/a><\/p>\n<p><a href=\"https:\/\/creators.spotify.com\/pod\/show\/acollidaeducaci\/episodes\/T1-Institut-Sabadell-Gregal_1-2-e30r2v9\" target=\"_blank\" rel=\"noopener\"><strong>#Gregal &#8211; Institut Sabadell (2)<\/strong><\/a><\/p>\n<p><a href=\"https:\/\/creators.spotify.com\/pod\/show\/acollidaeducaci\/episodes\/T1-Escola-Piaget-Llebeig_1-e30ma5l\" target=\"_blank\" rel=\"noopener\"><strong>#Llebeig &#8211; Escola Piaget (Barcelona)<\/strong><\/a><\/p>\n<p><a href=\"https:\/\/creators.spotify.com\/pod\/show\/acollidaeducaci\/episodes\/T1-Institut-Benaprs-Llevant_1-e30mads\" target=\"_blank\" rel=\"noopener\"><strong><span class=\"\">#<\/span>Llevant &#8211; Institut Joan Ramon Benapr\u00e8s (Sitges)<\/strong><\/a><\/p>\n<p><strong><a href=\"https:\/\/creators.spotify.com\/pod\/show\/acollidaeducaci\/episodes\/T1-Escola-Guinard-Mestral_1-e30ohvn\" target=\"_blank\" rel=\"noopener\">#Mestral &#8211; Escola Guinard\u00f3<\/a><a href=\"https:\/\/creators.spotify.com\/pod\/show\/acollidaeducaci\/episodes\/T1-Escola-Guinard-Mestral_1-e30ohvn\" target=\"_blank\" rel=\"noopener\"> (Barcelona)<\/a><\/strong><\/p>\n<p><a href=\"https:\/\/creators.spotify.com\/pod\/show\/acollidaeducaci\/episodes\/T1-Institut-Escola-Piera-Migjorn_1-e30ummf\"><strong>#Migjorn &#8211; Institut Escola Piera<\/strong><\/a><\/p>\n<p><a href=\"https:\/\/creators.spotify.com\/pod\/show\/acollidaeducaci\/episodes\/T1-Institut-Rocagrossa-Ponent_1-e30r2m7\" target=\"_blank\" rel=\"noopener\"><strong><span class=\"\">#Ponent &#8211; Institut Rocagrossa (Lloret de Mar)<\/span><\/strong><\/a><\/p>\n<p><a href=\"https:\/\/creators.spotify.com\/pod\/show\/acollidaeducaci\/episodes\/T1-Institut-de-Santa-Coloma-de-Gramenet-Tramuntana_1-e30q0ak\" target=\"_blank\" rel=\"noopener\"><strong>#Tramuntana &#8211; Institut de Santa Coloma de Gramenet<\/strong><\/a><\/p>\n<p><a href=\"https:\/\/creators.spotify.com\/pod\/show\/acollidaeducaci\/episodes\/T1-Escola-Vedruna-Berga-Xaloc_1-e30q3b5\" target=\"_blank\" rel=\"noopener\"><strong>#Xaloc &#8211; Escola Vedruna Berga<\/strong><\/a><\/p>\n<p><a href=\"https:\/\/open.spotify.com\/playlist\/62mwqhTKh8OspNZ6qt6Loq?si=q8-SxFXGRJq5qcZkmqXwkA\" target=\"_blank\" rel=\"attachment noopener wp-att-10505\"><img loading=\"lazy\" decoding=\"async\" class=\"wp-image-10505 size-thumbnail alignright\" src=\"https:\/\/projectes.xtec.cat\/acollidasuport\/wp-content\/uploads\/usu2169\/2025\/03\/logo-la-musica-del-veu-a-veu-2-150x150.png\" alt=\"\" width=\"150\" height=\"150\" srcset=\"https:\/\/projectes.xtec.cat\/acollidasuport\/wp-content\/uploads\/usu2169\/2025\/03\/logo-la-musica-del-veu-a-veu-2-150x150.png 150w, https:\/\/projectes.xtec.cat\/acollidasuport\/wp-content\/uploads\/usu2169\/2025\/03\/logo-la-musica-del-veu-a-veu-2-300x300.png 300w, https:\/\/projectes.xtec.cat\/acollidasuport\/wp-content\/uploads\/usu2169\/2025\/03\/logo-la-musica-del-veu-a-veu-2.png 500w\" sizes=\"auto, (max-width: 150px) 100vw, 150px\" \/><\/a><\/p>\n<p>&nbsp;<\/p>\n<p>Us animem a seguir-nos i a seguir tamb\u00e9 la llista de reproducci\u00f3 a <em><strong>Spotify<\/strong><\/em>\u00a0<strong><a href=\"https:\/\/open.spotify.com\/playlist\/62mwqhTKh8OspNZ6qt6Loq?si=q8-SxFXGRJq5qcZkmqXwkA\" target=\"_blank\" rel=\"noopener\">La m\u00fasica del Veu@veu<\/a><\/strong>. En aquesta llista trobareu totes les recomanacions musicals, en les seves lleng\u00fces d&#8217;origen, que els i les alumnes de les aules d&#8217;acollida han esmentat en els cap\u00edtols del p\u00f2dcast que ja s&#8217;han publicat. La llista anir\u00e0 creixent amb les propostes dels seg\u00fcents cap\u00edtols.<\/p>\n<p>&nbsp;<\/p>\n<p>&nbsp;<\/p>\n","protected":false},"excerpt":{"rendered":"<p>Aquesta setmana inaugurem el canal de p\u00f2dcast del programa Veu@veu El p\u00f2dcast de l&#8217;aula d&#8217;acollida.&hellip;  <a href=\"https:\/\/projectes.xtec.cat\/acollidasuport\/portada\/primers-capitols-del-veu-veu-el-podcast-de-laula-dacollida\/\" title=\"Read Primers cap\u00edtols del Veu @ veu. El p\u00f2dcast de l&#8217;aula d&#8217;acollida\">Llegeix m\u00e9s\u00bb<\/a><\/p>\n","protected":false},"author":1,"featured_media":10527,"comment_status":"closed","ping_status":"closed","sticky":false,"template":"","format":"standard","meta":{"_bbp_topic_count":0,"_bbp_reply_count":0,"_bbp_total_topic_count":0,"_bbp_total_reply_count":0,"_bbp_voice_count":0,"_bbp_anonymous_reply_count":0,"_bbp_topic_count_hidden":0,"_bbp_reply_count_hidden":0,"_bbp_forum_subforum_count":0,"footnotes":""},"categories":[287,29],"tags":[554,551],"class_list":["post-10504","post","type-post","status-publish","format-standard","has-post-thumbnail","hentry","category-acollida","category-portada","tag-aula-dacollida","tag-llengua-oral"],"post_mailing_queue_ids":[],"_links":{"self":[{"href":"https:\/\/projectes.xtec.cat\/acollidasuport\/wp-json\/wp\/v2\/posts\/10504","targetHints":{"allow":["GET"]}}],"collection":[{"href":"https:\/\/projectes.xtec.cat\/acollidasuport\/wp-json\/wp\/v2\/posts"}],"about":[{"href":"https:\/\/projectes.xtec.cat\/acollidasuport\/wp-json\/wp\/v2\/types\/post"}],"author":[{"embeddable":true,"href":"https:\/\/projectes.xtec.cat\/acollidasuport\/wp-json\/wp\/v2\/users\/1"}],"replies":[{"embeddable":true,"href":"https:\/\/projectes.xtec.cat\/acollidasuport\/wp-json\/wp\/v2\/comments?post=10504"}],"version-history":[{"count":6,"href":"https:\/\/projectes.xtec.cat\/acollidasuport\/wp-json\/wp\/v2\/posts\/10504\/revisions"}],"predecessor-version":[{"id":10520,"href":"https:\/\/projectes.xtec.cat\/acollidasuport\/wp-json\/wp\/v2\/posts\/10504\/revisions\/10520"}],"wp:featuredmedia":[{"embeddable":true,"href":"https:\/\/projectes.xtec.cat\/acollidasuport\/wp-json\/wp\/v2\/media\/10527"}],"wp:attachment":[{"href":"https:\/\/projectes.xtec.cat\/acollidasuport\/wp-json\/wp\/v2\/media?parent=10504"}],"wp:term":[{"taxonomy":"category","embeddable":true,"href":"https:\/\/projectes.xtec.cat\/acollidasuport\/wp-json\/wp\/v2\/categories?post=10504"},{"taxonomy":"post_tag","embeddable":true,"href":"https:\/\/projectes.xtec.cat\/acollidasuport\/wp-json\/wp\/v2\/tags?post=10504"}],"curies":[{"name":"wp","href":"https:\/\/api.w.org\/{rel}","templated":true}]}}