{"id":10793,"date":"2025-10-06T09:00:16","date_gmt":"2025-10-06T07:00:16","guid":{"rendered":"https:\/\/projectes.xtec.cat\/acollidasuport\/?p=10793"},"modified":"2025-10-06T17:30:22","modified_gmt":"2025-10-06T15:30:22","slug":"educacio-global-contra-la-xenofobia-intercanvi-de-bones-practiques-locals-i-globals-en-la-formacio-inicial-del-professorat","status":"publish","type":"post","link":"https:\/\/projectes.xtec.cat\/acollidasuport\/general\/educacio-global-contra-la-xenofobia-intercanvi-de-bones-practiques-locals-i-globals-en-la-formacio-inicial-del-professorat\/","title":{"rendered":"Educaci\u00f3 Global contra la Xenof\u00f2bia: Intercanvi de bones pr\u00e0ctiques locals i globals en la formaci\u00f3 inicial del professorat"},"content":{"rendered":"<p><a href=\"https:\/\/projectes.xtec.cat\/acollidasuport\/wp-content\/uploads\/usu2169\/2025\/10\/Captura-de-pantalla-2025-10-03-130410.jpg\"><img loading=\"lazy\" decoding=\"async\" class=\"alignleft wp-image-10794\" src=\"https:\/\/projectes.xtec.cat\/acollidasuport\/wp-content\/uploads\/usu2169\/2025\/10\/Captura-de-pantalla-2025-10-03-130410.jpg\" alt=\"\" width=\"397\" height=\"281\" srcset=\"https:\/\/projectes.xtec.cat\/acollidasuport\/wp-content\/uploads\/usu2169\/2025\/10\/Captura-de-pantalla-2025-10-03-130410.jpg 797w, https:\/\/projectes.xtec.cat\/acollidasuport\/wp-content\/uploads\/usu2169\/2025\/10\/Captura-de-pantalla-2025-10-03-130410-300x212.jpg 300w, https:\/\/projectes.xtec.cat\/acollidasuport\/wp-content\/uploads\/usu2169\/2025\/10\/Captura-de-pantalla-2025-10-03-130410-768x543.jpg 768w\" sizes=\"auto, (max-width: 397px) 100vw, 397px\" \/><\/a>Entre els dies 22 i 23 d\u2019octubre de 2025, a Barcelona es dur\u00e0 a terme l\u2019esdeveniment <em><strong>Educaci\u00f3 Global contra la Xenof\u00f2bia: Intercanvi de bones pr\u00e0ctiques locals i globals en la formaci\u00f3 inicial del professorat<\/strong><\/em> organitzat pel <a href=\"https:\/\/eacnur.org\/es\">Comit\u00e8 Catal\u00e0 de l\u2019ACNUR <\/a>en col\u00b7laboraci\u00f3 amb la <a href=\"https:\/\/www.solidaritat.ub.edu\/\">Fundaci\u00f3 Solidaritat UB<\/a>. Aquest tindr\u00e0 lloc a l\u2019edifici Josep Carner de la Universitat de Barcelona, localitzat al carrer d\u2019Aribau, 2.<\/p>\n<p>L\u2019esdeveniment reunir\u00e0 representants d\u2019universitats de\u202fCatalunya i Jord\u00e0nia, aix\u00ed com d\u2019institucions i organitzacions educatives nacionals i internacionals. Comptar\u00e0 amb personalitats com Grainne O\u2019Hara, representant d\u2019ACNUR a Espanya, o Zeina Jadaan, responsable dels programes d\u2019educaci\u00f3 a ACNUR Jord\u00e0nia. A m\u00e9s, comptar\u00e0 amb la participaci\u00f3 de persones refugiades que treballen amb el Comit\u00e8 Catal\u00e0 de l\u2019ACNUR en processos de formaci\u00f3 a futur personal docent per a la promoci\u00f3 de l\u2019Educaci\u00f3 Global i la garantia del dret a l\u2019asil.<\/p>\n<p>El programa busca promocionar espais d\u2019intercanvi d\u2019experi\u00e8ncies i de di\u00e0leg col\u00b7laboratiu entre les persones i institucions participants, mitjan\u00e7ant la celebraci\u00f3 de taules rodones, pon\u00e8ncies magistrals i tallers tem\u00e0tics.<\/p>\n<div>Si les jornades s\u00f3n del vostre inter\u00e8s i us agradaria assistir, us convidem a omplir el <a id=\"m_1111070710715255663OWA791c7b16-92d0-830a-f28c-62756df3b180\" title=\"https:\/\/forms.creacongresos.com\/ACNUR-2025\/ca\/\" href=\"https:\/\/forms.creacongresos.com\/ACNUR-2025\/ca\/\" target=\"_blank\" rel=\"noopener\" data-saferedirecturl=\"https:\/\/www.google.com\/url?q=https:\/\/forms.creacongresos.com\/ACNUR-2025\/ca\/&amp;source=gmail&amp;ust=1759557909228000&amp;usg=AOvVaw0rnGPrbzoK4_TnyQYNuler\"> formulari d\u2019inscripci\u00f3<\/a> abans del 17 d\u2019octubre.<\/div>\n<div><\/div>\n<div>La inscripci\u00f3, assist\u00e8ncia i els \u00e0pats s\u00f3n gratu\u00efts. <a href=\"https:\/\/projectes.xtec.cat\/acollidasuport\/wp-content\/uploads\/usu2169\/2025\/10\/CAT-Programa-169.pdf\">Aqu\u00ed <\/a>trobareu tamb\u00e9 el programa complet de les jornades.<\/div>\n<div><\/div>\n","protected":false},"excerpt":{"rendered":"<p>Entre els dies 22 i 23 d\u2019octubre de 2025, a Barcelona es dur\u00e0 a terme l\u2019esdeveniment Educaci\u00f3 Global contra la Xenof\u00f2bia: Intercanvi de bones pr\u00e0ctiques locals i globals en la formaci\u00f3 inicial del professorat organitzat pel Comit\u00e8 Catal\u00e0 de l\u2019ACNUR en col\u00b7laboraci\u00f3 amb la Fundaci\u00f3 Solidaritat UB. Aquest tindr\u00e0 lloc a l\u2019edifici Josep Carner de la Universitat de Barcelona, localitzat al carrer d\u2019Aribau, 2.&hellip;  <a href=\"https:\/\/projectes.xtec.cat\/acollidasuport\/general\/educacio-global-contra-la-xenofobia-intercanvi-de-bones-practiques-locals-i-globals-en-la-formacio-inicial-del-professorat\/\" title=\"Read Educaci\u00f3 Global contra la Xenof\u00f2bia: Intercanvi de bones pr\u00e0ctiques locals i globals en la formaci\u00f3 inicial del professorat\">Llegeix m\u00e9s\u00bb<\/a><\/p>\n","protected":false},"author":1,"featured_media":10794,"comment_status":"open","ping_status":"open","sticky":false,"template":"","format":"standard","meta":{"_bbp_topic_count":0,"_bbp_reply_count":0,"_bbp_total_topic_count":0,"_bbp_total_reply_count":0,"_bbp_voice_count":0,"_bbp_anonymous_reply_count":0,"_bbp_topic_count_hidden":0,"_bbp_reply_count_hidden":0,"_bbp_forum_subforum_count":0,"footnotes":""},"categories":[154,1,29],"tags":[553,364],"class_list":["post-10793","post","type-post","status-publish","format-standard","has-post-thumbnail","hentry","category-formacio","category-general","category-portada","tag-formacio","tag-interculturalitat"],"post_mailing_queue_ids":[],"_links":{"self":[{"href":"https:\/\/projectes.xtec.cat\/acollidasuport\/wp-json\/wp\/v2\/posts\/10793","targetHints":{"allow":["GET"]}}],"collection":[{"href":"https:\/\/projectes.xtec.cat\/acollidasuport\/wp-json\/wp\/v2\/posts"}],"about":[{"href":"https:\/\/projectes.xtec.cat\/acollidasuport\/wp-json\/wp\/v2\/types\/post"}],"author":[{"embeddable":true,"href":"https:\/\/projectes.xtec.cat\/acollidasuport\/wp-json\/wp\/v2\/users\/1"}],"replies":[{"embeddable":true,"href":"https:\/\/projectes.xtec.cat\/acollidasuport\/wp-json\/wp\/v2\/comments?post=10793"}],"version-history":[{"count":3,"href":"https:\/\/projectes.xtec.cat\/acollidasuport\/wp-json\/wp\/v2\/posts\/10793\/revisions"}],"predecessor-version":[{"id":10798,"href":"https:\/\/projectes.xtec.cat\/acollidasuport\/wp-json\/wp\/v2\/posts\/10793\/revisions\/10798"}],"wp:featuredmedia":[{"embeddable":true,"href":"https:\/\/projectes.xtec.cat\/acollidasuport\/wp-json\/wp\/v2\/media\/10794"}],"wp:attachment":[{"href":"https:\/\/projectes.xtec.cat\/acollidasuport\/wp-json\/wp\/v2\/media?parent=10793"}],"wp:term":[{"taxonomy":"category","embeddable":true,"href":"https:\/\/projectes.xtec.cat\/acollidasuport\/wp-json\/wp\/v2\/categories?post=10793"},{"taxonomy":"post_tag","embeddable":true,"href":"https:\/\/projectes.xtec.cat\/acollidasuport\/wp-json\/wp\/v2\/tags?post=10793"}],"curies":[{"name":"wp","href":"https:\/\/api.w.org\/{rel}","templated":true}]}}