{"id":10938,"date":"2026-01-19T12:00:28","date_gmt":"2026-01-19T11:00:28","guid":{"rendered":"https:\/\/projectes.xtec.cat\/acollidasuport\/?p=10938"},"modified":"2026-01-17T19:13:59","modified_gmt":"2026-01-17T18:13:59","slug":"dues-jornades-sobre-ensenyament-i-aprenentatge-duna-nova-llengua-que-us-poden-interessar","status":"publish","type":"post","link":"https:\/\/projectes.xtec.cat\/acollidasuport\/general\/dues-jornades-sobre-ensenyament-i-aprenentatge-duna-nova-llengua-que-us-poden-interessar\/","title":{"rendered":"Dues jornades sobre ensenyament i aprenentatge d&#8217;una nova llengua que us poden interessar&#8230;"},"content":{"rendered":"<p style=\"font-weight: 400;\"><img loading=\"lazy\" decoding=\"async\" class=\"size-full wp-image-10939 alignleft\" src=\"https:\/\/projectes.xtec.cat\/acollidasuport\/wp-content\/uploads\/usu2169\/2026\/01\/218889.png\" alt=\"\" width=\"450\" height=\"200\" srcset=\"https:\/\/projectes.xtec.cat\/acollidasuport\/wp-content\/uploads\/usu2169\/2026\/01\/218889.png 450w, https:\/\/projectes.xtec.cat\/acollidasuport\/wp-content\/uploads\/usu2169\/2026\/01\/218889-300x133.png 300w\" sizes=\"auto, (max-width: 450px) 100vw, 450px\" \/>Els propers dies, <strong>22 i 23 de gener de 2026<\/strong>, se celebraran\u00a0les <strong>VI Jornades \u00abLa recerca socioling\u00fc\u00edstica en l\u2019\u00e0mbit de la llengua catalana\u00bb <\/strong>a la seu de l\u2019Institut d\u2019Estudis Catalans, coorganitzades per la Unitat de Socioling\u00fc\u00edstica de la Secci\u00f3 Filol\u00f2gica i el Departament de Pol\u00edtica Ling\u00fc\u00edstica de la Generalitat de Catalunya.<\/p>\n<p style=\"font-weight: 400;\">Aquestes Jornades, ja consolidades com un espai de trobada, debat i actualitzaci\u00f3 cient\u00edfica en l\u2019\u00e0mbit de la socioling\u00fc\u00edstica catalana, ofereixen un marc de reflexi\u00f3 compartida sobre l\u2019estat de la disciplina i els principals reptes actuals de la recerca en socioling\u00fc\u00edstica catalana. El programa inclou treballs emp\u00edrics i te\u00f2rics que analitzen les relacions entre llengua i societat en els territoris de llengua catalana, des d\u2019enfocaments diversos i interdisciplinaris, i promou l\u2019intercanvi de coneixement sobre les principals l\u00ednies de recerca i els desafiaments emergents de la socioling\u00fc\u00edstica contempor\u00e0nia.<\/p>\n<p style=\"font-weight: 400;\"><a href=\"https:\/\/sf.iec.cat\/wp-content\/uploads\/2026\/01\/VI-Jornades-Programa-definitiu.pdf\"><span style=\"text-decoration: underline;\"><strong>Aqu\u00ed<\/strong><\/span><\/a> podeu consultar el programa complet i podeu formalitzar la vostra inscripci\u00f3 en <a href=\"https:\/\/actes.iec.cat\/146483\/detail\/vi-jornades-recerca-sociolinguistica\"><span style=\"text-decoration: underline;\"><strong>aquest enlla\u00e7<\/strong><\/span><\/a>.<\/p>\n<p>&nbsp;<\/p>\n<p dir=\"ltr\"><img loading=\"lazy\" decoding=\"async\" class=\"size-full wp-image-10940 alignright\" src=\"https:\/\/projectes.xtec.cat\/acollidasuport\/wp-content\/uploads\/usu2169\/2026\/01\/218889-1.png\" alt=\"\" width=\"450\" height=\"200\" srcset=\"https:\/\/projectes.xtec.cat\/acollidasuport\/wp-content\/uploads\/usu2169\/2026\/01\/218889-1.png 450w, https:\/\/projectes.xtec.cat\/acollidasuport\/wp-content\/uploads\/usu2169\/2026\/01\/218889-1-300x133.png 300w\" sizes=\"auto, (max-width: 450px) 100vw, 450px\" \/>La <strong>V Jornada sobre les teories ling\u00fc\u00edstiques i l\u2019ensenyament de L2\/LE\/LA: Els documents curriculars i la relaci\u00f3 amb les teories ling\u00fc\u00edstiques i la did\u00e0ctica de la llengua <\/strong>es dur\u00e0 a terme en l\u00ednia el <strong>divendres 6 de febrer de 2026<\/strong>, <strong>de 15.30 a 19.10h<\/strong> (hora catalana).<\/p>\n<p dir=\"ltr\">Aquesta cinquena jornada t\u00e9 com a objectiu\u00a0reflexionar sobre el paper dels documents curriculars en l\u2019ensenyament de lleng\u00fces en l\u2019actualitat; con\u00e8ixer experi\u00e8ncies de disseny de documents curriculars per a l\u2019ensenyament de lleng\u00fces addicionals per a persones adultes; explorar la relaci\u00f3 entre el disseny de documents curriculars i la recerca en adquisici\u00f3 i did\u00e0ctica de la llengua; i crear aliances entre investigadors, docents, creadors de materials i persones interessades en l\u2019ensenyament de lleng\u00fces.<\/p>\n<p dir=\"ltr\">Al\u00a0<strong><a href=\"https:\/\/jornadacle.wordpress.com\/\" target=\"_blank\" rel=\"noopener\" data-saferedirecturl=\"https:\/\/www.google.com\/url?q=https:\/\/jornadacle.wordpress.com\/&amp;source=gmail&amp;ust=1768752346594000&amp;usg=AOvVaw1si7AxTFE5fFNF9FKGyu06\">web de la jornada<\/a><\/strong> trobareu el cartell de l\u2019esdeveniment i els detalls del programa. La inscripci\u00f3 a la jornada \u00e9s gratu\u00efta, per\u00f2 per assistir-hi \u00e9s necessari inscriure-s\u2019hi a trav\u00e9s d\u2019<span style=\"text-decoration: underline;\"><strong><a href=\"https:\/\/forms.gle\/EKneHSpTBc2LQo6m7\" target=\"_blank\" rel=\"noopener\" data-saferedirecturl=\"https:\/\/www.google.com\/url?q=https:\/\/forms.gle\/EKneHSpTBc2LQo6m7&amp;source=gmail&amp;ust=1768752346595000&amp;usg=AOvVaw2g6KeWE3z7Ijhhf7CBoSIG\">aquest enlla\u00e7<\/a><\/strong><\/span>, que tamb\u00e9 trobareu al web de la jornada.<\/p>\n<p dir=\"ltr\">Us convidem a inscriure-us-hi!<\/p>\n<p>&nbsp;<\/p>\n","protected":false},"excerpt":{"rendered":"<p>Els propers dies, 22 i 23 de gener de 2026, se celebraran\u00a0les VI Jornades \u00abLa recerca socioling\u00fc\u00edstica en l\u2019\u00e0mbit de la llengua catalana\u00bb a la seu de l\u2019Institut d\u2019Estudis Catalans, coorganitzades per la Unitat de Socioling\u00fc\u00edstica de la Secci\u00f3 Filol\u00f2gica i el Departament de Pol\u00edtica Ling\u00fc\u00edstica de la Generalitat de Catalunya.&hellip;  <a href=\"https:\/\/projectes.xtec.cat\/acollidasuport\/general\/dues-jornades-sobre-ensenyament-i-aprenentatge-duna-nova-llengua-que-us-poden-interessar\/\" title=\"Read Dues jornades sobre ensenyament i aprenentatge d&#8217;una nova llengua que us poden interessar&#8230;\">Llegeix m\u00e9s\u00bb<\/a><\/p>\n","protected":false},"author":1,"featured_media":10939,"comment_status":"open","ping_status":"open","sticky":false,"template":"","format":"standard","meta":{"_bbp_topic_count":0,"_bbp_reply_count":0,"_bbp_total_topic_count":0,"_bbp_total_reply_count":0,"_bbp_voice_count":0,"_bbp_anonymous_reply_count":0,"_bbp_topic_count_hidden":0,"_bbp_reply_count_hidden":0,"_bbp_forum_subforum_count":0,"footnotes":""},"categories":[154,1,29],"tags":[553,584],"class_list":["post-10938","post","type-post","status-publish","format-standard","has-post-thumbnail","hentry","category-formacio","category-general","category-portada","tag-formacio","tag-l2"],"post_mailing_queue_ids":[],"_links":{"self":[{"href":"https:\/\/projectes.xtec.cat\/acollidasuport\/wp-json\/wp\/v2\/posts\/10938","targetHints":{"allow":["GET"]}}],"collection":[{"href":"https:\/\/projectes.xtec.cat\/acollidasuport\/wp-json\/wp\/v2\/posts"}],"about":[{"href":"https:\/\/projectes.xtec.cat\/acollidasuport\/wp-json\/wp\/v2\/types\/post"}],"author":[{"embeddable":true,"href":"https:\/\/projectes.xtec.cat\/acollidasuport\/wp-json\/wp\/v2\/users\/1"}],"replies":[{"embeddable":true,"href":"https:\/\/projectes.xtec.cat\/acollidasuport\/wp-json\/wp\/v2\/comments?post=10938"}],"version-history":[{"count":3,"href":"https:\/\/projectes.xtec.cat\/acollidasuport\/wp-json\/wp\/v2\/posts\/10938\/revisions"}],"predecessor-version":[{"id":10943,"href":"https:\/\/projectes.xtec.cat\/acollidasuport\/wp-json\/wp\/v2\/posts\/10938\/revisions\/10943"}],"wp:featuredmedia":[{"embeddable":true,"href":"https:\/\/projectes.xtec.cat\/acollidasuport\/wp-json\/wp\/v2\/media\/10939"}],"wp:attachment":[{"href":"https:\/\/projectes.xtec.cat\/acollidasuport\/wp-json\/wp\/v2\/media?parent=10938"}],"wp:term":[{"taxonomy":"category","embeddable":true,"href":"https:\/\/projectes.xtec.cat\/acollidasuport\/wp-json\/wp\/v2\/categories?post=10938"},{"taxonomy":"post_tag","embeddable":true,"href":"https:\/\/projectes.xtec.cat\/acollidasuport\/wp-json\/wp\/v2\/tags?post=10938"}],"curies":[{"name":"wp","href":"https:\/\/api.w.org\/{rel}","templated":true}]}}