{"id":10944,"date":"2026-01-23T08:50:05","date_gmt":"2026-01-23T07:50:05","guid":{"rendered":"https:\/\/projectes.xtec.cat\/acollidasuport\/?p=10944"},"modified":"2026-01-23T08:50:10","modified_gmt":"2026-01-23T07:50:10","slug":"inici-de-la-2a-temporada-del-veu-veu-el-podcast-de-laula-dacollida","status":"publish","type":"post","link":"https:\/\/projectes.xtec.cat\/acollidasuport\/general\/inici-de-la-2a-temporada-del-veu-veu-el-podcast-de-laula-dacollida\/","title":{"rendered":"Inici de la 2a temporada del Veu @ veu. El p\u00f2dcast de l\u2019aula d\u2019acollida"},"content":{"rendered":"<p><img loading=\"lazy\" decoding=\"async\" class=\"size-full wp-image-10945 alignleft\" src=\"https:\/\/projectes.xtec.cat\/acollidasuport\/wp-content\/uploads\/usu2169\/2026\/01\/estadistiques-1a-Temp.-Veu-a-veu.png\" alt=\"\" width=\"450\" height=\"200\" srcset=\"https:\/\/projectes.xtec.cat\/acollidasuport\/wp-content\/uploads\/usu2169\/2026\/01\/estadistiques-1a-Temp.-Veu-a-veu.png 450w, https:\/\/projectes.xtec.cat\/acollidasuport\/wp-content\/uploads\/usu2169\/2026\/01\/estadistiques-1a-Temp.-Veu-a-veu-300x133.png 300w\" sizes=\"auto, (max-width: 450px) 100vw, 450px\" \/>El 29 de gener s\u2019estrena la <strong>2a temporada del <\/strong><em><strong><a href=\"https:\/\/open.spotify.com\/show\/1nqhAaYXW4R7WVTuOLbjqp\" target=\"_blank\" rel=\"noopener\">Veu@veu<\/a><\/strong>, el p\u00f2dcast de l\u2019aula d\u2019acollida<\/em>. L\u2019experi\u00e8ncia de la 1a temporada -que va ser un \u00e8xit tant pel que fa a la participaci\u00f3 de l\u2019alumnat com a la qualitat dels cap\u00edtols que van elaborar- ha demostrat el gran potencial del p\u00f2dcast com a eina educativa per donar veu a l\u2019alumnat de les aules d\u2019acollida i per treballar les seves habilitats comunicatives en catal\u00e0 en un context significatiu i motivador.<\/p>\n<p>Les cadenes de vents de la 1a temporada van dur els cap\u00edtols del <em>Veu@veu<\/em> a 22 pa\u00efsos i van permetre que la veu de l\u2019alumnat viatg\u00e9s molt m\u00e9s enll\u00e0 del centre educatiu. En cada cap\u00edtol, els alumnes van compartir curiositats ling\u00fc\u00edstiques, an\u00e8cdotes divertides sobre l\u2019aprenentatge de la llengua i recomanacions musicals en les seves lleng\u00fces d\u2019origen. Podeu escoltar la primera temporada en <strong><a href=\"https:\/\/open.spotify.com\/show\/1nqhAaYXW4R7WVTuOLbjqp\" target=\"_blank\" rel=\"noopener\">aquest enlla\u00e7<\/a><\/strong>.<\/p>\n<p>En la nova temporada del <strong><em>Veu@veu<\/em><\/strong>, el vent tornar\u00e0 a portar la paraula de centre en centre, tot incorporant-hi noves seccions, nous centres i noves veus. El p\u00f2dcast es consolida aix\u00ed com un recurs pedag\u00f2gic cooperatiu, que connecta aprenentatge, tecnologia i creativitat, i que segueix creixent a partir de l\u2019experi\u00e8ncia compartida en xarxa a les aules d\u2019acollida del pa\u00eds.<\/p>\n<p>&nbsp;<\/p>\n","protected":false},"excerpt":{"rendered":"<p>El 29 de gener s\u2019estrena la 2a temporada del Veu@veu, el p\u00f2dcast de l\u2019aula d\u2019acollida. L\u2019experi\u00e8ncia de la 1a temporada -que va ser un \u00e8xit tant pel que fa a la participaci\u00f3 de l\u2019alumnat com a la qualitat dels cap\u00edtols que van elaborar- ha demostrat el gran potencial del p\u00f2dcast com a eina educativa per donar veu a l\u2019alumnat de les aules d\u2019acollida i per treballar les seves habilitats comunicatives en catal\u00e0 en un context significatiu i motivador.&hellip;  <a href=\"https:\/\/projectes.xtec.cat\/acollidasuport\/general\/inici-de-la-2a-temporada-del-veu-veu-el-podcast-de-laula-dacollida\/\" title=\"Read Inici de la 2a temporada del Veu @ veu. El p\u00f2dcast de l\u2019aula d\u2019acollida\">Llegeix m\u00e9s\u00bb<\/a><\/p>\n","protected":false},"author":1,"featured_media":10945,"comment_status":"closed","ping_status":"open","sticky":false,"template":"","format":"standard","meta":{"_bbp_topic_count":0,"_bbp_reply_count":0,"_bbp_total_topic_count":0,"_bbp_total_reply_count":0,"_bbp_voice_count":0,"_bbp_anonymous_reply_count":0,"_bbp_topic_count_hidden":0,"_bbp_reply_count_hidden":0,"_bbp_forum_subforum_count":0,"footnotes":""},"categories":[287,1,29],"tags":[556,554,551],"class_list":["post-10944","post","type-post","status-publish","format-standard","has-post-thumbnail","hentry","category-acollida","category-general","category-portada","tag-acollida","tag-aula-dacollida","tag-llengua-oral"],"post_mailing_queue_ids":[],"_links":{"self":[{"href":"https:\/\/projectes.xtec.cat\/acollidasuport\/wp-json\/wp\/v2\/posts\/10944","targetHints":{"allow":["GET"]}}],"collection":[{"href":"https:\/\/projectes.xtec.cat\/acollidasuport\/wp-json\/wp\/v2\/posts"}],"about":[{"href":"https:\/\/projectes.xtec.cat\/acollidasuport\/wp-json\/wp\/v2\/types\/post"}],"author":[{"embeddable":true,"href":"https:\/\/projectes.xtec.cat\/acollidasuport\/wp-json\/wp\/v2\/users\/1"}],"replies":[{"embeddable":true,"href":"https:\/\/projectes.xtec.cat\/acollidasuport\/wp-json\/wp\/v2\/comments?post=10944"}],"version-history":[{"count":5,"href":"https:\/\/projectes.xtec.cat\/acollidasuport\/wp-json\/wp\/v2\/posts\/10944\/revisions"}],"predecessor-version":[{"id":10950,"href":"https:\/\/projectes.xtec.cat\/acollidasuport\/wp-json\/wp\/v2\/posts\/10944\/revisions\/10950"}],"wp:featuredmedia":[{"embeddable":true,"href":"https:\/\/projectes.xtec.cat\/acollidasuport\/wp-json\/wp\/v2\/media\/10945"}],"wp:attachment":[{"href":"https:\/\/projectes.xtec.cat\/acollidasuport\/wp-json\/wp\/v2\/media?parent=10944"}],"wp:term":[{"taxonomy":"category","embeddable":true,"href":"https:\/\/projectes.xtec.cat\/acollidasuport\/wp-json\/wp\/v2\/categories?post=10944"},{"taxonomy":"post_tag","embeddable":true,"href":"https:\/\/projectes.xtec.cat\/acollidasuport\/wp-json\/wp\/v2\/tags?post=10944"}],"curies":[{"name":"wp","href":"https:\/\/api.w.org\/{rel}","templated":true}]}}