{"id":10955,"date":"2026-01-29T11:30:13","date_gmt":"2026-01-29T10:30:13","guid":{"rendered":"https:\/\/projectes.xtec.cat\/acollidasuport\/?p=10955"},"modified":"2026-01-29T11:32:42","modified_gmt":"2026-01-29T10:32:42","slug":"veuveu-el-podcast-de-laula-dacollida-1r-capitol-de-la-2a-temporada","status":"publish","type":"post","link":"https:\/\/projectes.xtec.cat\/acollidasuport\/general\/veuveu-el-podcast-de-laula-dacollida-1r-capitol-de-la-2a-temporada\/","title":{"rendered":"Veu@veu. El p\u00f2dcast de l&#8217;aula d&#8217;acollida &#8211; 1r cap\u00edtol de la 2a temporada"},"content":{"rendered":"<p style=\"text-align: left;\"><img loading=\"lazy\" decoding=\"async\" class=\"size-full wp-image-10956 alignleft\" src=\"https:\/\/projectes.xtec.cat\/acollidasuport\/wp-content\/uploads\/usu2169\/2026\/01\/inici-2a-temporada-veu-a-veu.png\" alt=\"\" width=\"450\" height=\"200\" srcset=\"https:\/\/projectes.xtec.cat\/acollidasuport\/wp-content\/uploads\/usu2169\/2026\/01\/inici-2a-temporada-veu-a-veu.png 450w, https:\/\/projectes.xtec.cat\/acollidasuport\/wp-content\/uploads\/usu2169\/2026\/01\/inici-2a-temporada-veu-a-veu-300x133.png 300w\" sizes=\"auto, (max-width: 450px) 100vw, 450px\" \/>Avui estrenem la 2a temporada del <b><i>Veu@veu El p\u00f2dcast de l\u2019aula d\u2019acollida<\/i><\/b>.<\/p>\n<p>Els i les alumnes de les aules d\u2019acollida dels centres educatius que participen en aquest projecte han enllestit la primera tongada de cap\u00edtols de la 2a temporada del p\u00f2dcast. Aquesta temporada, els vents de garb\u00ed, gregal, mestral, migjorn i xaloc, ens portaran noves seccions, nous centres i noves veus.<\/p>\n<p>Com sempre, l\u2019alumnat compartir\u00e0 amb els oients curiositats ling\u00fc\u00edstiques, an\u00e8cdotes divertides sobre l\u2019aprenentatge de la llengua i recomanacions musicals en les seves lleng\u00fces d\u2019origen.<\/p>\n<p>Podeu seguir el <b>Veu@veu<\/b> a Spotify, en<a href=\"https:\/\/open.spotify.com\/show\/1nqhAaYXW4R7WVTuOLbjqp\" target=\"_blank\" rel=\"noopener\"><strong> aquest enlla\u00e7<\/strong><\/a>.<\/p>\n<p>Tot seguit trobareu l&#8217;enlla\u00e7 directe a cadascun dels cap\u00edtols inicials de la 2a temporada del Veu@veu:<\/p>\n<p><b>#Garb\u00ed \u2013<\/b><a href=\"https:\/\/open.spotify.com\/episode\/4eC6wkC97bZwgROwkLd54e?si=ND0xnDgVRxCBgfjcaBAWfQ\" target=\"_blank\" rel=\"noopener\"> <b>Institut Rocagrossa<\/b><\/a><b> (Lloret de Mar)<\/b><\/p>\n<p><b>#Gregal \u2013<\/b><a href=\"https:\/\/open.spotify.com\/episode\/2hijIUW7vsJEZeEBMSxcoV?si=I2V9adHATUeAzZ9uQxgCsQ\" target=\"_blank\" rel=\"noopener\"> <b>Col\u00b7legi La Salle-Horta<\/b><\/a><b> (Barcelona)<\/b><\/p>\n<p><b>#Mestral \u2013<\/b><a href=\"https:\/\/open.spotify.com\/episode\/53fefOTaHlMx0qbz89ajVN?si=X4AIPUt2R9ynTAYdVmyVDQ\" target=\"_blank\" rel=\"noopener\"> <b>Institut Castellar<\/b><\/a><b> (Castellar del Vall\u00e8s)<\/b><\/p>\n<p><b>#Migjorn \u2013<\/b><a href=\"https:\/\/open.spotify.com\/episode\/3OxihId9Skbumh3ZO9a11z?si=IBuMMJAUTGyDLxQWEYWdIw\" target=\"_blank\" rel=\"noopener\"> <b>Escola Piaget<\/b><\/a><b> (Barcelona)<\/b><\/p>\n<p><b>#Xaloc \u2013<\/b><a href=\"https:\/\/open.spotify.com\/episode\/5wsaE5uKmRg5jMpvu1ZuWv?si=qiJA6XcRSE-o0gtYD1Y8gg\" target=\"_blank\" rel=\"noopener\"> <b>Institut El Pont de Suert<\/b><\/a><b> (El Pont de Suert)<\/b><\/p>\n<p><img loading=\"lazy\" decoding=\"async\" class=\"alignleft wp-image-10505 size-thumbnail\" src=\"https:\/\/projectes.xtec.cat\/acollidasuport\/wp-content\/uploads\/usu2169\/2025\/03\/logo-la-musica-del-veu-a-veu-2-150x150.png\" alt=\"\" width=\"150\" height=\"150\" srcset=\"https:\/\/projectes.xtec.cat\/acollidasuport\/wp-content\/uploads\/usu2169\/2025\/03\/logo-la-musica-del-veu-a-veu-2-150x150.png 150w, https:\/\/projectes.xtec.cat\/acollidasuport\/wp-content\/uploads\/usu2169\/2025\/03\/logo-la-musica-del-veu-a-veu-2-300x300.png 300w, https:\/\/projectes.xtec.cat\/acollidasuport\/wp-content\/uploads\/usu2169\/2025\/03\/logo-la-musica-del-veu-a-veu-2.png 500w\" sizes=\"auto, (max-width: 150px) 100vw, 150px\" \/><\/p>\n<p>&nbsp;<\/p>\n<p>&nbsp;<\/p>\n<p>&nbsp;<\/p>\n<p>&nbsp;<\/p>\n<p>Us animem a seguir-nos i a seguir tamb\u00e9 la llista de reproducci\u00f3 a <b><i>Spotify<\/i><\/b> <a href=\"https:\/\/open.spotify.com\/playlist\/62mwqhTKh8OspNZ6qt6Loq?si=q8-SxFXGRJq5qcZkmqXwkA\" target=\"_blank\" rel=\"noopener\"><b>La m\u00fasica del Veu@veu<\/b><\/a>. En aquesta llista trobareu totes les recomanacions musicals, en les seves lleng\u00fces d\u2019origen, que els i les alumnes de les aules d\u2019acollida han esmentat en els cap\u00edtols del p\u00f2dcast que ja s\u2019han publicat. La llista anir\u00e0 creixent amb les propostes dels seg\u00fcents cap\u00edtols.<\/p>\n","protected":false},"excerpt":{"rendered":"<p>Avui estrenem la 2a temporada del Veu@veu El p\u00f2dcast de l\u2019aula d\u2019acollida.<br \/>\nEls i les alumnes de les aules d\u2019acollida dels centres educatius que participen en aquest projecte han enllestit la primera tongada de cap\u00edtols de la 2a temporada del p\u00f2dcast. Aquesta temporada, els vents de&hellip;  <a href=\"https:\/\/projectes.xtec.cat\/acollidasuport\/general\/veuveu-el-podcast-de-laula-dacollida-1r-capitol-de-la-2a-temporada\/\" title=\"Read Veu@veu. El p\u00f2dcast de l&#8217;aula d&#8217;acollida &#8211; 1r cap\u00edtol de la 2a temporada\">Llegeix m\u00e9s\u00bb<\/a><\/p>\n","protected":false},"author":1,"featured_media":10956,"comment_status":"closed","ping_status":"open","sticky":false,"template":"","format":"standard","meta":{"_bbp_topic_count":0,"_bbp_reply_count":0,"_bbp_total_topic_count":0,"_bbp_total_reply_count":0,"_bbp_voice_count":0,"_bbp_anonymous_reply_count":0,"_bbp_topic_count_hidden":0,"_bbp_reply_count_hidden":0,"_bbp_forum_subforum_count":0,"footnotes":""},"categories":[287,1,29,76],"tags":[556,554,393],"class_list":["post-10955","post","type-post","status-publish","format-standard","has-post-thumbnail","hentry","category-acollida","category-general","category-portada","category-recursos","tag-acollida","tag-aula-dacollida","tag-oralitat"],"post_mailing_queue_ids":[],"_links":{"self":[{"href":"https:\/\/projectes.xtec.cat\/acollidasuport\/wp-json\/wp\/v2\/posts\/10955","targetHints":{"allow":["GET"]}}],"collection":[{"href":"https:\/\/projectes.xtec.cat\/acollidasuport\/wp-json\/wp\/v2\/posts"}],"about":[{"href":"https:\/\/projectes.xtec.cat\/acollidasuport\/wp-json\/wp\/v2\/types\/post"}],"author":[{"embeddable":true,"href":"https:\/\/projectes.xtec.cat\/acollidasuport\/wp-json\/wp\/v2\/users\/1"}],"replies":[{"embeddable":true,"href":"https:\/\/projectes.xtec.cat\/acollidasuport\/wp-json\/wp\/v2\/comments?post=10955"}],"version-history":[{"count":3,"href":"https:\/\/projectes.xtec.cat\/acollidasuport\/wp-json\/wp\/v2\/posts\/10955\/revisions"}],"predecessor-version":[{"id":10959,"href":"https:\/\/projectes.xtec.cat\/acollidasuport\/wp-json\/wp\/v2\/posts\/10955\/revisions\/10959"}],"wp:featuredmedia":[{"embeddable":true,"href":"https:\/\/projectes.xtec.cat\/acollidasuport\/wp-json\/wp\/v2\/media\/10956"}],"wp:attachment":[{"href":"https:\/\/projectes.xtec.cat\/acollidasuport\/wp-json\/wp\/v2\/media?parent=10955"}],"wp:term":[{"taxonomy":"category","embeddable":true,"href":"https:\/\/projectes.xtec.cat\/acollidasuport\/wp-json\/wp\/v2\/categories?post=10955"},{"taxonomy":"post_tag","embeddable":true,"href":"https:\/\/projectes.xtec.cat\/acollidasuport\/wp-json\/wp\/v2\/tags?post=10955"}],"curies":[{"name":"wp","href":"https:\/\/api.w.org\/{rel}","templated":true}]}}