{"id":10979,"date":"2026-02-12T10:05:04","date_gmt":"2026-02-12T09:05:04","guid":{"rendered":"https:\/\/projectes.xtec.cat\/acollidasuport\/?p=10979"},"modified":"2026-02-12T10:12:11","modified_gmt":"2026-02-12T09:12:11","slug":"veuveu-el-podcast-de-laula-dacollida-2n-capitol-de-la-2a-temporada","status":"publish","type":"post","link":"https:\/\/projectes.xtec.cat\/acollidasuport\/general\/veuveu-el-podcast-de-laula-dacollida-2n-capitol-de-la-2a-temporada\/","title":{"rendered":"Veu@veu. El p\u00f2dcast de l&#8217;aula d&#8217;acollida &#8211; 2n cap\u00edtol de la 2a temporada."},"content":{"rendered":"<p><img loading=\"lazy\" decoding=\"async\" class=\"size-full wp-image-10980 alignleft\" src=\"https:\/\/projectes.xtec.cat\/acollidasuport\/wp-content\/uploads\/usu2169\/2026\/02\/2n-capitol-T2-Veu-a-veu.png\" alt=\"\" width=\"450\" height=\"200\" srcset=\"https:\/\/projectes.xtec.cat\/acollidasuport\/wp-content\/uploads\/usu2169\/2026\/02\/2n-capitol-T2-Veu-a-veu.png 450w, https:\/\/projectes.xtec.cat\/acollidasuport\/wp-content\/uploads\/usu2169\/2026\/02\/2n-capitol-T2-Veu-a-veu-300x133.png 300w\" sizes=\"auto, (max-width: 450px) 100vw, 450px\" \/><\/p>\n<p>Ja teniu disponible a la plataforma Spotify el 2n cap\u00edtol de la 2a temporada del <a href=\"https:\/\/open.spotify.com\/show\/1nqhAaYXW4R7WVTuOLbjqp?si=dd9f98f7ab1146bd\" target=\"_blank\" rel=\"noopener\"><strong>Veu@veu, el p\u00f2dcast de l&#8217;aula d&#8217;acollida<\/strong><\/a>.<\/p>\n<p>El <strong><em>Veu@veu<\/em><\/strong> \u00e9s un p\u00f2dcast col\u00b7laboratiu quinzenal enregistrat a les aules d\u2019acollida dels centres educatius de Catalunya que participen en el projecte. L\u2019alumnat treballa el gui\u00f3 del programa, el prepara i l\u2019enregistra a l\u2019aula, tot aportant les seves experi\u00e8ncies i an\u00e8cdotes en relaci\u00f3 amb l\u2019aprenentatge de la llengua catalana. El programa inclou una secci\u00f3 de recomanacions musicals en les lleng\u00fces d&#8217;origen dels i les alumnes. La m\u00fasica que l&#8217;alumnat proposa nodreix la llista de reproducci\u00f3 a Spotify <strong><a href=\"https:\/\/open.spotify.com\/playlist\/62mwqhTKh8OspNZ6qt6Loq?si=3Z8cdctbRoakhlRVFoS6Yg\" target=\"_blank\" rel=\"noopener\">La m\u00fasica del Veu a veu<\/a><span class=\"\">, <\/span><\/strong><span class=\"\">que ja inclou una quarantena de can\u00e7ons en diverses lleng\u00fces i de g\u00e8neres musicals molt variats.<\/span><\/p>\n<p>&nbsp;<\/p>\n<p>Tot seguit trobareu l&#8217;enlla\u00e7 directe a cadascun dels cap\u00edtols d&#8217;aquesta nova tongada del Veu@veu:<\/p>\n<p>#Garb\u00ed &#8211; <a href=\"https:\/\/open.spotify.com\/episode\/5P5y6lKUFs1LvQsx2ZwUlP?si=dyHRgDf6T2ydI8kVx8PR3Q\" target=\"_blank\" rel=\"noopener\"><strong>Escola Pinyana<\/strong><\/a> (Alfarr\u00e0s)<\/p>\n<p>#Gregal &#8211; <a href=\"https:\/\/open.spotify.com\/episode\/10WALGbe6gAaNcrUgAKAJv?si=pr4Nw7-_TIeBrNbGWjpGEg\" target=\"_blank\" rel=\"noopener\"><strong>Institut Castell d&#8217;Estela<\/strong><\/a> (Amer)<\/p>\n<p>#Mestral &#8211; <a href=\"https:\/\/open.spotify.com\/episode\/6S5K2KEklKd3lYKlIho3AJ?si=pZ1uGax8R6q-EY1cIL1AbQ\" target=\"_blank\" rel=\"noopener\"><strong>Escola Antoni Roig<\/strong><\/a> (Torredembarra)<\/p>\n<p>#Migjorn &#8211; <a href=\"https:\/\/open.spotify.com\/episode\/2R7MMBnXzld6njxMoApLO5?si=STlOPr9VQKC3k23oPikxTg\" target=\"_blank\" rel=\"noopener\"><strong>Institut Ronda<\/strong><\/a> (Lleida)<\/p>\n<p>#Xaloc &#8211; <a href=\"https:\/\/open.spotify.com\/episode\/2JWmQclw7fB8n88MOI3aqy?si=knhL_Jm9SCCtOOWSE8LSTA\" target=\"_blank\" rel=\"noopener\"><strong>Escola Sant Jordi<\/strong> <\/a>(Montmel\u00f3)<\/p>\n<p>&nbsp;<\/p>\n<p><iframe loading=\"lazy\" style=\"border-radius: 12px;\" src=\"https:\/\/open.spotify.com\/embed\/show\/1nqhAaYXW4R7WVTuOLbjqp?utm_source=generator&amp;theme=0\" width=\"100%\" height=\"352\" frameborder=\"0\" allowfullscreen=\"allowfullscreen\" data-testid=\"embed-iframe\"><\/iframe><\/p>\n<p>Us animem a seguir-nos i a seguir tamb\u00e9 la llista de reproducci\u00f3 a <b><i>Spotify<\/i><\/b> <a href=\"https:\/\/open.spotify.com\/playlist\/62mwqhTKh8OspNZ6qt6Loq?si=q8-SxFXGRJq5qcZkmqXwkA\" target=\"_blank\" rel=\"noopener\"><b>La m\u00fasica del Veu@veu<\/b><\/a>. En aquesta llista trobareu totes les recomanacions musicals, en les seves lleng\u00fces d\u2019origen, que els i les alumnes de les aules d\u2019acollida han esmentat en els cap\u00edtols del p\u00f2dcast que ja s\u2019han publicat.<\/p>\n<p><iframe loading=\"lazy\" style=\"border-radius: 12px;\" src=\"https:\/\/open.spotify.com\/embed\/playlist\/62mwqhTKh8OspNZ6qt6Loq?utm_source=generator\" width=\"100%\" height=\"352\" frameborder=\"0\" allowfullscreen=\"allowfullscreen\" data-testid=\"embed-iframe\"><\/iframe><\/p>\n","protected":false},"excerpt":{"rendered":"<p>Ja teniu disponible a la plataforma Spotify el 2n cap\u00edtol de la 2a temporada del Veu@veu, el p\u00f2dcast de l&#8217;aula d&#8217;acollida.&hellip;  <a href=\"https:\/\/projectes.xtec.cat\/acollidasuport\/general\/veuveu-el-podcast-de-laula-dacollida-2n-capitol-de-la-2a-temporada\/\" title=\"Read Veu@veu. El p\u00f2dcast de l&#8217;aula d&#8217;acollida &#8211; 2n cap\u00edtol de la 2a temporada.\">Llegeix m\u00e9s\u00bb<\/a><\/p>\n","protected":false},"author":1,"featured_media":10980,"comment_status":"closed","ping_status":"open","sticky":false,"template":"","format":"standard","meta":{"_bbp_topic_count":0,"_bbp_reply_count":0,"_bbp_total_topic_count":0,"_bbp_total_reply_count":0,"_bbp_voice_count":0,"_bbp_anonymous_reply_count":0,"_bbp_topic_count_hidden":0,"_bbp_reply_count_hidden":0,"_bbp_forum_subforum_count":0,"footnotes":""},"categories":[1,29],"tags":[556,551,579],"class_list":["post-10979","post","type-post","status-publish","format-standard","has-post-thumbnail","hentry","category-general","category-portada","tag-acollida","tag-llengua-oral","tag-podcast"],"post_mailing_queue_ids":[],"_links":{"self":[{"href":"https:\/\/projectes.xtec.cat\/acollidasuport\/wp-json\/wp\/v2\/posts\/10979","targetHints":{"allow":["GET"]}}],"collection":[{"href":"https:\/\/projectes.xtec.cat\/acollidasuport\/wp-json\/wp\/v2\/posts"}],"about":[{"href":"https:\/\/projectes.xtec.cat\/acollidasuport\/wp-json\/wp\/v2\/types\/post"}],"author":[{"embeddable":true,"href":"https:\/\/projectes.xtec.cat\/acollidasuport\/wp-json\/wp\/v2\/users\/1"}],"replies":[{"embeddable":true,"href":"https:\/\/projectes.xtec.cat\/acollidasuport\/wp-json\/wp\/v2\/comments?post=10979"}],"version-history":[{"count":4,"href":"https:\/\/projectes.xtec.cat\/acollidasuport\/wp-json\/wp\/v2\/posts\/10979\/revisions"}],"predecessor-version":[{"id":10987,"href":"https:\/\/projectes.xtec.cat\/acollidasuport\/wp-json\/wp\/v2\/posts\/10979\/revisions\/10987"}],"wp:featuredmedia":[{"embeddable":true,"href":"https:\/\/projectes.xtec.cat\/acollidasuport\/wp-json\/wp\/v2\/media\/10980"}],"wp:attachment":[{"href":"https:\/\/projectes.xtec.cat\/acollidasuport\/wp-json\/wp\/v2\/media?parent=10979"}],"wp:term":[{"taxonomy":"category","embeddable":true,"href":"https:\/\/projectes.xtec.cat\/acollidasuport\/wp-json\/wp\/v2\/categories?post=10979"},{"taxonomy":"post_tag","embeddable":true,"href":"https:\/\/projectes.xtec.cat\/acollidasuport\/wp-json\/wp\/v2\/tags?post=10979"}],"curies":[{"name":"wp","href":"https:\/\/api.w.org\/{rel}","templated":true}]}}