{"id":11056,"date":"2026-04-21T12:46:21","date_gmt":"2026-04-21T10:46:21","guid":{"rendered":"https:\/\/projectes.xtec.cat\/acollidasuport\/?p=11056"},"modified":"2026-04-21T12:47:00","modified_gmt":"2026-04-21T10:47:00","slug":"quan-sigui-gran-vull-ser-el-jordi-una-proposta-didactica-per-treballar-a-laula-dacollida","status":"publish","type":"post","link":"https:\/\/projectes.xtec.cat\/acollidasuport\/general\/quan-sigui-gran-vull-ser-el-jordi-una-proposta-didactica-per-treballar-a-laula-dacollida\/","title":{"rendered":"Quan sigui gran vull ser\u2026 el Jordi! Una proposta did\u00e0ctica per treballar a l\u2019aula d\u2019acollida"},"content":{"rendered":"<p><img loading=\"lazy\" decoding=\"async\" class=\"size-full wp-image-11058 alignleft\" src=\"https:\/\/projectes.xtec.cat\/acollidasuport\/wp-content\/uploads\/usu2169\/2026\/04\/Vull-ser-el-Jordi.png\" alt=\"\" width=\"450\" height=\"200\" srcset=\"https:\/\/projectes.xtec.cat\/acollidasuport\/wp-content\/uploads\/usu2169\/2026\/04\/Vull-ser-el-Jordi.png 450w, https:\/\/projectes.xtec.cat\/acollidasuport\/wp-content\/uploads\/usu2169\/2026\/04\/Vull-ser-el-Jordi-300x133.png 300w\" sizes=\"auto, (max-width: 450px) 100vw, 450px\" \/>La celebraci\u00f3 de Diada de Sant Jordi \u00e9s una oportunitat privilegiada per treballar llengua i cultura amb l\u2019alumnat d\u2019aula d\u2019acollida, ja que permet connectar l\u2019aprenentatge de la llengua amb una tradici\u00f3 cultural arrelada i compartida. En aquest context, presentem una proposta did\u00e0ctica basada en el conte audiovisual\u00a0<strong><a href=\"https:\/\/www.3cat.cat\/tv3\/sx3\/quan-sigui-gran-vull-ser-el-jordi\/video\/4146710\/\"><em>Quan sigui gran vull ser\u2026 el Jordi! <\/em><\/a><\/strong>del programa <strong><a href=\"https:\/\/www.3cat.cat\/tv3\/sx3\/una-ma-de-contes\/\">Una m\u00e0 de contes<\/a><\/strong>, de l\u2019<strong><a href=\"https:\/\/www.3cat.cat\/tv3\/sx3\">SX3<\/a><\/strong>, que combina llenguatge visual i narratiu.<\/p>\n<p>La proposta se centra en dos eixos: el nom de pila, com a element d\u2019identitat, i els oficis, com a projecci\u00f3 de futur. A trav\u00e9s del conte, es genera un espai per parlar sobre l\u2019origen i el significat dels noms, i, al mateix temps, s\u2019introdueix vocabulari b\u00e0sic relacionat amb professions. La guia did\u00e0ctica que acompanya aquesta proposta combina adquisici\u00f3 de vocabulari, i activitats de comprensi\u00f3, d\u2019expressi\u00f3 i d\u2019interacci\u00f3.<\/p>\n<p>Us convidem a visualitzar el conte a l\u2019aula, i a treballar-lo amb el vostre alumnat!<\/p>\n<p><a href=\"https:\/\/projectes.xtec.cat\/acollidasuport\/wp-content\/uploads\/usu2169\/2026\/04\/Guia-didactica-Quan-jo-sigui-gran-vull-ser.-el-Jordi.pdf\"><img loading=\"lazy\" decoding=\"async\" class=\"aligncenter size-thumbnail wp-image-11060\" src=\"https:\/\/projectes.xtec.cat\/acollidasuport\/wp-content\/uploads\/usu2169\/2026\/04\/pdf-1-150x150.png\" alt=\"\" width=\"150\" height=\"150\" srcset=\"https:\/\/projectes.xtec.cat\/acollidasuport\/wp-content\/uploads\/usu2169\/2026\/04\/pdf-1-150x150.png 150w, https:\/\/projectes.xtec.cat\/acollidasuport\/wp-content\/uploads\/usu2169\/2026\/04\/pdf-1-300x300.png 300w, https:\/\/projectes.xtec.cat\/acollidasuport\/wp-content\/uploads\/usu2169\/2026\/04\/pdf-1.png 500w\" sizes=\"auto, (max-width: 150px) 100vw, 150px\" \/><\/a><\/p>\n","protected":false},"excerpt":{"rendered":"<p>La celebraci\u00f3 de Diada de Sant Jordi \u00e9s una oportunitat privilegiada per treballar llengua i cultura amb l\u2019alumnat d\u2019aula d\u2019acollida, ja que permet connectar l\u2019aprenentatge de la llengua amb una tradici\u00f3 cultural arrelada i compartida. En aquest context, presentem una proposta did\u00e0ctica basada en el&hellip;  <a href=\"https:\/\/projectes.xtec.cat\/acollidasuport\/general\/quan-sigui-gran-vull-ser-el-jordi-una-proposta-didactica-per-treballar-a-laula-dacollida\/\" title=\"Read Quan sigui gran vull ser\u2026 el Jordi! Una proposta did\u00e0ctica per treballar a l\u2019aula d\u2019acollida\">Llegeix m\u00e9s\u00bb<\/a><\/p>\n","protected":false},"author":1,"featured_media":11058,"comment_status":"closed","ping_status":"closed","sticky":false,"template":"","format":"standard","meta":{"_bbp_topic_count":0,"_bbp_reply_count":0,"_bbp_total_topic_count":0,"_bbp_total_reply_count":0,"_bbp_voice_count":0,"_bbp_anonymous_reply_count":0,"_bbp_topic_count_hidden":0,"_bbp_reply_count_hidden":0,"_bbp_forum_subforum_count":0,"footnotes":""},"categories":[1,29,76],"tags":[573],"class_list":["post-11056","post","type-post","status-publish","format-standard","has-post-thumbnail","hentry","category-general","category-portada","category-recursos","tag-sant-jordi"],"post_mailing_queue_ids":[],"_links":{"self":[{"href":"https:\/\/projectes.xtec.cat\/acollidasuport\/wp-json\/wp\/v2\/posts\/11056","targetHints":{"allow":["GET"]}}],"collection":[{"href":"https:\/\/projectes.xtec.cat\/acollidasuport\/wp-json\/wp\/v2\/posts"}],"about":[{"href":"https:\/\/projectes.xtec.cat\/acollidasuport\/wp-json\/wp\/v2\/types\/post"}],"author":[{"embeddable":true,"href":"https:\/\/projectes.xtec.cat\/acollidasuport\/wp-json\/wp\/v2\/users\/1"}],"replies":[{"embeddable":true,"href":"https:\/\/projectes.xtec.cat\/acollidasuport\/wp-json\/wp\/v2\/comments?post=11056"}],"version-history":[{"count":5,"href":"https:\/\/projectes.xtec.cat\/acollidasuport\/wp-json\/wp\/v2\/posts\/11056\/revisions"}],"predecessor-version":[{"id":11064,"href":"https:\/\/projectes.xtec.cat\/acollidasuport\/wp-json\/wp\/v2\/posts\/11056\/revisions\/11064"}],"wp:featuredmedia":[{"embeddable":true,"href":"https:\/\/projectes.xtec.cat\/acollidasuport\/wp-json\/wp\/v2\/media\/11058"}],"wp:attachment":[{"href":"https:\/\/projectes.xtec.cat\/acollidasuport\/wp-json\/wp\/v2\/media?parent=11056"}],"wp:term":[{"taxonomy":"category","embeddable":true,"href":"https:\/\/projectes.xtec.cat\/acollidasuport\/wp-json\/wp\/v2\/categories?post=11056"},{"taxonomy":"post_tag","embeddable":true,"href":"https:\/\/projectes.xtec.cat\/acollidasuport\/wp-json\/wp\/v2\/tags?post=11056"}],"curies":[{"name":"wp","href":"https:\/\/api.w.org\/{rel}","templated":true}]}}