{"id":11065,"date":"2026-04-30T09:01:27","date_gmt":"2026-04-30T07:01:27","guid":{"rendered":"https:\/\/projectes.xtec.cat\/acollidasuport\/?p=11065"},"modified":"2026-04-30T09:49:46","modified_gmt":"2026-04-30T07:49:46","slug":"veuveu-el-podcast-de-laula-dacollida-2a-temporada-capitol-7","status":"publish","type":"post","link":"https:\/\/projectes.xtec.cat\/acollidasuport\/general\/veuveu-el-podcast-de-laula-dacollida-2a-temporada-capitol-7\/","title":{"rendered":"Veu@veu, el p\u00f2dcast de l&#8217;aula d&#8217;acollida &#8211; 2a temporada, cap\u00edtol 7"},"content":{"rendered":"<p style=\"text-align: left;\"><img loading=\"lazy\" decoding=\"async\" class=\"alignleft wp-image-11066 size-full\" src=\"https:\/\/projectes.xtec.cat\/acollidasuport\/wp-content\/uploads\/usu2169\/2026\/04\/banners-Nodes2.jpg\" alt=\"\" width=\"450\" height=\"200\" srcset=\"https:\/\/projectes.xtec.cat\/acollidasuport\/wp-content\/uploads\/usu2169\/2026\/04\/banners-Nodes2.jpg 450w, https:\/\/projectes.xtec.cat\/acollidasuport\/wp-content\/uploads\/usu2169\/2026\/04\/banners-Nodes2-300x133.jpg 300w\" sizes=\"auto, (max-width: 450px) 100vw, 450px\" \/>L&#8217;alumnat de les aules d\u2019acollida dels centres educatius que participen en el <strong>Veu@veu<\/strong> ha enllestit els cap\u00edtols de la 7a cadena de la 2a temporada del p\u00f2dcast.<\/p>\n<p>Com sempre, l\u2019alumnat compartir\u00e0 amb els oients curiositats ling\u00fc\u00edstiques, consells i an\u00e8cdotes divertides sobre l\u2019aprenentatge de la llengua i recomanacions musicals en les seves lleng\u00fces d\u2019origen.<\/p>\n<p>Podeu seguir el <b>Veu@veu, el p\u00f2dcast de l\u2019aula d\u2019acollida<\/b>, a Spotify, en<a href=\"https:\/\/open.spotify.com\/show\/1nqhAaYXW4R7WVTuOLbjqp\" target=\"_blank\" rel=\"noopener\"><strong> aquest enlla\u00e7<\/strong><\/a>.<\/p>\n<p>&nbsp;<\/p>\n<p>Tot seguit trobareu l\u2019enlla\u00e7 directe a cadascun dels cap\u00edtols:<\/p>\n<p><b>#Garb\u00ed \u2013<\/b> <a href=\"https:\/\/open.spotify.com\/episode\/2qQ3MoApYj78535BYEHcIU?si=Ekdsa3lVQlCNqG4DQD4VKA\" target=\"_blank\" rel=\"noopener\"><b>Institut Constant\u00ed<\/b><\/a><b> (Constant\u00ed)<\/b><\/p>\n<p><b>#Gregal \u2013<\/b> <a href=\"https:\/\/open.spotify.com\/episode\/1mJeLuvDSlMMRsDxZTczIO?si=2XZd9ZJqRJa3cSq_GwCueA\" target=\"_blank\" rel=\"noopener\"><b>Escola FEDAC-Lleida<\/b><\/a><b> (Lleida)<\/b><\/p>\n<p><b>#Mestral \u2013<\/b> <a href=\"https:\/\/open.spotify.com\/episode\/5oMavOc5y2SHlao7oTudhT?si=LhUUKMrvSnGqnWnpycduiA\" target=\"_blank\" rel=\"noopener\"><b>Institut Carles Vallbona<\/b><\/a><b> (Granollers)<\/b><\/p>\n<p><b>#Migjorn \u2013<\/b> <a href=\"https:\/\/open.spotify.com\/episode\/0satGcXvEAaIXybNyX9Tks?si=K0Zgbx0ESceTmlm7lBCHbw\" target=\"_blank\" rel=\"noopener\"><b>Institut Josep Pla<\/b><\/a><b> (Barcelona)<\/b><\/p>\n<p><b>#Xaloc \u2013<\/b> <a href=\"https:\/\/open.spotify.com\/episode\/0wCZflv1VDeUcHPYM9mvNC?si=W6IGwbYyRT26nbMcoRB4EQ\" target=\"_blank\" rel=\"noopener\"><b>Institut Eugeni d&#8217;Ors<\/b><\/a><b> (Vilafranca del Pened\u00e8s)<\/b><\/p>\n<p>&nbsp;<\/p>\n<p>El <strong><em>Veu@veu<\/em><\/strong> \u00e9s un p\u00f2dcast col\u00b7laboratiu quinzenal enregistrat a les aules d\u2019acollida dels centres educatius de Catalunya que participen en el projecte. L\u2019alumnat treballa el gui\u00f3 del programa, el prepara i l\u2019enregistra a l\u2019aula, tot aportant les seves experi\u00e8ncies i an\u00e8cdotes en relaci\u00f3 amb l\u2019aprenentatge de la llengua catalana.<\/p>\n<p><iframe loading=\"lazy\" style=\"border-radius: 12px;\" src=\"https:\/\/open.spotify.com\/embed\/show\/1nqhAaYXW4R7WVTuOLbjqp?utm_source=generator&amp;theme=0\" width=\"100%\" height=\"352\" frameborder=\"0\" allowfullscreen=\"allowfullscreen\" data-testid=\"embed-iframe\"><\/iframe><\/p>\n<p>&nbsp;<\/p>\n<p>El programa inclou una secci\u00f3 de recomanacions musicals en les lleng\u00fces d\u2019origen dels i les alumnes. La m\u00fasica que l\u2019alumnat proposa nodreix la llista de reproducci\u00f3 a Spotify <strong><a href=\"https:\/\/open.spotify.com\/playlist\/62mwqhTKh8OspNZ6qt6Loq?si=3Z8cdctbRoakhlRVFoS6Yg\" target=\"_blank\" rel=\"noopener\">La m\u00fasica del Veu a veu<\/a><span class=\"\">, <\/span><\/strong><span class=\"\">que ja inclou una cinquantena de can\u00e7ons en diverses lleng\u00fces i de g\u00e8neres musicals molt variats.<\/span><\/p>\n<p><iframe loading=\"lazy\" style=\"border-radius: 12px;\" src=\"https:\/\/open.spotify.com\/embed\/playlist\/62mwqhTKh8OspNZ6qt6Loq?utm_source=generator\" width=\"100%\" height=\"352\" frameborder=\"0\" allowfullscreen=\"allowfullscreen\" data-testid=\"embed-iframe\"><\/iframe><\/p>\n","protected":false},"excerpt":{"rendered":"<p>L&#8217;alumnat de les aules d\u2019acollida dels centres educatius que participen en el Veu@veu ha enllestit els cap\u00edtols de la 7a cadena de la 2a temporada del p\u00f2dcast.<\/p>\n<p>Com sempre, l\u2019alumnat compartir\u00e0 amb els oients curiositats ling\u00fc\u00edstiques, consells i an\u00e8cdotes divertides sobre l\u2019aprenentatge de la llengua i recomanacions musicals en les seves lleng\u00fces d\u2019origen.<\/p>\n<p>Podeu seguir el Veu@veu, el p\u00f2dcast de l\u2019aula d\u2019acollida, a Spotify, en aquest enlla\u00e7.&hellip;  <a href=\"https:\/\/projectes.xtec.cat\/acollidasuport\/general\/veuveu-el-podcast-de-laula-dacollida-2a-temporada-capitol-7\/\" title=\"Read Veu@veu, el p\u00f2dcast de l&#8217;aula d&#8217;acollida &#8211; 2a temporada, cap\u00edtol 7\">Llegeix m\u00e9s\u00bb<\/a><\/p>\n","protected":false},"author":1,"featured_media":11066,"comment_status":"closed","ping_status":"open","sticky":false,"template":"","format":"standard","meta":{"_bbp_topic_count":0,"_bbp_reply_count":0,"_bbp_total_topic_count":0,"_bbp_total_reply_count":0,"_bbp_voice_count":0,"_bbp_anonymous_reply_count":0,"_bbp_topic_count_hidden":0,"_bbp_reply_count_hidden":0,"_bbp_forum_subforum_count":0,"footnotes":""},"categories":[287,1,29,76],"tags":[551,579],"class_list":["post-11065","post","type-post","status-publish","format-standard","has-post-thumbnail","hentry","category-acollida","category-general","category-portada","category-recursos","tag-llengua-oral","tag-podcast"],"post_mailing_queue_ids":[],"_links":{"self":[{"href":"https:\/\/projectes.xtec.cat\/acollidasuport\/wp-json\/wp\/v2\/posts\/11065","targetHints":{"allow":["GET"]}}],"collection":[{"href":"https:\/\/projectes.xtec.cat\/acollidasuport\/wp-json\/wp\/v2\/posts"}],"about":[{"href":"https:\/\/projectes.xtec.cat\/acollidasuport\/wp-json\/wp\/v2\/types\/post"}],"author":[{"embeddable":true,"href":"https:\/\/projectes.xtec.cat\/acollidasuport\/wp-json\/wp\/v2\/users\/1"}],"replies":[{"embeddable":true,"href":"https:\/\/projectes.xtec.cat\/acollidasuport\/wp-json\/wp\/v2\/comments?post=11065"}],"version-history":[{"count":3,"href":"https:\/\/projectes.xtec.cat\/acollidasuport\/wp-json\/wp\/v2\/posts\/11065\/revisions"}],"predecessor-version":[{"id":11077,"href":"https:\/\/projectes.xtec.cat\/acollidasuport\/wp-json\/wp\/v2\/posts\/11065\/revisions\/11077"}],"wp:featuredmedia":[{"embeddable":true,"href":"https:\/\/projectes.xtec.cat\/acollidasuport\/wp-json\/wp\/v2\/media\/11066"}],"wp:attachment":[{"href":"https:\/\/projectes.xtec.cat\/acollidasuport\/wp-json\/wp\/v2\/media?parent=11065"}],"wp:term":[{"taxonomy":"category","embeddable":true,"href":"https:\/\/projectes.xtec.cat\/acollidasuport\/wp-json\/wp\/v2\/categories?post=11065"},{"taxonomy":"post_tag","embeddable":true,"href":"https:\/\/projectes.xtec.cat\/acollidasuport\/wp-json\/wp\/v2\/tags?post=11065"}],"curies":[{"name":"wp","href":"https:\/\/api.w.org\/{rel}","templated":true}]}}