{"id":11069,"date":"2026-04-30T10:54:55","date_gmt":"2026-04-30T08:54:55","guid":{"rendered":"https:\/\/projectes.xtec.cat\/acollidasuport\/?p=11069"},"modified":"2026-04-30T10:54:55","modified_gmt":"2026-04-30T08:54:55","slug":"el-veuveu-a-linfok","status":"publish","type":"post","link":"https:\/\/projectes.xtec.cat\/acollidasuport\/general\/el-veuveu-a-linfok\/","title":{"rendered":"El Veu@veu a l&#8217;InfoK"},"content":{"rendered":"<p><a href=\"https:\/\/www.3cat.cat\/tv3\/sx3\/un-podcast-a-laula-dacollida\/video\/6401233\/\" target=\"_blank\" rel=\"noopener\"><img loading=\"lazy\" decoding=\"async\" class=\"alignleft wp-image-11071 size-medium\" src=\"https:\/\/projectes.xtec.cat\/acollidasuport\/wp-content\/uploads\/usu2169\/2026\/04\/veu-a-veu-a-linfoK-300x179.jpg\" alt=\"\" width=\"300\" height=\"179\" srcset=\"https:\/\/projectes.xtec.cat\/acollidasuport\/wp-content\/uploads\/usu2169\/2026\/04\/veu-a-veu-a-linfoK-300x179.jpg 300w, https:\/\/projectes.xtec.cat\/acollidasuport\/wp-content\/uploads\/usu2169\/2026\/04\/veu-a-veu-a-linfoK-1024x611.jpg 1024w, https:\/\/projectes.xtec.cat\/acollidasuport\/wp-content\/uploads\/usu2169\/2026\/04\/veu-a-veu-a-linfoK-768x459.jpg 768w, https:\/\/projectes.xtec.cat\/acollidasuport\/wp-content\/uploads\/usu2169\/2026\/04\/veu-a-veu-a-linfoK.jpg 1529w\" sizes=\"auto, (max-width: 300px) 100vw, 300px\" \/><\/a>Abans-d&#8217;ahir, l&#8217;especial &#8220;Mou la llengua&#8221; de l&#8217;InfoK -que posava el focus en els neoparlants m\u00e9s joves i s&#8217;afegia a la celebraci\u00f3 de la Setmana de la Llengua de 3Cat- inclo\u00efa un <a href=\"https:\/\/www.3cat.cat\/tv3\/sx3\/un-podcast-a-laula-dacollida\/video\/6401233\/\" target=\"_blank\" rel=\"noopener\"><strong>reportatge sobre el nostre projecte <em>Veu@veu, el p\u00f2dcast de l&#8217;aula d&#8217;acollida<\/em><\/strong>.<\/a> El Veu@veu, que s&#8217;ha consolidat aquest curs amb una cinquantena de centres que hi participen en la 2a temporada, \u00e9s un p\u00f2dcast col\u00b7laboratiu quinzenal en qu\u00e8 els i les alumnes de les aules d\u2019acollida que en formen part treballen el gui\u00f3 del programa, el preparen i l\u2019enregistren a l\u2019aula, tot aportant les seves experi\u00e8ncies i an\u00e8cdotes en relaci\u00f3 amb l\u2019aprenentatge de la llengua catalana.<\/p>\n<p>&nbsp;<\/p>\n<p>En el reportatge de l&#8217;InkoK apareixen imatges de l&#8217;alumnat de l&#8217;aula d&#8217;acollida de l&#8217;escola Frederic Mistral, de l&#8217;Hospitalet de Llobregat, durant l&#8217;enregistrament del seu cap\u00edtol del Veu@veu. El reportatge es va enregistrar fa unes setmanes i l&#8217;alumnat en va gaudir d&#8217;all\u00f2 m\u00e9s. Que vingui la tele a l&#8217;escola sempre \u00e9s una experi\u00e8ncia engrescadora!<\/p>\n<p>Podeu veure el reportatge sobre el Veu@veu en <a href=\"https:\/\/www.3cat.cat\/tv3\/sx3\/un-podcast-a-laula-dacollida\/video\/6401233\/\" target=\"_blank\" rel=\"noopener\"><strong>aquest enlla\u00e7<\/strong><\/a> i el cap\u00edtol complet en <a href=\"https:\/\/www.3cat.cat\/tv3\/sx3\/moure-la-llengua\/video\/6401256\/\" target=\"_blank\" rel=\"noopener\"><strong>aquest altre<\/strong><\/a>.<\/p>\n<p>Trobareu tots els cap\u00edtols de la 1a i la 2a temporada del Veu@veu a Spotify.<\/p>\n<p><iframe loading=\"lazy\" style=\"border-radius: 12px;\" src=\"https:\/\/open.spotify.com\/embed\/show\/1nqhAaYXW4R7WVTuOLbjqp?utm_source=generator&amp;theme=0\" width=\"100%\" height=\"352\" frameborder=\"0\" allowfullscreen=\"allowfullscreen\" data-testid=\"embed-iframe\"><\/iframe><\/p>\n","protected":false},"excerpt":{"rendered":"<p>Abans-d&#8217;ahir, l&#8217;especial &#8220;Mou la llengua&#8221; de l&#8217;InfoK -que posava el focus en els neoparlants m\u00e9s joves i s&#8217;afegia a la celebraci\u00f3 de la Setmana de la Llengua de 3Cat- inclo\u00efa un reportatge sobre el nostre projecte Veu@veu, el p\u00f2dcast de l&#8217;aula d&#8217;acollida. El Veu@veu, que s&#8217;ha consolidat aquest curs amb una cinquantena de centres que hi participen en la 2a temporada, \u00e9s un p\u00f2dcast col\u00b7laboratiu quinzenal en qu\u00e8 els i les alumnes de les aules d\u2019acollida que en formen part treballen el gui\u00f3 del programa, el preparen i l\u2019enregistren a l\u2019aula, tot aportant les seves experi\u00e8ncies i an\u00e8cdotes en relaci\u00f3 amb l\u2019aprenentatge de la llengua catalana.&hellip;  <a href=\"https:\/\/projectes.xtec.cat\/acollidasuport\/general\/el-veuveu-a-linfok\/\" title=\"Read El Veu@veu a l&#8217;InfoK\">Llegeix m\u00e9s\u00bb<\/a><\/p>\n","protected":false},"author":1,"featured_media":11071,"comment_status":"closed","ping_status":"open","sticky":false,"template":"","format":"standard","meta":{"_bbp_topic_count":0,"_bbp_reply_count":0,"_bbp_total_topic_count":0,"_bbp_total_reply_count":0,"_bbp_voice_count":0,"_bbp_anonymous_reply_count":0,"_bbp_topic_count_hidden":0,"_bbp_reply_count_hidden":0,"_bbp_forum_subforum_count":0,"footnotes":""},"categories":[287,1,29],"tags":[551,579],"class_list":["post-11069","post","type-post","status-publish","format-standard","has-post-thumbnail","hentry","category-acollida","category-general","category-portada","tag-llengua-oral","tag-podcast"],"post_mailing_queue_ids":[],"_links":{"self":[{"href":"https:\/\/projectes.xtec.cat\/acollidasuport\/wp-json\/wp\/v2\/posts\/11069","targetHints":{"allow":["GET"]}}],"collection":[{"href":"https:\/\/projectes.xtec.cat\/acollidasuport\/wp-json\/wp\/v2\/posts"}],"about":[{"href":"https:\/\/projectes.xtec.cat\/acollidasuport\/wp-json\/wp\/v2\/types\/post"}],"author":[{"embeddable":true,"href":"https:\/\/projectes.xtec.cat\/acollidasuport\/wp-json\/wp\/v2\/users\/1"}],"replies":[{"embeddable":true,"href":"https:\/\/projectes.xtec.cat\/acollidasuport\/wp-json\/wp\/v2\/comments?post=11069"}],"version-history":[{"count":6,"href":"https:\/\/projectes.xtec.cat\/acollidasuport\/wp-json\/wp\/v2\/posts\/11069\/revisions"}],"predecessor-version":[{"id":11076,"href":"https:\/\/projectes.xtec.cat\/acollidasuport\/wp-json\/wp\/v2\/posts\/11069\/revisions\/11076"}],"wp:featuredmedia":[{"embeddable":true,"href":"https:\/\/projectes.xtec.cat\/acollidasuport\/wp-json\/wp\/v2\/media\/11071"}],"wp:attachment":[{"href":"https:\/\/projectes.xtec.cat\/acollidasuport\/wp-json\/wp\/v2\/media?parent=11069"}],"wp:term":[{"taxonomy":"category","embeddable":true,"href":"https:\/\/projectes.xtec.cat\/acollidasuport\/wp-json\/wp\/v2\/categories?post=11069"},{"taxonomy":"post_tag","embeddable":true,"href":"https:\/\/projectes.xtec.cat\/acollidasuport\/wp-json\/wp\/v2\/tags?post=11069"}],"curies":[{"name":"wp","href":"https:\/\/api.w.org\/{rel}","templated":true}]}}