{"id":8501,"date":"2020-10-07T14:00:09","date_gmt":"2020-10-07T12:00:09","guid":{"rendered":"https:\/\/projectes.xtec.cat\/acollidasuport\/?p=8501"},"modified":"2024-04-13T21:22:46","modified_gmt":"2024-04-13T19:22:46","slug":"la-interculturalitat-en-el-retorn-conferencia-jordi-collet","status":"publish","type":"post","link":"https:\/\/projectes.xtec.cat\/acollidasuport\/portada\/la-interculturalitat-en-el-retorn-conferencia-jordi-collet\/","title":{"rendered":"La interculturalitat en el retorn &#8211; Confer\u00e8ncia Jordi Collet"},"content":{"rendered":"<p><span style=\"font-weight: 400;\"><a href=\"https:\/\/projectes.xtec.cat\/acollidasuport\/wp-content\/uploads\/usu2169\/2020\/10\/Imatge-Nodes-1.png\"><img loading=\"lazy\" decoding=\"async\" class=\"wp-image-8504  alignleft\" src=\"https:\/\/projectes.xtec.cat\/acollidasuport\/wp-content\/uploads\/usu2169\/2020\/10\/Imatge-Nodes-1.png\" alt=\"\" width=\"360\" height=\"160\" srcset=\"https:\/\/projectes.xtec.cat\/acollidasuport\/wp-content\/uploads\/usu2169\/2020\/10\/Imatge-Nodes-1.png 450w, https:\/\/projectes.xtec.cat\/acollidasuport\/wp-content\/uploads\/usu2169\/2020\/10\/Imatge-Nodes-1-300x133.png 300w\" sizes=\"auto, (max-width: 360px) 100vw, 360px\" \/><\/a><\/span><span style=\"font-weight: 400;\">En aquests moments de greus dificultats i incerteses, us proposem una breu formaci\u00f3 virtual, <\/span><b>el<\/b> <b>14 d&#8217;octubre a les 17.30h<\/b><span style=\"font-weight: 400;\">, que t\u00e9 per objectiu oferir indicacions d\u2019acompanyament inclusiu, intercultural i equitatiu en temps de COVID.<\/span><\/p>\n<p><span style=\"font-weight: 400;\">La confer\u00e8ncia anir\u00e0 a c\u00e0rrec de <\/span><b>Jordi Collet<\/b><span style=\"font-weight: 400;\">, educador social, soci\u00f2leg i professor de la universitat de Vic-UCC, que ha treballat en l\u2019\u00e0mbit de les relacions fam\u00edlia-escola-comunitat, en temes de desigualtats educatives i identitat docent, i tindr\u00e0 com a objectiu donar-nos eines, pistes i plantejar-nos opcions per abordar la realitat actual permetent-nos fer un bon acompanyament intercultural per a millorar la relaci\u00f3 amb l&#8217;alumnat i les fam\u00edlies.<\/span><\/p>\n<p><span style=\"font-weight: 400;\">Per inscriure-us-hi directament, podeu fer-ho a trav\u00e9s d\u2019aquest <\/span><a href=\"https:\/\/aplicacions.gestioeducativa.gencat.cat\/pls\/soloas\/pk_for_mod_ins.p_for_pre_cons_activitats?p_any=2020-2021&amp;p_codi=B00013050B&amp;p_totes=S\"><span style=\"font-weight: 400;\">enlla\u00e7<\/span><\/a><span style=\"font-weight: 400;\">.<\/span><\/p>\n<p><span style=\"font-weight: 400;\">El termini d&#8217;inscripcions finalitza el 9 d&#8217;octubre.<\/span><\/p>\n","protected":false},"excerpt":{"rendered":"<p><a href=\"https:\/\/projectes.xtec.cat\/acollidasuport\/wp-content\/uploads\/usu2169\/2020\/10\/Imatge-Nodes-1.png\"><\/a>En aquests moments de greus dificultats i incerteses, us proposem una breu formaci\u00f3 virtual, el 14 d&#8217;octubre a les 17.30h, que t\u00e9 per objectiu oferir indicacions d\u2019acompanyament inclusiu, intercultural i equitatiu en temps de COVID.<br \/>\nLa confer\u00e8ncia anir\u00e0 a c\u00e0rrec de Jordi Collet, educador social,&hellip;  <a href=\"https:\/\/projectes.xtec.cat\/acollidasuport\/portada\/la-interculturalitat-en-el-retorn-conferencia-jordi-collet\/\" title=\"Read La interculturalitat en el retorn &#8211; Confer\u00e8ncia Jordi Collet\">Llegeix m\u00e9s\u00bb<\/a><\/p>\n","protected":false},"author":1,"featured_media":8504,"comment_status":"open","ping_status":"closed","sticky":false,"template":"","format":"standard","meta":{"_bbp_topic_count":0,"_bbp_reply_count":0,"_bbp_total_topic_count":0,"_bbp_total_reply_count":0,"_bbp_voice_count":0,"_bbp_anonymous_reply_count":0,"_bbp_topic_count_hidden":0,"_bbp_reply_count_hidden":0,"_bbp_forum_subforum_count":0,"footnotes":""},"categories":[287,29],"tags":[364],"class_list":["post-8501","post","type-post","status-publish","format-standard","has-post-thumbnail","hentry","category-acollida","category-portada","tag-interculturalitat"],"post_mailing_queue_ids":[],"_links":{"self":[{"href":"https:\/\/projectes.xtec.cat\/acollidasuport\/wp-json\/wp\/v2\/posts\/8501","targetHints":{"allow":["GET"]}}],"collection":[{"href":"https:\/\/projectes.xtec.cat\/acollidasuport\/wp-json\/wp\/v2\/posts"}],"about":[{"href":"https:\/\/projectes.xtec.cat\/acollidasuport\/wp-json\/wp\/v2\/types\/post"}],"author":[{"embeddable":true,"href":"https:\/\/projectes.xtec.cat\/acollidasuport\/wp-json\/wp\/v2\/users\/1"}],"replies":[{"embeddable":true,"href":"https:\/\/projectes.xtec.cat\/acollidasuport\/wp-json\/wp\/v2\/comments?post=8501"}],"version-history":[{"count":2,"href":"https:\/\/projectes.xtec.cat\/acollidasuport\/wp-json\/wp\/v2\/posts\/8501\/revisions"}],"predecessor-version":[{"id":8505,"href":"https:\/\/projectes.xtec.cat\/acollidasuport\/wp-json\/wp\/v2\/posts\/8501\/revisions\/8505"}],"wp:featuredmedia":[{"embeddable":true,"href":"https:\/\/projectes.xtec.cat\/acollidasuport\/wp-json\/wp\/v2\/media\/8504"}],"wp:attachment":[{"href":"https:\/\/projectes.xtec.cat\/acollidasuport\/wp-json\/wp\/v2\/media?parent=8501"}],"wp:term":[{"taxonomy":"category","embeddable":true,"href":"https:\/\/projectes.xtec.cat\/acollidasuport\/wp-json\/wp\/v2\/categories?post=8501"},{"taxonomy":"post_tag","embeddable":true,"href":"https:\/\/projectes.xtec.cat\/acollidasuport\/wp-json\/wp\/v2\/tags?post=8501"}],"curies":[{"name":"wp","href":"https:\/\/api.w.org\/{rel}","templated":true}]}}