{"id":8560,"date":"2020-11-02T17:30:14","date_gmt":"2020-11-02T16:30:14","guid":{"rendered":"https:\/\/projectes.xtec.cat\/acollidasuport\/?p=8560"},"modified":"2024-04-13T21:22:29","modified_gmt":"2024-04-13T19:22:29","slug":"recursos-per-dissenyar-activitats-covid-19","status":"publish","type":"post","link":"https:\/\/projectes.xtec.cat\/acollidasuport\/portada\/recursos-per-dissenyar-activitats-covid-19\/","title":{"rendered":"Recursos per dissenyar activitats sobre la covid-19"},"content":{"rendered":"<p><img loading=\"lazy\" decoding=\"async\" class=\"wp-image-8561 alignright\" src=\"https:\/\/projectes.xtec.cat\/acollidasuport\/wp-content\/uploads\/usu2169\/2020\/11\/recursos-activitats-covid19.png\" alt=\"\" width=\"297\" height=\"132\" srcset=\"https:\/\/projectes.xtec.cat\/acollidasuport\/wp-content\/uploads\/usu2169\/2020\/11\/recursos-activitats-covid19.png 450w, https:\/\/projectes.xtec.cat\/acollidasuport\/wp-content\/uploads\/usu2169\/2020\/11\/recursos-activitats-covid19-300x133.png 300w\" sizes=\"auto, (max-width: 297px) 100vw, 297px\" \/><\/p>\n<p>L\u2019afectaci\u00f3 del coronavirus est\u00e0 marcant l\u2019inici d\u2019aquest curs escolar 2020-2021 i, per tal de facilitar recursos a l\u2019alumnat nouvingut i l\u2019alumnat d\u2019origen estranger i ajudar-lo a sentir-se m\u00e9s segur en les seves necessitats relacionals i d\u2019inclusi\u00f3 escolar i social, \u00e9s important <strong>treballar a l\u2019aula el vocabulari b\u00e0sic i altres continguts relacionats amb la pand\u00e8mia, que han esdevingut propis i d\u2019\u00fas habitual en el nostre dia a dia<\/strong>.<\/p>\n<p>Hem de ser conscients que l\u2019alumne\/a pot trobar que, en qualsevol moment, en el seu \u00e0mbit privat o dins la seva comunitat educativa forma part d\u2019un grup confinat, ha de fer quarantena o al seu voltant hi ha casos positius. A m\u00e9s, tant a l\u2019aula d\u2019acollida com a l\u2019aula ordin\u00e0ria, <strong>la realitat que ens envolta esdev\u00e9 contingut acad\u00e8mic<\/strong> i, en qualsevol d\u2019aquests escenaris, l\u2019alumnat necessitar\u00e0 comprendre b\u00e9 qu\u00e8 passa i poder expressar les seves necessitats amb un <strong>vocabulari prec\u00eds i concret<\/strong>.<\/p>\n<p>En funci\u00f3 del nivell de compet\u00e8ncia ling\u00fc\u00edstica de l\u2019alumnat, del nivell educatiu en qu\u00e8 es trobi, o del moment en qu\u00e8 s\u2019hagi incorporat al sistema educatiu a Catalunya, podeu compondre activitats de treball a partir de <strong>camps lexicosem\u00e0ntics, practicar converses b\u00e0siques i funcionals o llegir breus textos instructius<\/strong> que puguin ajudar-lo a adquirir les habilitats per comunicar-se c\u00f2modament.<\/p>\n<p>A continuaci\u00f3 trobareu una selecci\u00f3 de materials visuals perqu\u00e8 pugueu crear, generar i adaptar activitats sobre aquestes q\u00fcestions a l\u2019aula, tot adaptant-los a les necessitats de l\u2019alumnat:<\/p>\n<p><a href=\"https:\/\/projectes.xtec.cat\/acollidasuport\/wp-content\/uploads\/usu2169\/2020\/11\/Recursos-per-dissenyar-activitats-amb-la-covid-19.pdf\" target=\"_blank\" rel=\"noopener noreferrer\"><img loading=\"lazy\" decoding=\"async\" class=\" wp-image-8556 aligncenter\" src=\"https:\/\/projectes.xtec.cat\/acollidasuport\/wp-content\/uploads\/usu2169\/2020\/10\/infografia_AOE-150x150.png\" alt=\"\" width=\"188\" height=\"188\" srcset=\"https:\/\/projectes.xtec.cat\/acollidasuport\/wp-content\/uploads\/usu2169\/2020\/10\/infografia_AOE-150x150.png 150w, https:\/\/projectes.xtec.cat\/acollidasuport\/wp-content\/uploads\/usu2169\/2020\/10\/infografia_AOE-300x300.png 300w, https:\/\/projectes.xtec.cat\/acollidasuport\/wp-content\/uploads\/usu2169\/2020\/10\/infografia_AOE.png 500w\" sizes=\"auto, (max-width: 188px) 100vw, 188px\" \/><\/a><\/p>\n","protected":false},"excerpt":{"rendered":"<p>L\u2019afectaci\u00f3 del coronavirus est\u00e0 marcant l\u2019inici d\u2019aquest curs escolar 2020-2021 i, per tal de facilitar recursos a l\u2019alumnat nouvingut i l\u2019alumnat d\u2019origen estranger i ajudar-lo a sentir-se m\u00e9s segur en les seves necessitats relacionals i d\u2019inclusi\u00f3 escolar i social, \u00e9s important treballar a l\u2019aula el&hellip;  <a href=\"https:\/\/projectes.xtec.cat\/acollidasuport\/portada\/recursos-per-dissenyar-activitats-covid-19\/\" title=\"Read Recursos per dissenyar activitats sobre la covid-19\">Llegeix m\u00e9s\u00bb<\/a><\/p>\n","protected":false},"author":1,"featured_media":8561,"comment_status":"open","ping_status":"closed","sticky":false,"template":"","format":"standard","meta":{"_bbp_topic_count":0,"_bbp_reply_count":0,"_bbp_total_topic_count":0,"_bbp_total_reply_count":0,"_bbp_voice_count":0,"_bbp_anonymous_reply_count":0,"_bbp_topic_count_hidden":0,"_bbp_reply_count_hidden":0,"_bbp_forum_subforum_count":0,"footnotes":""},"categories":[287,29],"tags":[351],"class_list":["post-8560","post","type-post","status-publish","format-standard","has-post-thumbnail","hentry","category-acollida","category-portada","tag-aprenentatge"],"post_mailing_queue_ids":[],"_links":{"self":[{"href":"https:\/\/projectes.xtec.cat\/acollidasuport\/wp-json\/wp\/v2\/posts\/8560","targetHints":{"allow":["GET"]}}],"collection":[{"href":"https:\/\/projectes.xtec.cat\/acollidasuport\/wp-json\/wp\/v2\/posts"}],"about":[{"href":"https:\/\/projectes.xtec.cat\/acollidasuport\/wp-json\/wp\/v2\/types\/post"}],"author":[{"embeddable":true,"href":"https:\/\/projectes.xtec.cat\/acollidasuport\/wp-json\/wp\/v2\/users\/1"}],"replies":[{"embeddable":true,"href":"https:\/\/projectes.xtec.cat\/acollidasuport\/wp-json\/wp\/v2\/comments?post=8560"}],"version-history":[{"count":3,"href":"https:\/\/projectes.xtec.cat\/acollidasuport\/wp-json\/wp\/v2\/posts\/8560\/revisions"}],"predecessor-version":[{"id":8567,"href":"https:\/\/projectes.xtec.cat\/acollidasuport\/wp-json\/wp\/v2\/posts\/8560\/revisions\/8567"}],"wp:featuredmedia":[{"embeddable":true,"href":"https:\/\/projectes.xtec.cat\/acollidasuport\/wp-json\/wp\/v2\/media\/8561"}],"wp:attachment":[{"href":"https:\/\/projectes.xtec.cat\/acollidasuport\/wp-json\/wp\/v2\/media?parent=8560"}],"wp:term":[{"taxonomy":"category","embeddable":true,"href":"https:\/\/projectes.xtec.cat\/acollidasuport\/wp-json\/wp\/v2\/categories?post=8560"},{"taxonomy":"post_tag","embeddable":true,"href":"https:\/\/projectes.xtec.cat\/acollidasuport\/wp-json\/wp\/v2\/tags?post=8560"}],"curies":[{"name":"wp","href":"https:\/\/api.w.org\/{rel}","templated":true}]}}