{"id":8568,"date":"2020-11-16T17:30:57","date_gmt":"2020-11-16T16:30:57","guid":{"rendered":"https:\/\/projectes.xtec.cat\/acollidasuport\/?p=8568"},"modified":"2024-04-13T21:22:09","modified_gmt":"2024-04-13T19:22:09","slug":"entrada-dades-aplicacio-aules-dacollida-curs-2019-2020-fins-26-novembre","status":"publish","type":"post","link":"https:\/\/projectes.xtec.cat\/acollidasuport\/portada\/entrada-dades-aplicacio-aules-dacollida-curs-2019-2020-fins-26-novembre\/","title":{"rendered":"Entrada de dades a l\u2019aplicaci\u00f3 de les aules d\u2019acollida (curs 2019-2020) fins el 26 de novembre"},"content":{"rendered":"<p style=\"text-align: center;\"><strong>IMPORTANT: es tracta de la recollida de dades del curs 2019-2020<\/strong><\/p>\n<p><img loading=\"lazy\" decoding=\"async\" class=\"wp-image-8569 aligncenter\" src=\"https:\/\/projectes.xtec.cat\/acollidasuport\/wp-content\/uploads\/usu2169\/2020\/11\/Aplicaci\u00f3-ACO_26nov.png\" alt=\"\" width=\"342\" height=\"152\" srcset=\"https:\/\/projectes.xtec.cat\/acollidasuport\/wp-content\/uploads\/usu2169\/2020\/11\/Aplicaci\u00f3-ACO_26nov.png 450w, https:\/\/projectes.xtec.cat\/acollidasuport\/wp-content\/uploads\/usu2169\/2020\/11\/Aplicaci\u00f3-ACO_26nov-300x133.png 300w\" sizes=\"auto, (max-width: 342px) 100vw, 342px\" \/><\/p>\n<p><span style=\"font-weight: 400;\">Am<\/span><span style=\"font-weight: 400;\">b motiu de la situaci\u00f3 provocada pel confinament i amb l\u2019objectiu de facilitar l\u2019entrada d\u2019informaci\u00f3 de l\u2019avaluaci\u00f3 de les aules d\u2019acollida per part dels centres, el curs passat es va decidir que l\u2019aplicaci\u00f3 romangu\u00e9s oberta des del 4 de juny <\/span><b>fins el 26 de novembre de 2020<\/b><span style=\"font-weight: 400;\">.<\/span><\/p>\n<p><span style=\"font-weight: 400;\">Us recordem la informaci\u00f3 que es recull de l\u2019<strong>alumnat que va assistir a les aules <\/strong><\/span><strong style=\"font-family: inherit; font-size: 1em;\">d&#8217;acollida durant el curs 2019-2020<\/strong><span style=\"font-family: inherit; font-size: 1em;\">:<\/span><\/p>\n<ul>\n<li style=\"font-weight: 400;\"><span style=\"font-weight: 400;\">Sempre que sigui possible, es mant\u00e9 per als centres la recollida de les dades personals sobre els alumnes que van assistir a l\u2019aula d\u2019acollida durant el curs 2019-2020, aix\u00ed com les referides a l\u2019organitzaci\u00f3 del recurs (hores d\u2019estada a l\u2019aula d\u2019acollida&#8230;).<\/span><\/li>\n<li style=\"font-weight: 400;\"><span style=\"font-weight: 400;\">No s\u2019han d\u2019introduir a l\u2019aplicaci\u00f3 ni els resultats de les proves de llengua ni els de les enquestes d\u2019integraci\u00f3.\u00a0<\/span><\/li>\n<\/ul>\n<p><span style=\"font-weight: 400;\">La direcci\u00f3 del centre pot gestionar l\u2019acc\u00e9s a l\u2019aplicaci\u00f3 ACO (aules d\u2019acollida) dels usuaris mitjan\u00e7ant l\u2019aplicaci\u00f3 GUAC. Consulteu l&#8217;<\/span><a href=\"http:\/\/xtec.gencat.cat\/ca\/projectes\/alumnat-origen-estranger\/alumnatnou\/avaluacio\/acollida\/\"><span style=\"font-weight: 400;\">avaluaci\u00f3 de les aules d&#8217;acollida<\/span><\/a><span style=\"font-weight: 400;\"> per a m\u00e9s informaci\u00f3. Les consultes sobre l&#8217;aplicaci\u00f3 ACO es poden adre\u00e7ar al correu <\/span><a href=\"mailto:acollida@xtec.cat\"><span style=\"font-weight: 400;\">acollida@xtec.cat<\/span><\/a><\/p>\n<p><strong>IMPORTANT: es tracta de la recollida de dades del curs 2019-2020<\/strong><\/p>\n","protected":false},"excerpt":{"rendered":"<p>IMPORTANT: es tracta de la recollida de dades del curs 2019-2020<\/p>\n<p>Amb motiu de la situaci\u00f3 provocada pel confinament i amb l\u2019objectiu de facilitar l\u2019entrada d\u2019informaci\u00f3 de l\u2019avaluaci\u00f3 de les aules d\u2019acollida per part dels centres, el curs passat es va decidir que l\u2019aplicaci\u00f3 romangu\u00e9s oberta&hellip;  <a href=\"https:\/\/projectes.xtec.cat\/acollidasuport\/portada\/entrada-dades-aplicacio-aules-dacollida-curs-2019-2020-fins-26-novembre\/\" title=\"Read Entrada de dades a l\u2019aplicaci\u00f3 de les aules d\u2019acollida (curs 2019-2020) fins el 26 de novembre\">Llegeix m\u00e9s\u00bb<\/a><\/p>\n","protected":false},"author":1,"featured_media":8569,"comment_status":"open","ping_status":"closed","sticky":false,"template":"","format":"standard","meta":{"_bbp_topic_count":0,"_bbp_reply_count":0,"_bbp_total_topic_count":0,"_bbp_total_reply_count":0,"_bbp_voice_count":0,"_bbp_anonymous_reply_count":0,"_bbp_topic_count_hidden":0,"_bbp_reply_count_hidden":0,"_bbp_forum_subforum_count":0,"footnotes":""},"categories":[29],"tags":[],"class_list":["post-8568","post","type-post","status-publish","format-standard","has-post-thumbnail","hentry","category-portada"],"post_mailing_queue_ids":[],"_links":{"self":[{"href":"https:\/\/projectes.xtec.cat\/acollidasuport\/wp-json\/wp\/v2\/posts\/8568","targetHints":{"allow":["GET"]}}],"collection":[{"href":"https:\/\/projectes.xtec.cat\/acollidasuport\/wp-json\/wp\/v2\/posts"}],"about":[{"href":"https:\/\/projectes.xtec.cat\/acollidasuport\/wp-json\/wp\/v2\/types\/post"}],"author":[{"embeddable":true,"href":"https:\/\/projectes.xtec.cat\/acollidasuport\/wp-json\/wp\/v2\/users\/1"}],"replies":[{"embeddable":true,"href":"https:\/\/projectes.xtec.cat\/acollidasuport\/wp-json\/wp\/v2\/comments?post=8568"}],"version-history":[{"count":4,"href":"https:\/\/projectes.xtec.cat\/acollidasuport\/wp-json\/wp\/v2\/posts\/8568\/revisions"}],"predecessor-version":[{"id":8600,"href":"https:\/\/projectes.xtec.cat\/acollidasuport\/wp-json\/wp\/v2\/posts\/8568\/revisions\/8600"}],"wp:featuredmedia":[{"embeddable":true,"href":"https:\/\/projectes.xtec.cat\/acollidasuport\/wp-json\/wp\/v2\/media\/8569"}],"wp:attachment":[{"href":"https:\/\/projectes.xtec.cat\/acollidasuport\/wp-json\/wp\/v2\/media?parent=8568"}],"wp:term":[{"taxonomy":"category","embeddable":true,"href":"https:\/\/projectes.xtec.cat\/acollidasuport\/wp-json\/wp\/v2\/categories?post=8568"},{"taxonomy":"post_tag","embeddable":true,"href":"https:\/\/projectes.xtec.cat\/acollidasuport\/wp-json\/wp\/v2\/tags?post=8568"}],"curies":[{"name":"wp","href":"https:\/\/api.w.org\/{rel}","templated":true}]}}