{"id":8573,"date":"2020-11-09T17:30:09","date_gmt":"2020-11-09T16:30:09","guid":{"rendered":"https:\/\/projectes.xtec.cat\/acollidasuport\/?p=8573"},"modified":"2024-04-17T16:59:15","modified_gmt":"2024-04-17T14:59:15","slug":"concurs-rescatamots-2020","status":"publish","type":"post","link":"https:\/\/projectes.xtec.cat\/acollidasuport\/portada\/concurs-rescatamots-2020\/","title":{"rendered":"Concurs &#8220;RescataMots&#8221; 2020"},"content":{"rendered":"<p><img loading=\"lazy\" decoding=\"async\" class=\"wp-image-8575 aligncenter\" src=\"https:\/\/projectes.xtec.cat\/acollidasuport\/wp-content\/uploads\/usu2169\/2020\/11\/concurs-RescataMots.png\" alt=\"\" width=\"360\" height=\"160\" srcset=\"https:\/\/projectes.xtec.cat\/acollidasuport\/wp-content\/uploads\/usu2169\/2020\/11\/concurs-RescataMots.png 450w, https:\/\/projectes.xtec.cat\/acollidasuport\/wp-content\/uploads\/usu2169\/2020\/11\/concurs-RescataMots-300x133.png 300w\" sizes=\"auto, (max-width: 360px) 100vw, 360px\" \/><\/p>\n<p><span style=\"font-weight: 400;\">Cada any, la Instituci\u00f3 Francesc de Borja Moll promou el concurs <\/span><b><i>RescataMots<\/i><\/b><span style=\"font-weight: 400;\">, una activitat per a joves d&#8217;entre 12 i 18 anys que t\u00e9 per objectiu cultivar la riquesa ling\u00fc\u00edstica, tot donant valor als mots i lleng\u00fces que ens envolten.\u00a0<\/span><\/p>\n<p><b>En qu\u00e8 consisteix el concurs? <\/b><span style=\"font-weight: 400;\">Els participants, que poden inscriure-s\u2019hi individualment o en grups de m\u00e0xim cinc persones, han de triar cinc mots, expressions o refranys del <\/span><a style=\"font-family: inherit; font-size: 1em;\" href=\"https:\/\/dcvb.iec.cat\/\">Diccionari-catal\u00e0-valenci\u00e0-balear<\/a><span style=\"font-weight: 400;\">, comprendre\u2019n el significat, i crear un v\u00eddeo entrevistant persones que parlin diferents lleng\u00fces per esbrinar si en coneixen els significats i quin n\u2019\u00e9s l\u2019equivalent en les seves lleng\u00fces familiars. <strong>El termini de lliurament d\u2019arxius acaba el 30 de novembre.<\/strong><\/span><\/p>\n<p><span style=\"font-weight: 400;\"><a href=\"https:\/\/mutusmkt.clickfunnels.com\/rescatamots-2020\" target=\"_blank\" rel=\"noopener noreferrer\"><img loading=\"lazy\" decoding=\"async\" class=\"wp-image-8535 size-thumbnail alignright\" src=\"https:\/\/projectes.xtec.cat\/acollidasuport\/wp-content\/uploads\/usu2169\/2020\/10\/enlla\u00e7-150x150.png\" alt=\"\" width=\"150\" height=\"150\" srcset=\"https:\/\/projectes.xtec.cat\/acollidasuport\/wp-content\/uploads\/usu2169\/2020\/10\/enlla\u00e7-150x150.png 150w, https:\/\/projectes.xtec.cat\/acollidasuport\/wp-content\/uploads\/usu2169\/2020\/10\/enlla\u00e7-300x300.png 300w, https:\/\/projectes.xtec.cat\/acollidasuport\/wp-content\/uploads\/usu2169\/2020\/10\/enlla\u00e7.png 500w\" sizes=\"auto, (max-width: 150px) 100vw, 150px\" \/><\/a>Per a m\u00e9s informaci\u00f3 sobre les bases, els lliuraments dels v\u00eddeos o els premis, consulteu l\u2019enlla\u00e7 seg\u00fcent:<\/span><\/p>\n","protected":false},"excerpt":{"rendered":"<p>Cada any, la Instituci\u00f3 Francesc de Borja Moll promou el concurs RescataMots, una activitat per a joves d&#8217;entre 12 i 18 anys que t\u00e9 per objectiu cultivar la riquesa ling\u00fc\u00edstica, tot donant valor als mots i lleng\u00fces que ens envolten.\u00a0<br \/>\nEn qu\u00e8 consisteix el concurs? Els&hellip;  <a href=\"https:\/\/projectes.xtec.cat\/acollidasuport\/portada\/concurs-rescatamots-2020\/\" title=\"Read Concurs &#8220;RescataMots&#8221; 2020\">Llegeix m\u00e9s\u00bb<\/a><\/p>\n","protected":false},"author":1,"featured_media":8575,"comment_status":"open","ping_status":"closed","sticky":false,"template":"","format":"standard","meta":{"_bbp_topic_count":0,"_bbp_reply_count":0,"_bbp_total_topic_count":0,"_bbp_total_reply_count":0,"_bbp_voice_count":0,"_bbp_anonymous_reply_count":0,"_bbp_topic_count_hidden":0,"_bbp_reply_count_hidden":0,"_bbp_forum_subforum_count":0,"footnotes":""},"categories":[29],"tags":[376],"class_list":["post-8573","post","type-post","status-publish","format-standard","has-post-thumbnail","hentry","category-portada","tag-concurs"],"post_mailing_queue_ids":[],"_links":{"self":[{"href":"https:\/\/projectes.xtec.cat\/acollidasuport\/wp-json\/wp\/v2\/posts\/8573","targetHints":{"allow":["GET"]}}],"collection":[{"href":"https:\/\/projectes.xtec.cat\/acollidasuport\/wp-json\/wp\/v2\/posts"}],"about":[{"href":"https:\/\/projectes.xtec.cat\/acollidasuport\/wp-json\/wp\/v2\/types\/post"}],"author":[{"embeddable":true,"href":"https:\/\/projectes.xtec.cat\/acollidasuport\/wp-json\/wp\/v2\/users\/1"}],"replies":[{"embeddable":true,"href":"https:\/\/projectes.xtec.cat\/acollidasuport\/wp-json\/wp\/v2\/comments?post=8573"}],"version-history":[{"count":3,"href":"https:\/\/projectes.xtec.cat\/acollidasuport\/wp-json\/wp\/v2\/posts\/8573\/revisions"}],"predecessor-version":[{"id":8578,"href":"https:\/\/projectes.xtec.cat\/acollidasuport\/wp-json\/wp\/v2\/posts\/8573\/revisions\/8578"}],"wp:featuredmedia":[{"embeddable":true,"href":"https:\/\/projectes.xtec.cat\/acollidasuport\/wp-json\/wp\/v2\/media\/8575"}],"wp:attachment":[{"href":"https:\/\/projectes.xtec.cat\/acollidasuport\/wp-json\/wp\/v2\/media?parent=8573"}],"wp:term":[{"taxonomy":"category","embeddable":true,"href":"https:\/\/projectes.xtec.cat\/acollidasuport\/wp-json\/wp\/v2\/categories?post=8573"},{"taxonomy":"post_tag","embeddable":true,"href":"https:\/\/projectes.xtec.cat\/acollidasuport\/wp-json\/wp\/v2\/tags?post=8573"}],"curies":[{"name":"wp","href":"https:\/\/api.w.org\/{rel}","templated":true}]}}