{"id":8680,"date":"2021-01-13T09:30:47","date_gmt":"2021-01-13T08:30:47","guid":{"rendered":"https:\/\/projectes.xtec.cat\/acollidasuport\/?p=8680"},"modified":"2021-01-13T09:56:25","modified_gmt":"2021-01-13T08:56:25","slug":"inscripcio-oberta-integrar-llengua-continguts-treball-totes-materies","status":"publish","type":"post","link":"https:\/\/projectes.xtec.cat\/acollidasuport\/portada\/inscripcio-oberta-integrar-llengua-continguts-treball-totes-materies\/","title":{"rendered":"Inscripci\u00f3 oberta a \u201cIntegrar llengua i continguts al treball en totes les mat\u00e8ries per a la millora de resultats\u201d"},"content":{"rendered":"<p><img loading=\"lazy\" decoding=\"async\" class=\"wp-image-8681 alignright\" src=\"https:\/\/projectes.xtec.cat\/acollidasuport\/wp-content\/uploads\/usu2169\/2021\/01\/Inscripci\u00f3-TILC.png\" alt=\"\" width=\"410\" height=\"182\" srcset=\"https:\/\/projectes.xtec.cat\/acollidasuport\/wp-content\/uploads\/usu2169\/2021\/01\/Inscripci\u00f3-TILC.png 450w, https:\/\/projectes.xtec.cat\/acollidasuport\/wp-content\/uploads\/usu2169\/2021\/01\/Inscripci\u00f3-TILC-300x133.png 300w\" sizes=\"auto, (max-width: 410px) 100vw, 410px\" \/><\/p>\n<p><span style=\"font-weight: 400;\">Dins del segon torn de formaci\u00f3 del Departament d\u2019Educaci\u00f3 s\u2019ofereix la formaci\u00f3 telem\u00e0tica \u201cIntegrar llengua i continguts al treball en totes les mat\u00e8ries per a la millora de resultats\u201d, adre\u00e7ada a professorat de secund\u00e0ria dels \u00e0mbits no ling\u00fc\u00edstics que vulgui introduir metodologies d\u2019integraci\u00f3 de llengua i continguts (TILC) a l\u2019aula, amb el prop\u00f2sit final de millorar el rendiment acad\u00e8mic de tot l\u2019alumnat.\u00a0<\/span><\/p>\n<p><span style=\"font-weight: 400;\">Aquesta formaci\u00f3 t\u00e9 una durada total de 15 hores, que inclouen tres sessions s\u00edncrones, els dies 22 de febrer, 8 i 22 de mar\u00e7, amb horari de 17 a 19 h cadascuna, i treball personal.<\/span><\/p>\n<p><span style=\"font-weight: 400;\">Podeu inscriure-us-hi a trav\u00e9s de la <\/span><a href=\"http:\/\/xtec.gencat.cat\/ca\/formacio\/formaciogeneralprofessorat\/llengues\/tractament-integrat-llengua-contingut-tilc\/\" target=\"_blank\" rel=\"noopener noreferrer\"><span style=\"font-weight: 400;\">XTEC <\/span><\/a><span style=\"font-weight: 400;\">fins el 19 de gener, al codi 9001450555. Consulteu <\/span><a href=\"https:\/\/aplicacions.gestioeducativa.gencat.cat\/pls\/soloas\/pk_for_mod_ins.p_for_detall_activitat?p_header=Llista%20d%27activitats%5Epk_for_mod_ins.p_for_cons_activitats?p_tipus_act=ILCT,CLA1,CLA2,CLA3,CLA4%26p_any=2020-2021%26p_totes=S%26p_inici=1%26p_excloure_crp_rec=F&amp;p_codi=9001450555&amp;p_curs=2020-2021&amp;p_excloure_crp_rec=F\" target=\"_blank\" rel=\"noopener noreferrer\"><span style=\"font-weight: 400;\">aquesta p\u00e0gina<\/span><\/a><span style=\"font-weight: 400;\"> per a m\u00e9s informaci\u00f3 sobre el taller formatiu.<\/span><\/p>\n<p>&nbsp;<\/p>\n","protected":false},"excerpt":{"rendered":"<p>Dins del segon torn de formaci\u00f3 del Departament d\u2019Educaci\u00f3 s\u2019ofereix la formaci\u00f3 telem\u00e0tica \u201cIntegrar llengua i continguts al treball en totes les mat\u00e8ries per a la millora de resultats\u201d, adre\u00e7ada a professorat de secund\u00e0ria dels \u00e0mbits no ling\u00fc\u00edstics que vulgui introduir metodologies d\u2019integraci\u00f3 de llengua&hellip;  <a href=\"https:\/\/projectes.xtec.cat\/acollidasuport\/portada\/inscripcio-oberta-integrar-llengua-continguts-treball-totes-materies\/\" title=\"Read Inscripci\u00f3 oberta a \u201cIntegrar llengua i continguts al treball en totes les mat\u00e8ries per a la millora de resultats\u201d\">Llegeix m\u00e9s\u00bb<\/a><\/p>\n","protected":false},"author":1,"featured_media":8681,"comment_status":"open","ping_status":"closed","sticky":false,"template":"","format":"standard","meta":{"_bbp_topic_count":0,"_bbp_reply_count":0,"_bbp_total_topic_count":0,"_bbp_total_reply_count":0,"_bbp_voice_count":0,"_bbp_anonymous_reply_count":0,"_bbp_topic_count_hidden":0,"_bbp_reply_count_hidden":0,"_bbp_forum_subforum_count":0,"footnotes":""},"categories":[29],"tags":[],"class_list":["post-8680","post","type-post","status-publish","format-standard","has-post-thumbnail","hentry","category-portada"],"post_mailing_queue_ids":[],"_links":{"self":[{"href":"https:\/\/projectes.xtec.cat\/acollidasuport\/wp-json\/wp\/v2\/posts\/8680","targetHints":{"allow":["GET"]}}],"collection":[{"href":"https:\/\/projectes.xtec.cat\/acollidasuport\/wp-json\/wp\/v2\/posts"}],"about":[{"href":"https:\/\/projectes.xtec.cat\/acollidasuport\/wp-json\/wp\/v2\/types\/post"}],"author":[{"embeddable":true,"href":"https:\/\/projectes.xtec.cat\/acollidasuport\/wp-json\/wp\/v2\/users\/1"}],"replies":[{"embeddable":true,"href":"https:\/\/projectes.xtec.cat\/acollidasuport\/wp-json\/wp\/v2\/comments?post=8680"}],"version-history":[{"count":3,"href":"https:\/\/projectes.xtec.cat\/acollidasuport\/wp-json\/wp\/v2\/posts\/8680\/revisions"}],"predecessor-version":[{"id":8686,"href":"https:\/\/projectes.xtec.cat\/acollidasuport\/wp-json\/wp\/v2\/posts\/8680\/revisions\/8686"}],"wp:featuredmedia":[{"embeddable":true,"href":"https:\/\/projectes.xtec.cat\/acollidasuport\/wp-json\/wp\/v2\/media\/8681"}],"wp:attachment":[{"href":"https:\/\/projectes.xtec.cat\/acollidasuport\/wp-json\/wp\/v2\/media?parent=8680"}],"wp:term":[{"taxonomy":"category","embeddable":true,"href":"https:\/\/projectes.xtec.cat\/acollidasuport\/wp-json\/wp\/v2\/categories?post=8680"},{"taxonomy":"post_tag","embeddable":true,"href":"https:\/\/projectes.xtec.cat\/acollidasuport\/wp-json\/wp\/v2\/tags?post=8680"}],"curies":[{"name":"wp","href":"https:\/\/api.w.org\/{rel}","templated":true}]}}