{"id":8733,"date":"2021-02-02T17:00:27","date_gmt":"2021-02-02T16:00:27","guid":{"rendered":"https:\/\/projectes.xtec.cat\/acollidasuport\/?p=8733"},"modified":"2021-01-27T08:18:06","modified_gmt":"2021-01-27T07:18:06","slug":"inscripcio-jornada-virtual-radio-escola-comunitat","status":"publish","type":"post","link":"https:\/\/projectes.xtec.cat\/acollidasuport\/portada\/inscripcio-jornada-virtual-radio-escola-comunitat\/","title":{"rendered":"Inscripci\u00f3 oberta a la jornada virtual \u201cR\u00e0dio, escola i comunitat. Per una educaci\u00f3 participativa, cr\u00edtica i creativa\u201d"},"content":{"rendered":"<p><span style=\"font-weight: 400;\">La jornada virtual <\/span><b>\u201cR\u00e0dio, escola i comunitat. Per una educaci\u00f3 participativa, cr\u00edtica i creativa\u201d<\/b><span style=\"font-weight: 400;\">, organitzada pel Departament d\u2019Educaci\u00f3 i el Consell de l\u2019Audiovisual de Catalunya (CAC), se celebrar\u00e0 el proper <\/span><b>dimecres 24 de febrer<\/b><span style=\"font-weight: 400;\"> de 9 a 13 h. (Re)descobrirem <\/span><b>la r\u00e0dio com una eina pedag\u00f2gica<\/b><span style=\"font-weight: 400;\"> que facilita l\u2019articulaci\u00f3 dels diferents espais curriculars amb la producci\u00f3 de continguts radiof\u00f2nics significatius per l&#8217;alumnat i per tota la comunitat educativa. Ens permetr\u00e0 <\/span><b>estimular les habilitats comunicatives<\/b><span style=\"font-weight: 400;\"> orals i escrites, la creativitat i el pensament cr\u00edtic, el treball en equip i per projectes, el vincle amb les fam\u00edlies i amb l&#8217;entorn social, malgrat els temps de pand\u00e8mia.<\/span><\/p>\n<p><span style=\"font-weight: 400;\">Fer r\u00e0dio al centre educatiu pot semblar un projecte ambici\u00f3s i, si m\u00e9s no, demana uns certs coneixements en l\u2019\u00e0mbit dels mitjans de comunicaci\u00f3 i un domini de les noves tecnologies, per\u00f2 admet una multitud d&#8217;opcions que podem <\/span><b>adaptar a la realitat de cada centre<\/b><span style=\"font-weight: 400;\"> posant de bracet l&#8217;educaci\u00f3 i la r\u00e0dio. Podeu ampliar la informaci\u00f3 sobre <\/span><b>els mitjans de comunicaci\u00f3 a l\u2019aula d\u2019acollida<\/b><span style=\"font-weight: 400;\"> a l\u2019article <\/span><span style=\"font-weight: 400;\">\u201c<a href=\"https:\/\/projectes.xtec.cat\/acollidasuport\/portada\/educacio-radio-eina-pedagogica\/\" target=\"_blank\" rel=\"noopener noreferrer\">Educaci\u00f3 en mitjans audiovisuals: la r\u00e0dio com una eina pedag\u00f2gica<\/a>\u201d.<\/span><\/p>\n<p><span style=\"font-weight: 400;\"><img loading=\"lazy\" decoding=\"async\" class=\"alignright wp-image-8743\" src=\"https:\/\/projectes.xtec.cat\/acollidasuport\/wp-content\/uploads\/usu2169\/2021\/02\/Jornada-R\u00e0dio-a-lescola-cartell.png\" alt=\"\" width=\"384\" height=\"501\" srcset=\"https:\/\/projectes.xtec.cat\/acollidasuport\/wp-content\/uploads\/usu2169\/2021\/02\/Jornada-R\u00e0dio-a-lescola-cartell.png 696w, https:\/\/projectes.xtec.cat\/acollidasuport\/wp-content\/uploads\/usu2169\/2021\/02\/Jornada-R\u00e0dio-a-lescola-cartell-230x300.png 230w\" sizes=\"auto, (max-width: 384px) 100vw, 384px\" \/>A la primera part de la <strong>jornada<\/strong> comptarem amb veus protagonistes d&#8217;infants i joves que conduiran un <\/span><i><span style=\"font-weight: 400;\">magazine<\/span><\/i><span style=\"font-weight: 400;\">, el qual ens permetr\u00e0 con\u00e8ixer m\u00e9s les r\u00e0dios escolars. Despr\u00e9s, es presentaran iniciatives que tenen una interessant pr\u00e0ctica radiof\u00f2nica en entorns educatius i en contextos complexos com els actuals. Durant la pausa es projectar\u00e0 \u201cAula dial\u201d, un programa educatiu que fa m\u00e9s d\u2019una d\u00e8cada que \u00e9s en antena a R\u00e0dio Sant Vicen\u00e7 dels Horts. I seguidament podrem assistir a la taula rodona \u00abLa r\u00e0dio escolar m\u00e9s enll\u00e0 de l\u2019escola\u00bb, on persones expertes dialogaran sobre posar en com\u00fa, fer visible i potenciar les emissores escolars, locals i comunit\u00e0ries que conformen un ric i divers entramat educomunicatiu a diferents indrets del m\u00f3n.<\/span><\/p>\n<p><span style=\"font-weight: 400;\">Per a m\u00e9s informaci\u00f3 o per <strong>formalitzar la inscripci\u00f3<\/strong> a l\u2019activitat, consulteu aquest <\/span><a href=\"https:\/\/www.educac.cat\/jornada-virtual-radio-escola-i-comunitat-una-educacio-participativa-critica-i-creativa\" target=\"_blank\" rel=\"noopener noreferrer\"><span style=\"font-weight: 400;\">enlla\u00e7<\/span><\/a><span style=\"font-weight: 400;\">. La jornada no nom\u00e9s est\u00e0 oberta a docents del Departament d\u2019Educaci\u00f3, sin\u00f3 que si formeu part d&#8217;una r\u00e0dio local, un ajuntament, una entitat, o simplement teniu ganes de saber m\u00e9s sobre el m\u00f3n de les emissores escolars, tamb\u00e9 us hi podeu inscriure.<\/span><\/p>\n<p><span style=\"font-weight: 400;\">Esperem que sigui del vostre inter\u00e8s!<\/span><\/p>\n<p>&nbsp;<\/p>\n","protected":false},"excerpt":{"rendered":"<p>La jornada virtual \u201cR\u00e0dio, escola i comunitat. Per una educaci\u00f3 participativa, cr\u00edtica i creativa\u201d, organitzada pel Departament d\u2019Educaci\u00f3 i el Consell de l\u2019Audiovisual de Catalunya (CAC), se celebrar\u00e0 el proper dimecres 24 de febrer de 9 a 13 h. (Re)descobrirem la r\u00e0dio com una eina&hellip;  <a href=\"https:\/\/projectes.xtec.cat\/acollidasuport\/portada\/inscripcio-jornada-virtual-radio-escola-comunitat\/\" title=\"Read Inscripci\u00f3 oberta a la jornada virtual \u201cR\u00e0dio, escola i comunitat. Per una educaci\u00f3 participativa, cr\u00edtica i creativa\u201d\">Llegeix m\u00e9s\u00bb<\/a><\/p>\n","protected":false},"author":1,"featured_media":8734,"comment_status":"open","ping_status":"closed","sticky":false,"template":"","format":"standard","meta":{"_bbp_topic_count":0,"_bbp_reply_count":0,"_bbp_total_topic_count":0,"_bbp_total_reply_count":0,"_bbp_voice_count":0,"_bbp_anonymous_reply_count":0,"_bbp_topic_count_hidden":0,"_bbp_reply_count_hidden":0,"_bbp_forum_subforum_count":0,"footnotes":""},"categories":[29],"tags":[335],"class_list":["post-8733","post","type-post","status-publish","format-standard","has-post-thumbnail","hentry","category-portada","tag-bones-practiques"],"post_mailing_queue_ids":[],"_links":{"self":[{"href":"https:\/\/projectes.xtec.cat\/acollidasuport\/wp-json\/wp\/v2\/posts\/8733","targetHints":{"allow":["GET"]}}],"collection":[{"href":"https:\/\/projectes.xtec.cat\/acollidasuport\/wp-json\/wp\/v2\/posts"}],"about":[{"href":"https:\/\/projectes.xtec.cat\/acollidasuport\/wp-json\/wp\/v2\/types\/post"}],"author":[{"embeddable":true,"href":"https:\/\/projectes.xtec.cat\/acollidasuport\/wp-json\/wp\/v2\/users\/1"}],"replies":[{"embeddable":true,"href":"https:\/\/projectes.xtec.cat\/acollidasuport\/wp-json\/wp\/v2\/comments?post=8733"}],"version-history":[{"count":3,"href":"https:\/\/projectes.xtec.cat\/acollidasuport\/wp-json\/wp\/v2\/posts\/8733\/revisions"}],"predecessor-version":[{"id":8746,"href":"https:\/\/projectes.xtec.cat\/acollidasuport\/wp-json\/wp\/v2\/posts\/8733\/revisions\/8746"}],"wp:featuredmedia":[{"embeddable":true,"href":"https:\/\/projectes.xtec.cat\/acollidasuport\/wp-json\/wp\/v2\/media\/8734"}],"wp:attachment":[{"href":"https:\/\/projectes.xtec.cat\/acollidasuport\/wp-json\/wp\/v2\/media?parent=8733"}],"wp:term":[{"taxonomy":"category","embeddable":true,"href":"https:\/\/projectes.xtec.cat\/acollidasuport\/wp-json\/wp\/v2\/categories?post=8733"},{"taxonomy":"post_tag","embeddable":true,"href":"https:\/\/projectes.xtec.cat\/acollidasuport\/wp-json\/wp\/v2\/tags?post=8733"}],"curies":[{"name":"wp","href":"https:\/\/api.w.org\/{rel}","templated":true}]}}