{"id":8748,"date":"2021-01-29T13:00:27","date_gmt":"2021-01-29T12:00:27","guid":{"rendered":"https:\/\/projectes.xtec.cat\/acollidasuport\/?p=8748"},"modified":"2024-04-13T21:20:27","modified_gmt":"2024-04-13T19:20:27","slug":"trobada-punt-per-punt-cursos-valencia-a2-c2","status":"publish","type":"post","link":"https:\/\/projectes.xtec.cat\/acollidasuport\/portada\/trobada-punt-per-punt-cursos-valencia-a2-c2\/","title":{"rendered":"Trobada en l\u00ednia \u201cPUNT PER PUNT. Cursos de valenci\u00e0. Nivells A2-C2\u201d"},"content":{"rendered":"<p><span style=\"font-weight: 400;\">SERCLE (Societat d\u2019ensenyament i recerca del catal\u00e0 com a llengua estrangera), juntament amb el Servei de Lleng\u00fces de la Universitat d\u2019Alacant, organitzen la presentaci\u00f3 \u201c<\/span><b>PUNT PER PUNT. Cursos de valenci\u00e0. Nivells A2-C2<\/b><span style=\"font-weight: 400;\">\u201d, la qual es podr\u00e0 seguir en l\u00ednia el proper dimecres 3 de febrer, de 16 h a 17 h.<\/span><\/p>\n<p><span style=\"font-weight: 400;\">En aquesta sessi\u00f3, <\/span><b>Juli Mart\u00ednez<\/b><span style=\"font-weight: 400;\">, coordinador i coautor d\u2019aquests manuals i t\u00e8cnic del Centre d\u2019Aprenentatge del Valenci\u00e0, CAU, de la Universitat d\u2019Alacant, <strong>presentar\u00e0 els llibres<\/strong> de nivells A2-B1-B2 i far\u00e0 saber tamb\u00e9 <strong>com es poden fer servir<\/strong> algunes edicions del material, que estan publicades en format fascicles, digitals i que s\u00f3n de lliure acc\u00e9s.<\/span><\/p>\n<p>Pel que fa a l&#8217;<strong>ensenyament i aprenentatge de segones lleng\u00fces<\/strong>, podeu consultar l&#8217;article &#8220;<strong><a href=\"https:\/\/projectes.xtec.cat\/acollidasuport\/portada\/identificacio-nivells-inicials-segona-llengua-a1-a2\/\" target=\"_blank\" rel=\"noopener noreferrer\">Identificaci\u00f3 dels nivells inicials d\u2019aprenentatge d\u2019una segona llengua (A1 i A2)<\/a>&#8220;<\/strong> per ampliar informaci\u00f3 sobre com vincular aquest proc\u00e9s amb el <a href=\"http:\/\/ateneu.xtec.cat\/wikiform\/wikiexport\/cursos\/escola_inclusiva\/adcl\/b3\/b3t4\" target=\"_blank\" rel=\"noopener noreferrer\">Marc Europeu Com\u00fa de Refer\u00e8ncia<\/a>. Tamb\u00e9 hi trobareu altres orientacions o recursos per <strong>planificar els aprenentatges ling\u00fc\u00edstics<\/strong> de l&#8217;alumnat.<\/p>\n<p><span style=\"font-weight: 400;\">Per a m\u00e9s informaci\u00f3 sobre la trobada o per a la <\/span><b>inscripci\u00f3<\/b><span style=\"font-weight: 400;\">, consulteu <\/span><a href=\"https:\/\/www.sercle.cat\/web\/events\/punt-per-punt-cursos-de-valencia-nivells-a2-c2\/\" target=\"_blank\" rel=\"noopener noreferrer\"><span style=\"font-weight: 400;\">aquesta p\u00e0gina<\/span><\/a><span style=\"font-weight: 400;\">.<\/span><\/p>\n<p><span style=\"font-weight: 400;\">La <\/span><a href=\"https:\/\/www.sercle.cat\/web\/\" target=\"_blank\" rel=\"noopener noreferrer\"><b>Societat d\u2019ensenyament i recerca del catal\u00e0 com a llengua estrangera \u2013 Sercle<\/b><\/a><span style=\"font-weight: 400;\"> \u00e9s una associaci\u00f3 sense \u00e0nim de lucre que t\u00e9 com a finalitats:<\/span><\/p>\n<ol>\n<li style=\"font-weight: 400;\" aria-level=\"1\"><span style=\"font-weight: 400;\">Promoure el catal\u00e0 com a llengua segona, addicional, complement\u00e0ria o estrangera.<\/span><\/li>\n<li style=\"font-weight: 400;\" aria-level=\"1\"><span style=\"font-weight: 400;\">Crear una xarxa de professorat i personal investigador que es dediqui a l\u2019ensenyament i la recerca de la llengua i cultura catalanes a) fora del domini ling\u00fc\u00edstic, b) a alumnat internacional dins del domini ling\u00fc\u00edstic, i c) a adults que, tot i tenir el catal\u00e0 com a llengua primera, no han estat escolaritzats en aquesta llengua.<\/span><\/li>\n<li style=\"font-weight: 400;\" aria-level=\"1\"><span style=\"font-weight: 400;\">Compartir i generar recerca i materials entre els membres de l\u2019associaci\u00f3.<\/span><\/li>\n<\/ol>\n<p><img loading=\"lazy\" decoding=\"async\" class=\"wp-image-8749 aligncenter\" src=\"https:\/\/projectes.xtec.cat\/acollidasuport\/wp-content\/uploads\/usu2169\/2021\/01\/Punt-per-punt-valenci\u00e0.png\" alt=\"\" width=\"384\" height=\"170\" srcset=\"https:\/\/projectes.xtec.cat\/acollidasuport\/wp-content\/uploads\/usu2169\/2021\/01\/Punt-per-punt-valenci\u00e0.png 450w, https:\/\/projectes.xtec.cat\/acollidasuport\/wp-content\/uploads\/usu2169\/2021\/01\/Punt-per-punt-valenci\u00e0-300x133.png 300w\" sizes=\"auto, (max-width: 384px) 100vw, 384px\" \/><\/p>\n","protected":false},"excerpt":{"rendered":"<p>SERCLE (Societat d\u2019ensenyament i recerca del catal\u00e0 com a llengua estrangera), juntament amb el Servei de Lleng\u00fces de la Universitat d\u2019Alacant, organitzen la presentaci\u00f3 \u201cPUNT PER PUNT. Cursos de valenci\u00e0. Nivells A2-C2\u201d, la qual es podr\u00e0 seguir en l\u00ednia el proper dimecres 3 de febrer,&hellip;  <a href=\"https:\/\/projectes.xtec.cat\/acollidasuport\/portada\/trobada-punt-per-punt-cursos-valencia-a2-c2\/\" title=\"Read Trobada en l\u00ednia \u201cPUNT PER PUNT. Cursos de valenci\u00e0. Nivells A2-C2\u201d\">Llegeix m\u00e9s\u00bb<\/a><\/p>\n","protected":false},"author":1,"featured_media":8749,"comment_status":"open","ping_status":"closed","sticky":false,"template":"","format":"standard","meta":{"_bbp_topic_count":0,"_bbp_reply_count":0,"_bbp_total_topic_count":0,"_bbp_total_reply_count":0,"_bbp_voice_count":0,"_bbp_anonymous_reply_count":0,"_bbp_topic_count_hidden":0,"_bbp_reply_count_hidden":0,"_bbp_forum_subforum_count":0,"footnotes":""},"categories":[29],"tags":[437,524],"class_list":["post-8748","post","type-post","status-publish","format-standard","has-post-thumbnail","hentry","category-portada","tag-digital","tag-jornada"],"post_mailing_queue_ids":[],"_links":{"self":[{"href":"https:\/\/projectes.xtec.cat\/acollidasuport\/wp-json\/wp\/v2\/posts\/8748","targetHints":{"allow":["GET"]}}],"collection":[{"href":"https:\/\/projectes.xtec.cat\/acollidasuport\/wp-json\/wp\/v2\/posts"}],"about":[{"href":"https:\/\/projectes.xtec.cat\/acollidasuport\/wp-json\/wp\/v2\/types\/post"}],"author":[{"embeddable":true,"href":"https:\/\/projectes.xtec.cat\/acollidasuport\/wp-json\/wp\/v2\/users\/1"}],"replies":[{"embeddable":true,"href":"https:\/\/projectes.xtec.cat\/acollidasuport\/wp-json\/wp\/v2\/comments?post=8748"}],"version-history":[{"count":3,"href":"https:\/\/projectes.xtec.cat\/acollidasuport\/wp-json\/wp\/v2\/posts\/8748\/revisions"}],"predecessor-version":[{"id":8754,"href":"https:\/\/projectes.xtec.cat\/acollidasuport\/wp-json\/wp\/v2\/posts\/8748\/revisions\/8754"}],"wp:featuredmedia":[{"embeddable":true,"href":"https:\/\/projectes.xtec.cat\/acollidasuport\/wp-json\/wp\/v2\/media\/8749"}],"wp:attachment":[{"href":"https:\/\/projectes.xtec.cat\/acollidasuport\/wp-json\/wp\/v2\/media?parent=8748"}],"wp:term":[{"taxonomy":"category","embeddable":true,"href":"https:\/\/projectes.xtec.cat\/acollidasuport\/wp-json\/wp\/v2\/categories?post=8748"},{"taxonomy":"post_tag","embeddable":true,"href":"https:\/\/projectes.xtec.cat\/acollidasuport\/wp-json\/wp\/v2\/tags?post=8748"}],"curies":[{"name":"wp","href":"https:\/\/api.w.org\/{rel}","templated":true}]}}