{"id":8817,"date":"2021-03-02T17:00:01","date_gmt":"2021-03-02T16:00:01","guid":{"rendered":"https:\/\/projectes.xtec.cat\/acollidasuport\/?p=8817"},"modified":"2024-04-13T21:16:01","modified_gmt":"2024-04-13T19:16:01","slug":"gimcana-telematica-del-gela-diversitat-linguistica-i-cultural","status":"publish","type":"post","link":"https:\/\/projectes.xtec.cat\/acollidasuport\/portada\/gimcana-telematica-del-gela-diversitat-linguistica-i-cultural\/","title":{"rendered":"Gimcana telem\u00e0tica del GELA: diversitat ling\u00fc\u00edstica i cultural"},"content":{"rendered":"<p><span style=\"font-weight: 400;\"><a href=\"https:\/\/projectes.xtec.cat\/acollidasuport\/wp-content\/uploads\/usu2169\/2021\/02\/Gimcana-GELA.png\"><img loading=\"lazy\" decoding=\"async\" class=\"size-full wp-image-8818 alignright\" src=\"https:\/\/projectes.xtec.cat\/acollidasuport\/wp-content\/uploads\/usu2169\/2021\/02\/Gimcana-GELA.png\" alt=\"\" width=\"450\" height=\"200\" srcset=\"https:\/\/projectes.xtec.cat\/acollidasuport\/wp-content\/uploads\/usu2169\/2021\/02\/Gimcana-GELA.png 450w, https:\/\/projectes.xtec.cat\/acollidasuport\/wp-content\/uploads\/usu2169\/2021\/02\/Gimcana-GELA-300x133.png 300w\" sizes=\"auto, (max-width: 450px) 100vw, 450px\" \/><\/a>Enguany, el <\/span><a href=\"http:\/\/gela.cat\/doku.php?id=GELA\"><strong><i>Grup d\u2019Estudi de Lleng\u00fces Amena\u00e7ades<\/i> (GELA)<\/strong><\/a><span style=\"font-weight: 400;\">\u00a0de la Universitat de Barcelona participa en la <a href=\"http:\/\/www.ub.edu\/laubdivulga\/festacienciaub\/\"><strong>Festa de la Ci\u00e8ncia<\/strong><\/a>, celebrada en aquesta ocasi\u00f3 de manera virtual, amb una <\/span><b>Gimcana telem\u00e0tica<\/b><span style=\"font-weight: 400;\"> per fer con\u00e8ixer la <\/span><b>diversitat ling\u00fc\u00edstica i cultural<\/b><span style=\"font-weight: 400;\"> que existeix al m\u00f3n. Es tracta d\u2019un joc on aprendreu dades interessants i curioses de l\u2019etimologia i l\u2019origen de les paraules. Us hem d\u2019advertir, per\u00f2, que a mesura que avanceu amb les preguntes, la dificultat anir\u00e0 creixent. Aconseguireu arribar a l\u2019\u00faltim nivell? No patiu si no us en sortiu: l\u2019avantatge \u00e9s que, a base d\u2019assaig i error, adquirireu m\u00e9s coneixement.<\/span><\/p>\n<p><span style=\"font-weight: 400;\">Comen\u00e7ant pel nivell <em>amateur<\/em>, trobem deu preguntes, la primera de les quals \u00e9s: <\/span><b>quantes lleng\u00fces hi ha al m\u00f3n? <\/b><span style=\"font-weight: 400;\">Compte: no \u00e9s una pregunta f\u00e0cil de contestar. Un cop superades aquestes preguntes inicials, passareu a nivells m\u00e9s avan\u00e7ats: <em>coneixement<\/em> (cinc preguntes), <em>experimentaci\u00f3<\/em> (tres preguntes), <em>expertesa<\/em> (dues preguntes) i, per descomptat, l\u2019impossible, on us enfrontareu a una pregunta final i haureu de demostrar que sou dignes del t\u00edtol \u201cinvencibles\u201d.<\/span><\/p>\n<p><b>Us hi atreviu? <\/b><span style=\"font-weight: 400;\">Us deixem l\u2019enlla\u00e7<\/span> <a href=\"http:\/\/www.gela.cat\/doku.php?id=joc\"><span style=\"font-weight: 400;\">aqu\u00ed<\/span><\/a><span style=\"font-weight: 400;\"> perqu\u00e8 pugueu participar en la Gimcana.<\/span><\/p>\n<p><span style=\"font-weight: 400;\">D\u2019altra banda, aquesta gimcana \u00e9s, a m\u00e9s, un bon recurs per <\/span><b>sensibilitzar<\/b><span style=\"font-weight: 400;\"> l\u2019alumnat, tant de l\u2019aula d\u2019acollida com de l\u2019aula ordin\u00e0ria, de totes les lleng\u00fces existents, de les que es troben en perill de desaparici\u00f3 o que ja han desaparegut. Malauradament, aquestes \u00faltimes representen quasi la meitat del total (dades extretes de les <\/span><a href=\"http:\/\/www.unesco.org\/languages-atlas\/index.php?hl=en&amp;page=statistics\"><span style=\"font-weight: 400;\">estad\u00edstiques fetes<\/span><\/a><span style=\"font-weight: 400;\"> per la<strong> UNESCO<\/strong>).<\/span><\/p>\n<p><span style=\"font-weight: 400;\">Anteriorment, vam publicar en aquest Nodes un article sobre el <\/span><a href=\"https:\/\/projectes.xtec.cat\/acollidasuport\/portada\/21-febrer-dia-internacional-llengua-materna\/\"><span style=\"font-weight: 400;\">Dia Internacional de la Llengua Materna<\/span><\/a><span style=\"font-weight: 400;\"> en qu\u00e8 vam proposar un <\/span><b>conjunt d\u2019activitats<\/b><span style=\"font-weight: 400;\"> que es podrien dur a terme a l\u2019aula, adaptades segons el grup-classe. Aquestes activitats es podrien modificar amb l\u2019objectiu de plantejar a l\u2019aula la problem\u00e0tica de les lleng\u00fces amena\u00e7ades al m\u00f3n. Per incidir en la import\u00e0ncia de preservar les lleng\u00fces, tamb\u00e9 trobem \u00fatils l\u2019<\/span><a href=\"http:\/\/www.unesco.org\/languages-atlas\/\"><span style=\"font-weight: 400;\">atles ling\u00fc\u00edstic de la UNESCO<\/span><\/a><span style=\"font-weight: 400;\"> o l\u2019<\/span><a href=\"http:\/\/www.endangeredlanguages.com\/?hl=es#\/6\/41.110\/1.386\/0\/100000\/0\/low\/mid\/high\/dormant\"><span style=\"font-weight: 400;\">atles del projecte de lleng\u00fces en perill<\/span><\/a><span style=\"font-weight: 400;\">, dos bons <\/span><b>recursos <\/b><span style=\"font-weight: 400;\">per identificar, fins i tot, lleng\u00fces properes i que es troben amena\u00e7ades als pa\u00efsos d\u2019origen de l\u2019alumnat nouvingut i d\u2019origen estranger.<\/span><\/p>\n","protected":false},"excerpt":{"rendered":"<p>Enguany, el Grup d\u2019Estudi de Lleng\u00fces Amena\u00e7ades (GELA)\u00a0de la Universitat de Barcelona participa en la Festa de la Ci\u00e8ncia, celebrada en aquesta ocasi\u00f3 de manera virtual, amb una Gimcana telem\u00e0tica per fer con\u00e8ixer la diversitat ling\u00fc\u00edstica i cultural que existeix al m\u00f3n. Es tracta d\u2019un joc on aprendreu dades interessants i curioses de l\u2019etimologia i l\u2019origen de les paraules. Us hem d\u2019advertir, per\u00f2, que a mesura que avanceu amb les preguntes, la dificultat anir\u00e0 creixent. Aconseguireu arribar a l\u2019\u00faltim nivell? No patiu si no us en sortiu: l\u2019avantatge \u00e9s que, a base d\u2019assaig i error, adquirireu m\u00e9s coneixement.&hellip;  <a href=\"https:\/\/projectes.xtec.cat\/acollidasuport\/portada\/gimcana-telematica-del-gela-diversitat-linguistica-i-cultural\/\" title=\"Read Gimcana telem\u00e0tica del GELA: diversitat ling\u00fc\u00edstica i cultural\">Llegeix m\u00e9s\u00bb<\/a><\/p>\n","protected":false},"author":1,"featured_media":8818,"comment_status":"open","ping_status":"closed","sticky":false,"template":"","format":"standard","meta":{"_bbp_topic_count":0,"_bbp_reply_count":0,"_bbp_total_topic_count":0,"_bbp_total_reply_count":0,"_bbp_voice_count":0,"_bbp_anonymous_reply_count":0,"_bbp_topic_count_hidden":0,"_bbp_reply_count_hidden":0,"_bbp_forum_subforum_count":0,"footnotes":""},"categories":[29,76],"tags":[437,364,539,524,378],"class_list":["post-8817","post","type-post","status-publish","format-standard","has-post-thumbnail","hentry","category-portada","category-recursos","tag-digital","tag-interculturalitat","tag-jocs","tag-jornada","tag-suport-linguistic-i-social"],"post_mailing_queue_ids":[],"_links":{"self":[{"href":"https:\/\/projectes.xtec.cat\/acollidasuport\/wp-json\/wp\/v2\/posts\/8817","targetHints":{"allow":["GET"]}}],"collection":[{"href":"https:\/\/projectes.xtec.cat\/acollidasuport\/wp-json\/wp\/v2\/posts"}],"about":[{"href":"https:\/\/projectes.xtec.cat\/acollidasuport\/wp-json\/wp\/v2\/types\/post"}],"author":[{"embeddable":true,"href":"https:\/\/projectes.xtec.cat\/acollidasuport\/wp-json\/wp\/v2\/users\/1"}],"replies":[{"embeddable":true,"href":"https:\/\/projectes.xtec.cat\/acollidasuport\/wp-json\/wp\/v2\/comments?post=8817"}],"version-history":[{"count":2,"href":"https:\/\/projectes.xtec.cat\/acollidasuport\/wp-json\/wp\/v2\/posts\/8817\/revisions"}],"predecessor-version":[{"id":8820,"href":"https:\/\/projectes.xtec.cat\/acollidasuport\/wp-json\/wp\/v2\/posts\/8817\/revisions\/8820"}],"wp:featuredmedia":[{"embeddable":true,"href":"https:\/\/projectes.xtec.cat\/acollidasuport\/wp-json\/wp\/v2\/media\/8818"}],"wp:attachment":[{"href":"https:\/\/projectes.xtec.cat\/acollidasuport\/wp-json\/wp\/v2\/media?parent=8817"}],"wp:term":[{"taxonomy":"category","embeddable":true,"href":"https:\/\/projectes.xtec.cat\/acollidasuport\/wp-json\/wp\/v2\/categories?post=8817"},{"taxonomy":"post_tag","embeddable":true,"href":"https:\/\/projectes.xtec.cat\/acollidasuport\/wp-json\/wp\/v2\/tags?post=8817"}],"curies":[{"name":"wp","href":"https:\/\/api.w.org\/{rel}","templated":true}]}}