{"id":8821,"date":"2021-03-05T17:00:31","date_gmt":"2021-03-05T16:00:31","guid":{"rendered":"https:\/\/projectes.xtec.cat\/acollidasuport\/?p=8821"},"modified":"2024-04-13T21:15:34","modified_gmt":"2024-04-13T19:15:34","slug":"21-de-marc-dia-mundial-de-la-poesia-commemoracio-des-duna-perspectiva-no-eurocentrica","status":"publish","type":"post","link":"https:\/\/projectes.xtec.cat\/acollidasuport\/general\/21-de-marc-dia-mundial-de-la-poesia-commemoracio-des-duna-perspectiva-no-eurocentrica\/","title":{"rendered":"21 de mar\u00e7 &#8211; Dia mundial de la poesia. Commemoraci\u00f3 des d\u2019una perspectiva no euroc\u00e8ntrica"},"content":{"rendered":"<p><span style=\"font-weight: 400;\"><a href=\"https:\/\/projectes.xtec.cat\/acollidasuport\/wp-content\/uploads\/usu2169\/2021\/03\/Dia-de-la-poesia.png\"><img loading=\"lazy\" decoding=\"async\" class=\"alignleft size-full wp-image-8822\" src=\"https:\/\/projectes.xtec.cat\/acollidasuport\/wp-content\/uploads\/usu2169\/2021\/03\/Dia-de-la-poesia.png\" alt=\"\" width=\"450\" height=\"200\" srcset=\"https:\/\/projectes.xtec.cat\/acollidasuport\/wp-content\/uploads\/usu2169\/2021\/03\/Dia-de-la-poesia.png 450w, https:\/\/projectes.xtec.cat\/acollidasuport\/wp-content\/uploads\/usu2169\/2021\/03\/Dia-de-la-poesia-300x133.png 300w\" sizes=\"auto, (max-width: 450px) 100vw, 450px\" \/><\/a>L\u2019any 1999, la <\/span><a href=\"https:\/\/www.un.org\/es\/observances\/world-poetry-day\"><b>UNESCO<\/b><\/a><span style=\"font-weight: 400;\"> va declarar el <\/span><b>21 de mar\u00e7<\/b><span style=\"font-weight: 400;\"> com el <\/span><b>Dia Mundial de la Poesia <\/b><span style=\"font-weight: 400;\">amb el principal objectiu de recon\u00e8ixer la diversitat ling\u00fc\u00edstica mitjan\u00e7ant l\u2019expressi\u00f3 po\u00e8tica i d\u2019oferir l\u2019oportunitat a les lleng\u00fces amena\u00e7ades de ser un vehicle de comunicaci\u00f3 art\u00edstica en les seves respectives comunitats. Altres prop\u00f2sits d\u2019aquesta commemoraci\u00f3 s\u00f3n promoure l\u2019ensenyament de la poesia, fomentar la tradici\u00f3 oral dels recitals po\u00e8tics, generar una imatge atractiva del g\u00e8nere po\u00e8tic com un instrument d\u2019expressi\u00f3 i establir un di\u00e0leg entre la poesia i la resta de manifestacions art\u00edstiques, com el teatre, la dansa o la m\u00fasica.<\/span><\/p>\n<p><span style=\"font-weight: 400;\">A casa nostra, la <\/span><b><i>Instituci\u00f3 de les Lletres Catalanes<\/i><\/b><span style=\"font-weight: 400;\"> (<\/span><a href=\"https:\/\/cultura.gencat.cat\/ca\/ilc\/inici\/\"><b>ILC<\/b><\/a><span style=\"font-weight: 400;\">) <\/span><span style=\"font-weight: 400;\">\u2014amb la col\u00b7laboraci\u00f3 de diverses entitats p\u00fabliques i privades\u2014 celebra una festa de les lletres i fomenta tot un seguit d\u2019iniciatives de <\/span><span style=\"font-weight: 400;\">celebraci\u00f3<\/span><span style=\"font-weight: 400;\">, arreu dels territoris de parla catalana. Cada any, es fa la tria d\u2019un autor o autora, un poema del qual es tradueix a diverses lleng\u00fces i, enguany, l\u2019escriptora triada ha estat <\/span><a href=\"http:\/\/www.fundacioffuster.org\/ca\/\"><b>Fel\u00edcia Fuster<\/b><\/a><span style=\"font-weight: 400;\"> i el seu poema <\/span><b><i>\u201c<\/i><\/b><a href=\"https:\/\/cultura.gencat.cat\/ca\/ilc\/que-fem\/programes\/dia-mundial-de-la-poesia\/dmp-2021\/\"><b><i>No em despulleu<\/i><\/b><\/a><b><i>\u201d<\/i><\/b><span style=\"font-weight: 400;\">. Podeu aprofitar el poema d\u2019aquesta edici\u00f3, o els d\u2019edicions anteriors, per organitzar recitals po\u00e8tics en les diferents lleng\u00fces del vostre centre o organitzar una exposici\u00f3 de poemes tradu\u00efts, on els alumnes tamb\u00e9 poden incorporar poemes en la llengua pr\u00f2pia i tradu\u00efts al catal\u00e0.<\/span><\/p>\n<p><span style=\"font-weight: 400;\">Sens dubte, celebrar aquesta diada als nostres centres educatius suposa una bona <\/span><span style=\"font-weight: 400;\">ocasi\u00f3<\/span><span style=\"font-weight: 400;\"> per donar valor a les tradicions culturals d\u2019origen del nostre alumnat, sobretot, a aquelles m\u00e9s allunyades de les euroc\u00e8ntriques, les no occidentals, que dif\u00edcilment es contemplen des dels nostres curr\u00edculums de literatura.<\/span><\/p>\n<p><span style=\"font-weight: 400;\">Al web de la XTEC disposeu dels materials <\/span><a href=\"http:\/\/xtec.gencat.cat\/ca\/projectes\/alumnat-origen-estranger\/suport-linguistic-social\/publicacions\/altres-literatures-universals\/\"><b><i>Les altres literatures universals<\/i><\/b><\/a><span style=\"font-weight: 400;\">, una proposta d\u2019aproximaci\u00f3 a diverses tradicions liter\u00e0ries que segurament trobareu presents a la vostra aula. Aix\u00f2 us permetr\u00e0 fer un replantejament de la did\u00e0ctica de la literatura i us ajudar\u00e0 a recon\u00e8ixer i donar valor a la tradici\u00f3 cultural de l\u2019alumnat d\u2019origen estranger.<\/span><\/p>\n<p><b>Per un 21 de mar\u00e7 po\u00e8ticament divers!<\/b><\/p>\n","protected":false},"excerpt":{"rendered":"<p>L\u2019any 1999, la UNESCO va declarar el 21 de mar\u00e7 com el Dia Mundial de la Poesia amb el principal objectiu de recon\u00e8ixer la diversitat ling\u00fc\u00edstica mitjan\u00e7ant l\u2019expressi\u00f3 po\u00e8tica i d\u2019oferir l\u2019oportunitat a les lleng\u00fces amena\u00e7ades de ser un vehicle de comunicaci\u00f3 art\u00edstica en les seves respectives comunitats. Altres prop\u00f2sits d\u2019aquesta commemoraci\u00f3 s\u00f3n promoure l\u2019ensenyament de la poesia, fomentar la tradici\u00f3 oral dels recitals po\u00e8tics, generar una imatge atractiva del g\u00e8nere po\u00e8tic com un instrument d\u2019expressi\u00f3 i establir un di\u00e0leg entre la poesia i la resta de manifestacions art\u00edstiques, com el teatre, la dansa o la m\u00fasica.&hellip;  <a href=\"https:\/\/projectes.xtec.cat\/acollidasuport\/general\/21-de-marc-dia-mundial-de-la-poesia-commemoracio-des-duna-perspectiva-no-eurocentrica\/\" title=\"Read 21 de mar\u00e7 &#8211; Dia mundial de la poesia. Commemoraci\u00f3 des d\u2019una perspectiva no euroc\u00e8ntrica\">Llegeix m\u00e9s\u00bb<\/a><\/p>\n","protected":false},"author":1,"featured_media":8822,"comment_status":"open","ping_status":"closed","sticky":false,"template":"","format":"standard","meta":{"_bbp_topic_count":0,"_bbp_reply_count":0,"_bbp_total_topic_count":0,"_bbp_total_reply_count":0,"_bbp_voice_count":0,"_bbp_anonymous_reply_count":0,"_bbp_topic_count_hidden":0,"_bbp_reply_count_hidden":0,"_bbp_forum_subforum_count":0,"footnotes":""},"categories":[1,29],"tags":[474],"class_list":["post-8821","post","type-post","status-publish","format-standard","has-post-thumbnail","hentry","category-general","category-portada","tag-dia-internacional"],"post_mailing_queue_ids":[],"_links":{"self":[{"href":"https:\/\/projectes.xtec.cat\/acollidasuport\/wp-json\/wp\/v2\/posts\/8821","targetHints":{"allow":["GET"]}}],"collection":[{"href":"https:\/\/projectes.xtec.cat\/acollidasuport\/wp-json\/wp\/v2\/posts"}],"about":[{"href":"https:\/\/projectes.xtec.cat\/acollidasuport\/wp-json\/wp\/v2\/types\/post"}],"author":[{"embeddable":true,"href":"https:\/\/projectes.xtec.cat\/acollidasuport\/wp-json\/wp\/v2\/users\/1"}],"replies":[{"embeddable":true,"href":"https:\/\/projectes.xtec.cat\/acollidasuport\/wp-json\/wp\/v2\/comments?post=8821"}],"version-history":[{"count":2,"href":"https:\/\/projectes.xtec.cat\/acollidasuport\/wp-json\/wp\/v2\/posts\/8821\/revisions"}],"predecessor-version":[{"id":8824,"href":"https:\/\/projectes.xtec.cat\/acollidasuport\/wp-json\/wp\/v2\/posts\/8821\/revisions\/8824"}],"wp:featuredmedia":[{"embeddable":true,"href":"https:\/\/projectes.xtec.cat\/acollidasuport\/wp-json\/wp\/v2\/media\/8822"}],"wp:attachment":[{"href":"https:\/\/projectes.xtec.cat\/acollidasuport\/wp-json\/wp\/v2\/media?parent=8821"}],"wp:term":[{"taxonomy":"category","embeddable":true,"href":"https:\/\/projectes.xtec.cat\/acollidasuport\/wp-json\/wp\/v2\/categories?post=8821"},{"taxonomy":"post_tag","embeddable":true,"href":"https:\/\/projectes.xtec.cat\/acollidasuport\/wp-json\/wp\/v2\/tags?post=8821"}],"curies":[{"name":"wp","href":"https:\/\/api.w.org\/{rel}","templated":true}]}}