{"id":8858,"date":"2021-03-24T17:00:56","date_gmt":"2021-03-24T16:00:56","guid":{"rendered":"https:\/\/projectes.xtec.cat\/acollidasuport\/?p=8858"},"modified":"2024-04-17T15:07:46","modified_gmt":"2024-04-17T13:07:46","slug":"7-dabril-dia-mundial-de-la-salut-2021-construir-un-mon-mes-just-i-saludable","status":"publish","type":"post","link":"https:\/\/projectes.xtec.cat\/acollidasuport\/portada\/7-dabril-dia-mundial-de-la-salut-2021-construir-un-mon-mes-just-i-saludable\/","title":{"rendered":"7 d\u2019abril &#8211; Dia mundial de la salut 2021. Construir un m\u00f3n m\u00e9s just i saludable"},"content":{"rendered":"<p><span style=\"font-weight: 400;\"><img loading=\"lazy\" decoding=\"async\" class=\"alignleft size-full wp-image-8859\" src=\"https:\/\/projectes.xtec.cat\/acollidasuport\/wp-content\/uploads\/usu2169\/2021\/03\/Dia-mundial-de-la-salut.png\" alt=\"\" width=\"450\" height=\"200\" srcset=\"https:\/\/projectes.xtec.cat\/acollidasuport\/wp-content\/uploads\/usu2169\/2021\/03\/Dia-mundial-de-la-salut.png 450w, https:\/\/projectes.xtec.cat\/acollidasuport\/wp-content\/uploads\/usu2169\/2021\/03\/Dia-mundial-de-la-salut-300x133.png 300w\" sizes=\"auto, (max-width: 450px) 100vw, 450px\" \/>L\u2019any 1948, la <\/span><a href=\"https:\/\/www.euro.who.int\/en\/home\"><b>World Health Assembly<\/b><\/a><span style=\"font-weight: 400;\"> (Assemblea Mundial de la Salut) va <\/span><span style=\"font-weight: 400;\">proclamar el 7 d\u2019abril com el Dia Mundial de la Salut per tal de commemorar la fundaci\u00f3 de l\u2019Organitzaci\u00f3 Mundial de la Salut (OMS) i amb la voluntat de crear consci\u00e8ncia sobre les malalties mortals mundials i crear h\u00e0bits sans en les persones.<\/span><\/p>\n<p><span style=\"font-weight: 400;\">Anualment es tria un tema que estigui fonamentat en les necessitats i suggeriments que realitzen els estats membres i, enguany, l\u2019<\/span><a href=\"https:\/\/www.who.int\/es\/campaigns\/world-health-day\/2021\"><b>OMS<\/b><\/a><span style=\"font-weight: 400;\"> es proposa dur a terme una campanya que tingui com a objectiu sensibilitzar la poblaci\u00f3 per adornar-nos que ens cal construir un m\u00f3n m\u00e9s just i saludable.<\/span><\/p>\n<p><span style=\"font-weight: 400;\">Segurament, aquests dies us heu trobat treballant a l\u2019aula amb l\u2019alumnat temes vinculats amb la COVID-19 perqu\u00e8, entre altres coses, termes com <\/span><i><span style=\"font-weight: 400;\">virus, pand\u00e8mia, vacuna, contagi<\/span><\/i><span style=\"font-weight: 400;\">\u2026 s\u2019han instal\u00b7lat en el nostre dia a dia. A continuaci\u00f3 us <\/span><span style=\"font-weight: 400;\">presentem un parell de materials que esperem que us siguin d\u2019utilitat per treballar aquest <\/span><b>l\u00e8xic<\/b><span style=\"font-weight: 400;\"> amb l\u2019alumnat nouvingut:<\/span><\/p>\n<ul>\n<li aria-level=\"1\"><b><a href=\"https:\/\/www.diccionaridemedicina.app\/web\/\">El primer diccionari de medicina il\u00b7lustrat per a infants<\/a><span style=\"font-weight: 400;\"> \u00e9s un <\/span><span style=\"font-weight: 400;\">projecte dirigit per <\/span>Rosa Estop\u00e0<span style=\"font-weight: 400;\">, investigadora de l&#8217;<\/span><a href=\"https:\/\/www.upf.edu\/web\/focus\/noticies\/-\/asset_publisher\/qOocsyZZDGHL\/content\/id\/241785522\/maximized#.YFs-p69KiUn\">Institut de Ling\u00fc\u00edstica Aplicada de la UPF<\/a><span style=\"font-weight: 400;\">, que t\u00e9 com a objectiu explicar el significat i l&#8217;\u00fas del vocabulari b\u00e0sic de salut i malalties als infants. En la seva el\u00b7laboraci\u00f3, hi han participat m\u00e9s de 1.200 nens de Catalunya i metges del Col\u00b7legi de Metges de Girona i metges i infermeres del Servei de Pediatria de l\u2019Hospital del Mar.<\/span><\/b><\/li>\n<li aria-level=\"1\">L\u2019<a style=\"font-family: inherit; font-size: 1em;\" href=\"https:\/\/espaiescoles.farmaceuticonline.com\/\"><b>espai escoles<\/b><\/a><span style=\"font-weight: 400;\"> del <\/span><b style=\"font-family: inherit; font-size: 1em;\">Col\u00b7legi de farmac\u00e8utics de Barcelona<\/b><span style=\"font-weight: 400;\"> ofereix el <\/span><a style=\"font-family: inherit; font-size: 1em;\" href=\"https:\/\/espaiescoles.farmaceuticonline.com\/el-xarop-dels-idiomes\/\"><b>Xarop dels idiomes<\/b><\/a><span style=\"font-weight: 400;\">, un traductor de s\u00edmptomes a 18 idiomes, i altres recursos com<\/span><a style=\"font-family: inherit; font-size: 1em;\" href=\"https:\/\/espaiescoles.farmaceuticonline.com\/jocs-i-retallables\/\"><b> jocs i retallables<\/b><\/a><span style=\"font-weight: 400;\"> que podeu fer servir a l\u2019aula.<\/span><\/li>\n<\/ul>\n","protected":false},"excerpt":{"rendered":"<p>L\u2019any 1948, la World Health Assembly (Assemblea Mundial de la Salut) va proclamar el 7 d\u2019abril com el Dia Mundial de la Salut per tal de commemorar la fundaci\u00f3 de l\u2019Organitzaci\u00f3 Mundial de la Salut (OMS) i amb la voluntat de crear consci\u00e8ncia sobre les malalties mortals mundials i crear h\u00e0bits sans en les persones.&hellip;  <a href=\"https:\/\/projectes.xtec.cat\/acollidasuport\/portada\/7-dabril-dia-mundial-de-la-salut-2021-construir-un-mon-mes-just-i-saludable\/\" title=\"Read 7 d\u2019abril &#8211; Dia mundial de la salut 2021. Construir un m\u00f3n m\u00e9s just i saludable\">Llegeix m\u00e9s\u00bb<\/a><\/p>\n","protected":false},"author":1,"featured_media":8859,"comment_status":"open","ping_status":"closed","sticky":false,"template":"","format":"standard","meta":{"_bbp_topic_count":0,"_bbp_reply_count":0,"_bbp_total_topic_count":0,"_bbp_total_reply_count":0,"_bbp_voice_count":0,"_bbp_anonymous_reply_count":0,"_bbp_topic_count_hidden":0,"_bbp_reply_count_hidden":0,"_bbp_forum_subforum_count":0,"footnotes":""},"categories":[287,29,76],"tags":[351,524],"class_list":["post-8858","post","type-post","status-publish","format-standard","has-post-thumbnail","hentry","category-acollida","category-portada","category-recursos","tag-aprenentatge","tag-jornada"],"post_mailing_queue_ids":[],"_links":{"self":[{"href":"https:\/\/projectes.xtec.cat\/acollidasuport\/wp-json\/wp\/v2\/posts\/8858","targetHints":{"allow":["GET"]}}],"collection":[{"href":"https:\/\/projectes.xtec.cat\/acollidasuport\/wp-json\/wp\/v2\/posts"}],"about":[{"href":"https:\/\/projectes.xtec.cat\/acollidasuport\/wp-json\/wp\/v2\/types\/post"}],"author":[{"embeddable":true,"href":"https:\/\/projectes.xtec.cat\/acollidasuport\/wp-json\/wp\/v2\/users\/1"}],"replies":[{"embeddable":true,"href":"https:\/\/projectes.xtec.cat\/acollidasuport\/wp-json\/wp\/v2\/comments?post=8858"}],"version-history":[{"count":3,"href":"https:\/\/projectes.xtec.cat\/acollidasuport\/wp-json\/wp\/v2\/posts\/8858\/revisions"}],"predecessor-version":[{"id":8863,"href":"https:\/\/projectes.xtec.cat\/acollidasuport\/wp-json\/wp\/v2\/posts\/8858\/revisions\/8863"}],"wp:featuredmedia":[{"embeddable":true,"href":"https:\/\/projectes.xtec.cat\/acollidasuport\/wp-json\/wp\/v2\/media\/8859"}],"wp:attachment":[{"href":"https:\/\/projectes.xtec.cat\/acollidasuport\/wp-json\/wp\/v2\/media?parent=8858"}],"wp:term":[{"taxonomy":"category","embeddable":true,"href":"https:\/\/projectes.xtec.cat\/acollidasuport\/wp-json\/wp\/v2\/categories?post=8858"},{"taxonomy":"post_tag","embeddable":true,"href":"https:\/\/projectes.xtec.cat\/acollidasuport\/wp-json\/wp\/v2\/tags?post=8858"}],"curies":[{"name":"wp","href":"https:\/\/api.w.org\/{rel}","templated":true}]}}