{"id":8986,"date":"2021-05-12T17:00:40","date_gmt":"2021-05-12T15:00:40","guid":{"rendered":"https:\/\/projectes.xtec.cat\/acollidasuport\/?p=8986"},"modified":"2024-04-17T11:33:34","modified_gmt":"2024-04-17T09:33:34","slug":"juguem-i-aprenem-en-linia-amb-el-nou-canal-de-youtube-dedu365","status":"publish","type":"post","link":"https:\/\/projectes.xtec.cat\/acollidasuport\/general\/juguem-i-aprenem-en-linia-amb-el-nou-canal-de-youtube-dedu365\/","title":{"rendered":"Juguem i aprenem en l\u00ednia amb el nou canal de Youtube d\u2019edu365"},"content":{"rendered":"<p><span style=\"font-weight: 400;\"><img loading=\"lazy\" decoding=\"async\" class=\"alignleft wp-image-8989\" src=\"https:\/\/projectes.xtec.cat\/acollidasuport\/wp-content\/uploads\/usu2169\/2021\/05\/Juguem-i-aprenem.png\" alt=\"\" width=\"326\" height=\"145\" srcset=\"https:\/\/projectes.xtec.cat\/acollidasuport\/wp-content\/uploads\/usu2169\/2021\/05\/Juguem-i-aprenem.png 450w, https:\/\/projectes.xtec.cat\/acollidasuport\/wp-content\/uploads\/usu2169\/2021\/05\/Juguem-i-aprenem-300x133.png 300w\" sizes=\"auto, (max-width: 326px) 100vw, 326px\" \/><\/span><\/p>\n<p><span style=\"font-weight: 400;\">El canal de recursos educatius <\/span><a href=\"https:\/\/www.edu365.cat\/\"><b>edu365.cat<\/b><\/a><span style=\"font-weight: 400;\"> ha obert un <\/span><a href=\"https:\/\/www.youtube.com\/channel\/UC1fimXAp-z2GdVCVO5ifl1g\/featured\"><b>canal de Youtube<\/b><\/a><span style=\"font-weight: 400;\"> propi que ofereix c\u00e0psules d\u2019entre 1 i 2 minuts sobre molts temes diferents. Es tracta d\u2019un recurs visual que ens pot ajudar a treballar l\u2019aprenentatge de la llengua amb l\u2019alumnat d\u2019origen estranger.<\/span><\/p>\n<p><span style=\"font-weight: 400;\">Dins la s\u00e8rie <\/span><b><i>Sabies que<\/i><\/b><b>\u2026 <\/b><span style=\"font-weight: 400;\">\u00a0hem fet una selecci\u00f3 de clips en funci\u00f3 dels continguts que es podrien tractar a l\u2019aula.<\/span><\/p>\n<p>&nbsp;<\/p>\n<ul>\n<li style=\"font-weight: 400;\" aria-level=\"1\"><span style=\"font-weight: 400;\">Si parlem d\u2019actualitat a classe, a m\u00e9s de recursos com <\/span><a href=\"https:\/\/www.ccma.cat\/tv3\/super3\/infok\/\"><b>l\u2019INFO K<\/b><\/a><span style=\"font-weight: 400;\">, tenim aquestes c\u00e0psules molt breus i clares en qu\u00e8 s\u2019explica qu\u00e8 \u00e9s una <\/span><a href=\"https:\/\/www.youtube.com\/watch?v=z5NrDcdhdmQ&amp;list=PLSGSzyoOanuVgQhSC6IhcipZ7OQD9nsuC&amp;index=22\"><b>not\u00edcia<\/b> <\/a><span style=\"font-weight: 400;\">, qu\u00e8 s\u00f3n <\/span><a href=\"https:\/\/www.youtube.com\/watch?v=RXp0jOw-p_U\"><b>les fake news<\/b><\/a><span style=\"font-weight: 400;\"> i sobre <\/span><a href=\"https:\/\/www.youtube.com\/watch?v=nYd7WdpYWQ4\"><b>la publicitat<\/b><span style=\"font-weight: 400;\">.<\/span><span style=\"font-weight: 400;\">\u00a0<\/span><\/a><\/li>\n<li style=\"font-weight: 400;\" aria-level=\"1\"><span style=\"font-weight: 400;\">Per treballar la comprensi\u00f3 lectora d\u2019un conte o l\u2019expressi\u00f3 escrita d\u2019un petit text narratiu, els seg\u00fcents v\u00eddeos ens ofereixen explicacions molt breus i clares sobre la <\/span><a href=\"https:\/\/www.youtube.com\/watch?v=Ljoq7txdZDQ\"><b>literatura<\/b><\/a><span style=\"font-weight: 400;\">, el <\/span><a href=\"https:\/\/www.youtube.com\/watch?v=-tQby7lkrzY\"><b>text narratiu<\/b><\/a><span style=\"font-weight: 400;\"> i el <\/span><a href=\"https:\/\/www.youtube.com\/watch?v=fagSCWev6UM\"><b>c\u00f2mic<\/b><span style=\"font-weight: 400;\">.<\/span><span style=\"font-weight: 400;\">\u00a0<\/span><\/a><\/li>\n<li style=\"font-weight: 400;\" aria-level=\"1\"><span style=\"font-weight: 400;\">Per practicar el l\u00e8xic a l\u2019aula podem fer una reflexi\u00f3 sobre les <\/span><a href=\"https:\/\/www.youtube.com\/watch?v=N-fYF8VS4yE\"><b>expressions discriminat\u00f2ries<\/b><\/a><span style=\"font-weight: 400;\"> i seguir treballant el vocabulari amb converses inspirades en els seg\u00fcents clips sobre gen\u00e8tica a <\/span><a href=\"https:\/\/www.youtube.com\/watch?v=AO7XjyXOprg\"><b>som com som<\/b><\/a><span style=\"font-weight: 400;\">,\u00a0 sobre el patrimoni cultural del llenguatge de les diferents lleng\u00fces amb <\/span><a href=\"https:\/\/www.youtube.com\/watch?v=0ZuMAH6rsP4\"><b>expressions fetes<\/b><\/a><span style=\"font-weight: 400;\"> o sobre el fet d\u2019aprendre llengua i la pr\u00f2pia personalitat a <\/span><a href=\"https:\/\/www.youtube.com\/watch?v=Jd9fClFWp68&amp;list=PLSGSzyoOanuVgQhSC6IhcipZ7OQD9nsuC&amp;index=61\"><b>parlar i escriure<\/b><\/a><span style=\"font-weight: 400;\">.<\/span><\/li>\n<\/ul>\n<p><span style=\"font-weight: 400;\">Dins la s\u00e8rie <\/span><b><i>C\u00e1psules<\/i><\/b><span style=\"font-weight: 400;\"> tamb\u00e9 hi podem trobar un ventall de clips que mostren les possibilitats que proporcionen les tecnologies digitals quan volem aprendre un idioma i mantenir-lo viu. Amb la finalitat de trencar les limitacions del llibre de text, aquest material ens convida a fer un aprenentatge m\u00e9s interactiu per tal que l\u2019alumnat en sigui protagonista.<\/span><\/p>\n<p><span style=\"font-weight: 400;\">Treballarem la comprensi\u00f3 oral, la comprensi\u00f3 lectora, la compet\u00e8ncia digital, adquirirem nou vocabulari, trobarem temes nous de conversa i compartirem experi\u00e8ncies, farem podcasting i, si volem, participarem a les xarxes socials.\u00a0<\/span><\/p>\n<p><span style=\"font-weight: 400;\">No ens hem de limitar a un \u00fanic format de contingut ni tampoc a un \u00fanic dispositiu. Trenquem esquemes i <\/span><a href=\"https:\/\/www.youtube.com\/watch?v=Mp1ek7Xpg9w\"><b>aprenguem la llengua divertint-nos<\/b><\/a><span style=\"font-weight: 400;\">, dissenyem les nostres pr\u00f2pies <\/span><a href=\"https:\/\/www.youtube.com\/watch?v=xNuH0PGCLkI&amp;list=PLSGSzyoOanuWfOwkumkQ82LEbJyvX5p9T&amp;index=3\"><b>infografies<\/b><\/a> <span style=\"font-weight: 400;\">introduint recursos visuals al text, creant <\/span><a href=\"https:\/\/www.youtube.com\/watch?v=d6U8l00cpZ8\"><b>p\u00f2sters digitals<\/b><\/a><span style=\"font-weight: 400;\"> interactius combinant v\u00eddeos, sons i imatges en un mateix espai. O fem representacions gr\u00e0fiques per situar els esdeveniments que expliquen la hist\u00f2ria amb recursos audiovisuals com aquestes <\/span><a href=\"https:\/\/www.youtube.com\/watch?v=5FBWIuZsmS0&amp;list=PLSGSzyoOanuWfOwkumkQ82LEbJyvX5p9T&amp;index=6\"><b>l\u00ednies de temps.\u00a0<\/b><\/a><\/p>\n<p><span style=\"font-weight: 400;\">I per acabar, no oblidem que tamb\u00e9 podem cantar a l\u2019aula <\/span><a href=\"https:\/\/www.youtube.com\/watch?v=9DHGRRA0bUI&amp;list=PLSGSzyoOanuWfOwkumkQ82LEbJyvX5p9T&amp;index=14\"><b>tocant nosaltres mateixos la m\u00fasica amb el m\u00f2bil<\/b><\/a>.<\/p>\n<p><span style=\"font-weight: 400;\">Juguem i aprenem en l\u00ednia!!!<\/span><\/p>\n","protected":false},"excerpt":{"rendered":"<p>El canal de recursos educatius edu365.cat ha obert un canal de Youtube propi que ofereix c\u00e0psules d\u2019entre 1 i 2 minuts sobre molts temes diferents. Es tracta d\u2019un recurs visual que ens pot ajudar a treballar l\u2019aprenentatge de la llengua amb l\u2019alumnat d\u2019origen estranger.&hellip;  <a href=\"https:\/\/projectes.xtec.cat\/acollidasuport\/general\/juguem-i-aprenem-en-linia-amb-el-nou-canal-de-youtube-dedu365\/\" title=\"Read Juguem i aprenem en l\u00ednia amb el nou canal de Youtube d\u2019edu365\">Llegeix m\u00e9s\u00bb<\/a><\/p>\n","protected":false},"author":1,"featured_media":8989,"comment_status":"open","ping_status":"closed","sticky":false,"template":"","format":"standard","meta":{"_bbp_topic_count":0,"_bbp_reply_count":0,"_bbp_total_topic_count":0,"_bbp_total_reply_count":0,"_bbp_voice_count":0,"_bbp_anonymous_reply_count":0,"_bbp_topic_count_hidden":0,"_bbp_reply_count_hidden":0,"_bbp_forum_subforum_count":0,"footnotes":""},"categories":[287,1,29],"tags":[437],"class_list":["post-8986","post","type-post","status-publish","format-standard","has-post-thumbnail","hentry","category-acollida","category-general","category-portada","tag-digital"],"post_mailing_queue_ids":[],"_links":{"self":[{"href":"https:\/\/projectes.xtec.cat\/acollidasuport\/wp-json\/wp\/v2\/posts\/8986","targetHints":{"allow":["GET"]}}],"collection":[{"href":"https:\/\/projectes.xtec.cat\/acollidasuport\/wp-json\/wp\/v2\/posts"}],"about":[{"href":"https:\/\/projectes.xtec.cat\/acollidasuport\/wp-json\/wp\/v2\/types\/post"}],"author":[{"embeddable":true,"href":"https:\/\/projectes.xtec.cat\/acollidasuport\/wp-json\/wp\/v2\/users\/1"}],"replies":[{"embeddable":true,"href":"https:\/\/projectes.xtec.cat\/acollidasuport\/wp-json\/wp\/v2\/comments?post=8986"}],"version-history":[{"count":3,"href":"https:\/\/projectes.xtec.cat\/acollidasuport\/wp-json\/wp\/v2\/posts\/8986\/revisions"}],"predecessor-version":[{"id":8992,"href":"https:\/\/projectes.xtec.cat\/acollidasuport\/wp-json\/wp\/v2\/posts\/8986\/revisions\/8992"}],"wp:featuredmedia":[{"embeddable":true,"href":"https:\/\/projectes.xtec.cat\/acollidasuport\/wp-json\/wp\/v2\/media\/8989"}],"wp:attachment":[{"href":"https:\/\/projectes.xtec.cat\/acollidasuport\/wp-json\/wp\/v2\/media?parent=8986"}],"wp:term":[{"taxonomy":"category","embeddable":true,"href":"https:\/\/projectes.xtec.cat\/acollidasuport\/wp-json\/wp\/v2\/categories?post=8986"},{"taxonomy":"post_tag","embeddable":true,"href":"https:\/\/projectes.xtec.cat\/acollidasuport\/wp-json\/wp\/v2\/tags?post=8986"}],"curies":[{"name":"wp","href":"https:\/\/api.w.org\/{rel}","templated":true}]}}