{"id":9017,"date":"2021-05-27T17:00:31","date_gmt":"2021-05-27T15:00:31","guid":{"rendered":"https:\/\/projectes.xtec.cat\/acollidasuport\/?p=9017"},"modified":"2024-04-17T11:09:08","modified_gmt":"2024-04-17T09:09:08","slug":"reimagina-recrea-restaura-dia-mundial-del-medi-ambient","status":"publish","type":"post","link":"https:\/\/projectes.xtec.cat\/acollidasuport\/portada\/reimagina-recrea-restaura-dia-mundial-del-medi-ambient\/","title":{"rendered":"Reimagina, recrea, restaura: dia Mundial del Medi Ambient"},"content":{"rendered":"<p><span style=\"font-weight: 400;\">Gaireb\u00e9 a final de curs, arriba cada any una celebraci\u00f3 imprescindible: el <\/span><b>Dia Mundial del Medi Ambient <\/b><span style=\"font-weight: 400;\">(DMMA), que se celebra a tot el m\u00f3n el dia 5 de juny des del 1973. <a href=\"https:\/\/projectes.xtec.cat\/acollidasuport\/wp-content\/uploads\/usu2169\/2021\/05\/undecade_logo_ser.jpg\"><img loading=\"lazy\" decoding=\"async\" class=\"wp-image-9018 alignright\" src=\"https:\/\/projectes.xtec.cat\/acollidasuport\/wp-content\/uploads\/usu2169\/2021\/05\/undecade_logo_ser.jpg\" alt=\"\" width=\"424\" height=\"205\" srcset=\"https:\/\/projectes.xtec.cat\/acollidasuport\/wp-content\/uploads\/usu2169\/2021\/05\/undecade_logo_ser.jpg 4255w, https:\/\/projectes.xtec.cat\/acollidasuport\/wp-content\/uploads\/usu2169\/2021\/05\/undecade_logo_ser-300x145.jpg 300w, https:\/\/projectes.xtec.cat\/acollidasuport\/wp-content\/uploads\/usu2169\/2021\/05\/undecade_logo_ser-768x371.jpg 768w, https:\/\/projectes.xtec.cat\/acollidasuport\/wp-content\/uploads\/usu2169\/2021\/05\/undecade_logo_ser-1024x495.jpg 1024w\" sizes=\"auto, (max-width: 424px) 100vw, 424px\" \/><\/a><\/span><\/p>\n<p><span style=\"font-weight: 400;\">Aquestes efem\u00e8rides, establertes per l\u2019<em>Assemblea General de les Nacions Unides<\/em>, tenen com a funci\u00f3 principal la sensibilitzaci\u00f3 de la poblaci\u00f3 mundial entorn de q\u00fcestions socialment vives sobre les quals cal actuar a tots els nivells: global, local i personal. El tema que aborda el <strong>DMMA<\/strong>, la preservaci\u00f3 del medi ambient, \u00e9s especialment urgent i per aix\u00f2 mateix \u00e9s present als curr\u00edculums i en moltes de les activitats escolars.\u00a0<\/span><\/p>\n<p><span style=\"font-weight: 400;\">Cada any, el <strong>DMMA<\/strong> se centra en un tema espec\u00edfic i hi ha un estat organitzador i una ciutat amfitriona de la commemoraci\u00f3. El 2004, dedicat als oceans, l\u2019estat espanyol n\u2019era l\u2019organitzador i el marc va ser el F\u00f2rum de les Cultures que se celebrava a Barcelona. Enguany, li correspon al <\/span><b>Pakistan<\/b><span style=\"font-weight: 400;\"> i el tema ser\u00e0 <\/span><b>la restauraci\u00f3 dels ecosistemes<\/b><span style=\"font-weight: 400;\">, amb el lema <\/span><i><span style=\"font-weight: 400;\">Reimagina, recrea, restaura<\/span><\/i><span style=\"font-weight: 400;\">: concretament, el 5 de juny de 2021 ser\u00e0 la data d\u2019inici oficial del <\/span><b>Decenni de les Nacions Unides sobre la Restauraci\u00f3 dels Ecosistemes<\/b><span style=\"font-weight: 400;\">.\u00a0<\/span><\/p>\n<p><span style=\"font-weight: 400;\">Com sempre, una celebraci\u00f3 d\u2019aquesta import\u00e0ncia \u00e9s una oportunitat a l\u2019escola, per a l\u2019aprenentatge, per a la cohesi\u00f3 de grup i per formar l\u2019alumnat en els valors de ciutadania necessaris per viure en el m\u00f3n global que habitaran. I aquesta oportunitat \u00e9s, a la vegada, un repte a les aules multiling\u00fces i pluriculturals.\u00a0<\/span><\/p>\n<p><span style=\"font-weight: 400;\">En centres on hi hagi alumnat pakistan\u00e8s, el fet que el seu pa\u00eds prengui, per un any, el lideratge en temes ambientals \u00e9s un bon refor\u00e7 per a l\u2019autoestima. Pot ser, doncs, una oportunitat per proposar-los que en cerquin informaci\u00f3 en webs del seu pa\u00eds, en la seva llengua, i la presentin als seus companys del centre en catal\u00e0 o en una altra llengua de l\u2019escola. Aquesta proposta ajudaria a fugir de la imatge m\u00e9s superficial de la diversitat cultural, perqu\u00e8 presentaria un Pakistan que comparteix problemes i enfocaments amb la resta de pa\u00efsos del m\u00f3n, m\u00e9s enll\u00e0 d\u2019aspectes folkl\u00f2rics i de prejudicis. No cal dir que, si els alumnes pakistanesos encara no tenen un bon nivell de llengua per comunicar-se amb flu\u00efdesa, aquesta proposta requerir\u00e0 ajuda docent en diversos graus.\u00a0<\/span><\/p>\n<p><span style=\"font-weight: 400;\">Els ecosistemes i la cura del medi ambient s\u00f3n temes que formen part del curr\u00edculum, tant a prim\u00e0ria, en l\u2019<\/span><strong><a href=\"http:\/\/educacio.gencat.cat\/web\/.content\/home\/departament\/publicacions\/colleccions\/competencies-basiques\/primaria\/ambit-coneixement-medi.pdf\">\u00e0mbit de coneixement del medi<\/a><\/strong><span style=\"font-weight: 400;\"> (dimensi\u00f3 <\/span><i><span style=\"font-weight: 400;\">M\u00f3n actual <\/span><\/i><span style=\"font-weight: 400;\">i dimensi\u00f3 <\/span><i><span style=\"font-weight: 400;\">Ciutadania<\/span><\/i><span style=\"font-weight: 400;\">) com a secund\u00e0ria, en l\u2019<\/span><strong><a href=\"http:\/\/educacio.gencat.cat\/ca\/departament\/publicacions\/colleccions\/competencies-basiques\/eso\/ambit-cientificotecnologic\/\">\u00e0mbit cientificotecnol\u00f2gic<\/a><\/strong><span style=\"font-weight: 400;\"> (dimensi\u00f3 medi ambient) i l\u2019<\/span><strong><a href=\"http:\/\/educacio.gencat.cat\/ca\/departament\/publicacions\/colleccions\/competencies-basiques\/eso\/ambit-social\/\">\u00e0mbit social<\/a><\/strong><span style=\"font-weight: 400;\"> (que parla de sostenibilitat en la dimensi\u00f3 geogr\u00e0fica). S\u00f3n temes atractius per a l\u2019alumnat, que al llarg de l\u2019etapa obligat\u00f2ria s\u2019hi va familiaritzant. Cal tenir en compte, com en qualsevol altra q\u00fcesti\u00f3 que es porta a l\u2019aula, la c\u00e0rrega ling\u00fc\u00edstica que tenen, especialment pel que fa al vocabulari especialitzat. Per exemple, un cop d\u2019ull a la <\/span><strong><a href=\"https:\/\/www.worldenvironmentday.global\/es\">p\u00e0gina de les Nacions Unides sobre el Dia Mundial del Medi Ambient<\/a><\/strong><span style=\"font-weight: 400;\"> ja permet fer una primera llista de termes espec\u00edfics:<\/span><\/p>\n<p><a href=\"https:\/\/projectes.xtec.cat\/acollidasuport\/wp-content\/uploads\/usu2169\/2021\/05\/PARAULETES.png\"><img loading=\"lazy\" decoding=\"async\" class=\" wp-image-9019 aligncenter\" src=\"https:\/\/projectes.xtec.cat\/acollidasuport\/wp-content\/uploads\/usu2169\/2021\/05\/PARAULETES.png\" alt=\"\" width=\"353\" height=\"321\" srcset=\"https:\/\/projectes.xtec.cat\/acollidasuport\/wp-content\/uploads\/usu2169\/2021\/05\/PARAULETES.png 741w, https:\/\/projectes.xtec.cat\/acollidasuport\/wp-content\/uploads\/usu2169\/2021\/05\/PARAULETES-300x273.png 300w\" sizes=\"auto, (max-width: 353px) 100vw, 353px\" \/><\/a><\/p>\n<p><span style=\"font-weight: 400;\">Aquest vocabulari pot suposar una dificultat afegida a l\u2019alumnat d\u2019origen estranger que est\u00e0 consolidant el vocabulari conversacional i comen\u00e7a a fer el pas al vocabulari acad\u00e8mic. Caldr\u00e0, per tant, decidir quins termes s\u00f3n essencials i facilitar-ne la comprensi\u00f3 i l\u2019\u00fas en produccions orals i escrites. Us recomanem, en aquest sentit, que doneu un cop d\u2019ull a:<\/span><\/p>\n<ul>\n<li style=\"font-weight: 400;\" aria-level=\"1\"><span style=\"font-weight: 400;\">Els dossiers del Suport Ling\u00fc\u00edstic i Social, especialment el d&#8217;<\/span><strong><a href=\"http:\/\/xtec.gencat.cat\/web\/.content\/projectes\/alumnat-origen-estranger\/suport-linguistic-social\/publicacions\/quaderns\/documents\/quaderns-SLS-aprendre-vocabulari-materies.pdf\"><i>Aprendre vocabulari en totes les mat\u00e8ries<\/i><\/a> <\/strong>i el d&#8217;<strong><a href=\"http:\/\/xtec.gencat.cat\/web\/.content\/projectes\/alumnat-origen-estranger\/suport-linguistic-social\/publicacions\/quaderns\/documents\/quaderns-SLS-adequar-curriculum.pdf\"><i>Adequar el curr\u00edculum<\/i><\/a><\/strong><span style=\"font-weight: 400;\">.\u00a0<\/span><\/li>\n<li style=\"font-weight: 400;\" aria-level=\"1\"><span style=\"font-weight: 400;\">Altres articles d\u2019aquest Nodes amb orientacions did\u00e0ctiques, com ara <\/span><strong><a href=\"https:\/\/projectes.xtec.cat\/acollidasuport\/portada\/la-dificultat-del-llenguatge-academic\/\"><i>La dificultat del llenguatge acad\u00e8mic<\/i><\/a><\/strong><span style=\"font-weight: 400;\"> i <\/span><strong><a href=\"https:\/\/projectes.xtec.cat\/acollidasuport\/portada\/segur-que-ho-han-entes-fer-comprensible-linput\/\"><i>Segur que ho han ent\u00e8s? Fer comprensible l\u2019input<\/i><\/a><\/strong><\/li>\n<\/ul>\n<p><span style=\"font-weight: 400;\">Finalment, us recomanem que consulteu el <\/span><strong><a href=\"https:\/\/unenvironment.widen.net\/s\/fbjbmplrnb\/ecosystem-restoration-playbook-spanishv3\"><i>Manual para la Restauraci\u00f3n de los Ecosistemas<\/i><\/a><\/strong><span style=\"font-weight: 400;\">, elaborat per les Nacions Unides per al Decenni. S\u2019adre\u00e7a al p\u00fablic general i moltes de les propostes que fa poden ser l\u2019embri\u00f3 de projectes de treball, tant a l\u2019aula ordin\u00e0ria com a l\u2019aula d\u2019acollida. <\/span><\/p>\n","protected":false},"excerpt":{"rendered":"<p>Gaireb\u00e9 a final de curs, arriba cada any una celebraci\u00f3 imprescindible: el Dia Mundial del Medi Ambient (DMMA), que se celebra a tot el m\u00f3n el dia 5 de juny des del 1973. &hellip;  <a href=\"https:\/\/projectes.xtec.cat\/acollidasuport\/portada\/reimagina-recrea-restaura-dia-mundial-del-medi-ambient\/\" title=\"Read Reimagina, recrea, restaura: dia Mundial del Medi Ambient\">Llegeix m\u00e9s\u00bb<\/a><\/p>\n","protected":false},"author":1,"featured_media":9018,"comment_status":"open","ping_status":"closed","sticky":false,"template":"","format":"standard","meta":{"_bbp_topic_count":0,"_bbp_reply_count":0,"_bbp_total_topic_count":0,"_bbp_total_reply_count":0,"_bbp_voice_count":0,"_bbp_anonymous_reply_count":0,"_bbp_topic_count_hidden":0,"_bbp_reply_count_hidden":0,"_bbp_forum_subforum_count":0,"footnotes":""},"categories":[29],"tags":[337],"class_list":["post-9017","post","type-post","status-publish","format-standard","has-post-thumbnail","hentry","category-portada","tag-celebracions"],"post_mailing_queue_ids":[],"_links":{"self":[{"href":"https:\/\/projectes.xtec.cat\/acollidasuport\/wp-json\/wp\/v2\/posts\/9017","targetHints":{"allow":["GET"]}}],"collection":[{"href":"https:\/\/projectes.xtec.cat\/acollidasuport\/wp-json\/wp\/v2\/posts"}],"about":[{"href":"https:\/\/projectes.xtec.cat\/acollidasuport\/wp-json\/wp\/v2\/types\/post"}],"author":[{"embeddable":true,"href":"https:\/\/projectes.xtec.cat\/acollidasuport\/wp-json\/wp\/v2\/users\/1"}],"replies":[{"embeddable":true,"href":"https:\/\/projectes.xtec.cat\/acollidasuport\/wp-json\/wp\/v2\/comments?post=9017"}],"version-history":[{"count":2,"href":"https:\/\/projectes.xtec.cat\/acollidasuport\/wp-json\/wp\/v2\/posts\/9017\/revisions"}],"predecessor-version":[{"id":9021,"href":"https:\/\/projectes.xtec.cat\/acollidasuport\/wp-json\/wp\/v2\/posts\/9017\/revisions\/9021"}],"wp:featuredmedia":[{"embeddable":true,"href":"https:\/\/projectes.xtec.cat\/acollidasuport\/wp-json\/wp\/v2\/media\/9018"}],"wp:attachment":[{"href":"https:\/\/projectes.xtec.cat\/acollidasuport\/wp-json\/wp\/v2\/media?parent=9017"}],"wp:term":[{"taxonomy":"category","embeddable":true,"href":"https:\/\/projectes.xtec.cat\/acollidasuport\/wp-json\/wp\/v2\/categories?post=9017"},{"taxonomy":"post_tag","embeddable":true,"href":"https:\/\/projectes.xtec.cat\/acollidasuport\/wp-json\/wp\/v2\/tags?post=9017"}],"curies":[{"name":"wp","href":"https:\/\/api.w.org\/{rel}","templated":true}]}}