{"id":9033,"date":"2021-06-10T17:00:46","date_gmt":"2021-06-10T15:00:46","guid":{"rendered":"https:\/\/projectes.xtec.cat\/acollidasuport\/?p=9033"},"modified":"2021-06-10T10:16:19","modified_gmt":"2021-06-10T08:16:19","slug":"final-de-curs-temps-de-revetlles","status":"publish","type":"post","link":"https:\/\/projectes.xtec.cat\/acollidasuport\/portada\/final-de-curs-temps-de-revetlles\/","title":{"rendered":"FINAL DE CURS, TEMPS DE REVETLLES"},"content":{"rendered":"<p><span style=\"font-weight: 400;\"><a href=\"https:\/\/projectes.xtec.cat\/acollidasuport\/wp-content\/uploads\/usu2169\/2021\/06\/Sant-Joan.png\"><img loading=\"lazy\" decoding=\"async\" class=\"size-full wp-image-9034 alignright\" src=\"https:\/\/projectes.xtec.cat\/acollidasuport\/wp-content\/uploads\/usu2169\/2021\/06\/Sant-Joan.png\" alt=\"\" width=\"450\" height=\"200\" srcset=\"https:\/\/projectes.xtec.cat\/acollidasuport\/wp-content\/uploads\/usu2169\/2021\/06\/Sant-Joan.png 450w, https:\/\/projectes.xtec.cat\/acollidasuport\/wp-content\/uploads\/usu2169\/2021\/06\/Sant-Joan-300x133.png 300w\" sizes=\"auto, (max-width: 450px) 100vw, 450px\" \/><\/a>S\u2019acosta la data de final de curs que, al nostre pa\u00eds, coincideix amb l\u2019inici del temps de revetlles. De fet, aquest any, el curs acaba el 22 de juny, un dia abans de la revetlla m\u00e9s popular: <\/span><b>Sant Joan<\/b><span style=\"font-weight: 400;\">. Amb les avaluacions enllestides i els objectius de curs assolits, \u00e9s un bon moment per dedicar l\u2019atenci\u00f3 dins l\u2019aula a finalitats que van m\u00e9s enll\u00e0 del curr\u00edculum. La proximitat de la revetlla i el so de petards que potser sentim des de la finestra de la classe, fan oport\u00fa parlar de l\u2019origen d\u2019aquestes festes i les m\u00faltiples variants d\u2019arreu del m\u00f3n.<\/span><\/p>\n<p><span style=\"font-weight: 400;\">Potser el nostre alumnat no sap que aquesta festa celebra el <\/span><b>solstici d\u2019estiu<\/b><span style=\"font-weight: 400;\">, un fet astron\u00f2mic que, en ser f\u00e0cilment observable any rere any, ha tingut l\u2019atenci\u00f3 de totes les cultures des de temps prehist\u00f2rics, tal com testimonien nombroses construccions, com <\/span><i><span style=\"font-weight: 400;\">Stonehenge<\/span><\/i><span style=\"font-weight: 400;\">, els d\u00f2lmens noruecs del cercle polar \u00e0rtic o els temples precolombins (per exemple, la <\/span><i><span style=\"font-weight: 400;\">Porta de Tiwanaku<\/span><\/i><span style=\"font-weight: 400;\">), orientades de manera que, el dia del solstici, el sol hi incideix en un punt concret. Ser\u00e0, doncs, una bona manera de donar context a all\u00f2 que potser hem estudiat en alguna classe de geografia.<\/span><\/p>\n<p><span style=\"font-weight: 400;\">A l\u2019aula d\u2019acollida ser\u00e0 pertinent descriure les festes m\u00e9s freq\u00fcents a Catalunya, amb els elements que les caracteritzen: les <\/span><b>fogueres<\/b><span style=\"font-weight: 400;\"> i la <\/span><b>coca de Sant Joan<\/b><span style=\"font-weight: 400;\">, la <\/span><b>pirot\u00e8cnia<\/b><span style=\"font-weight: 400;\"> i veure sortir el sol, els banys a la platja i, segons la comarca d\u2019on sigui el nostre centre, altres rituals de <\/span><b>foc<\/b><span style=\"font-weight: 400;\">, com les falles del Pirineu.<\/span><\/p>\n<p><span style=\"font-weight: 400;\">La Flama del Canig\u00f3 \u00e9s un ritual que agermana nombrosos municipis dels Pa\u00efsos Catalans, amb del cim del Canig\u00f3, a la comarca nord-catalana del Conflent. Si la Flama arriba a la vostra localitat, \u00e9s una bona oportunitat per parlar-ne i posar en valor, entre altres elements nacionals, el fet que aprendre catal\u00e0 permet comunicar-se m\u00e9s enll\u00e0 del Principat.<\/span><\/p>\n<p><span style=\"font-weight: 400;\">Si preguntem al nostre alumnat d\u2019origen estranger quina mena de celebraci\u00f3 es fa al seu pa\u00eds, probablement obtinguem informaci\u00f3 molt interessant, per aquesta universalitat de la celebraci\u00f3 del solstici. Especialment volem destacar les cultures de Sudam\u00e8rica, on, per la seva situaci\u00f3 a l\u2019altre hemisferi, se celebra l\u2019entrada de l&#8217;hivern. Per comen\u00e7ar, podem assegurar que tot l\u2019alumnat sap que, quan a l\u2019hemisferi nord \u00e9s estiu, a l\u2019hemisferi sud \u00e9s hivern. A prim\u00e0ria potser caldr\u00e0 explicar-ho; l\u2019alumnat de secund\u00e0ria ha treballat a primer d\u2019ESO l\u2019explicaci\u00f3 del fenomen i podem verificar que l\u2019ha ent\u00e8s.\u00a0<\/span><\/p>\n<p><span style=\"font-weight: 400;\">Si tenim alumnes de Bol\u00edvia, Per\u00fa o Xile, \u00e9s possible que hagin sentit a parlar del <\/span><b>We Tripantu<\/b><span style=\"font-weight: 400;\">, celebraci\u00f3 de la cultura maputxe per donar pas a l\u2019hivern, amb la qual es poden trobar paral\u00b7lelismes que mostrin a l\u2019alumnat que no estem tan lluny uns pobles dels altres:<\/span><\/p>\n<ul>\n<li style=\"font-weight: 400;\" aria-level=\"1\"><span style=\"font-weight: 400;\">Una oraci\u00f3 a trenc d\u2019alba mirant a l\u2019est. Una pregunta que es pot fer \u00e9s: quines religions coneixeu on es resi de cara a l\u2019est?<\/span><\/li>\n<li style=\"font-weight: 400;\" aria-level=\"1\"><span style=\"font-weight: 400;\">Un bany purificador en un riu o al mar. Podem relacionar-ho amb el costum catal\u00e0 d\u2019acabar la revetlla a la platja?<\/span><\/li>\n<li style=\"font-weight: 400;\" aria-level=\"1\"><span style=\"font-weight: 400;\">Un \u00e0pat familiar copi\u00f3s, amb aliments de festa. Qu\u00e8 mengem en la nostra festa d\u2019hivern, que \u00e9s Nadal? El We Tripantu pot ser el Nadal maputxe?<\/span><\/li>\n<\/ul>\n<p style=\"text-align: center;\"><a href=\"https:\/\/projectes.xtec.cat\/acollidasuport\/wp-content\/uploads\/usu2169\/2021\/06\/We-tripantu.png\"><img loading=\"lazy\" decoding=\"async\" class=\" wp-image-9035 aligncenter\" src=\"https:\/\/projectes.xtec.cat\/acollidasuport\/wp-content\/uploads\/usu2169\/2021\/06\/We-tripantu.png\" alt=\"\" width=\"568\" height=\"677\" srcset=\"https:\/\/projectes.xtec.cat\/acollidasuport\/wp-content\/uploads\/usu2169\/2021\/06\/We-tripantu.png 467w, https:\/\/projectes.xtec.cat\/acollidasuport\/wp-content\/uploads\/usu2169\/2021\/06\/We-tripantu-252x300.png 252w\" sizes=\"auto, (max-width: 568px) 100vw, 568px\" \/><\/a><a href=\"https:\/\/twitter.com\/daponce20\/status\/1274543522494980097?s=20\"><span style=\"font-weight: 400;\">Ministerio de Educaci\u00f3n Gobierno de Chile. Programa Explora<\/span><\/a><span style=\"font-weight: 400;\">.<\/span><\/p>\n<p><span style=\"font-weight: 400;\">Al Per\u00fa i a l\u2019Equador tamb\u00e9 se celebra l\u2019<\/span><b>Inti Raymi<\/b><span style=\"font-weight: 400;\">. \u00c9s una festa d\u2019origen inca d\u2019agra\u00efment a la Mare Terra, la <\/span><b>Pachamama<\/b><span style=\"font-weight: 400;\">. La festa m\u00e9s famosa \u00e9s la que se celebra a la ciutat del Cusco que, malgrat que ha esdevingut, m\u00e9s que res, un espectacle tur\u00edstic, tamb\u00e9 \u00e9s una celebraci\u00f3 viva, amb pres\u00e8ncia de les institucions i de la poblaci\u00f3. Per aix\u00f2, \u00e9s probable que l\u2019alumnat de fam\u00edlies procedents de pa\u00efsos andins la coneguin i fins i tot la puguin explicar als seus companys de classe.<\/span><\/p>\n<p><span style=\"font-weight: 400;\">Sabem que moltes d\u2019aquestes fam\u00edlies intenten ignorar la seva llengua i cultura d\u2019origen per q\u00fcestions hist\u00f2riques d\u2019imposici\u00f3 de l\u2019espanyol i del catolicisme. Encarregar una petita recerca o veure algun v\u00eddeo d\u2019aquestes celebracions pot ajudar aquest alumnat, que potser nom\u00e9s fa servir la llengua familiar amb els avis i que veu aquestes celebracions com a anacr\u00f2niques, a posar en valor la cultura i les tradicions dels seus ancestres i a adonar-se que \u00e9s possible mantenir-les sense renunciar a la seva identitat catalana o hispanoparlant.<\/span><\/p>\n<p><span style=\"font-weight: 400;\">En aquesta <a href=\"https:\/\/projectes.xtec.cat\/acollidasuport\/wp-content\/uploads\/usu2169\/2021\/06\/Sant-Joan-Infografia.pdf\"><strong>infografia<\/strong><\/a> us presentem una s\u00e8rie de p\u00e0gines on podeu obtenir informaci\u00f3 per treballar la festa de Sant Joan (o del solstici) a l\u2019aula.<\/span><\/p>\n<p>Bona revetlla!<\/p>\n","protected":false},"excerpt":{"rendered":"<p>S\u2019acosta la data de final de curs que, al nostre pa\u00eds, coincideix amb l\u2019inici del temps de revetlles. De fet, aquest any, el curs acaba el 22 de juny, un dia abans de la revetlla m\u00e9s popular: Sant Joan. Amb les avaluacions enllestides i els objectius de curs assolits, \u00e9s un bon moment per dedicar l\u2019atenci\u00f3 dins l\u2019aula a finalitats que van m\u00e9s enll\u00e0 del curr\u00edculum. La proximitat de la revetlla i el so de petards que potser sentim des de la finestra de la classe, fan oport\u00fa parlar de l\u2019origen d\u2019aquestes festes i les m\u00faltiples variants d\u2019arreu del m\u00f3n.&hellip;  <a href=\"https:\/\/projectes.xtec.cat\/acollidasuport\/portada\/final-de-curs-temps-de-revetlles\/\" title=\"Read FINAL DE CURS, TEMPS DE REVETLLES\">Llegeix m\u00e9s\u00bb<\/a><\/p>\n","protected":false},"author":1,"featured_media":9034,"comment_status":"open","ping_status":"closed","sticky":false,"template":"","format":"standard","meta":{"_bbp_topic_count":0,"_bbp_reply_count":0,"_bbp_total_topic_count":0,"_bbp_total_reply_count":0,"_bbp_voice_count":0,"_bbp_anonymous_reply_count":0,"_bbp_topic_count_hidden":0,"_bbp_reply_count_hidden":0,"_bbp_forum_subforum_count":0,"footnotes":""},"categories":[29],"tags":[337],"class_list":["post-9033","post","type-post","status-publish","format-standard","has-post-thumbnail","hentry","category-portada","tag-celebracions"],"post_mailing_queue_ids":[],"_links":{"self":[{"href":"https:\/\/projectes.xtec.cat\/acollidasuport\/wp-json\/wp\/v2\/posts\/9033","targetHints":{"allow":["GET"]}}],"collection":[{"href":"https:\/\/projectes.xtec.cat\/acollidasuport\/wp-json\/wp\/v2\/posts"}],"about":[{"href":"https:\/\/projectes.xtec.cat\/acollidasuport\/wp-json\/wp\/v2\/types\/post"}],"author":[{"embeddable":true,"href":"https:\/\/projectes.xtec.cat\/acollidasuport\/wp-json\/wp\/v2\/users\/1"}],"replies":[{"embeddable":true,"href":"https:\/\/projectes.xtec.cat\/acollidasuport\/wp-json\/wp\/v2\/comments?post=9033"}],"version-history":[{"count":3,"href":"https:\/\/projectes.xtec.cat\/acollidasuport\/wp-json\/wp\/v2\/posts\/9033\/revisions"}],"predecessor-version":[{"id":9037,"href":"https:\/\/projectes.xtec.cat\/acollidasuport\/wp-json\/wp\/v2\/posts\/9033\/revisions\/9037"}],"wp:featuredmedia":[{"embeddable":true,"href":"https:\/\/projectes.xtec.cat\/acollidasuport\/wp-json\/wp\/v2\/media\/9034"}],"wp:attachment":[{"href":"https:\/\/projectes.xtec.cat\/acollidasuport\/wp-json\/wp\/v2\/media?parent=9033"}],"wp:term":[{"taxonomy":"category","embeddable":true,"href":"https:\/\/projectes.xtec.cat\/acollidasuport\/wp-json\/wp\/v2\/categories?post=9033"},{"taxonomy":"post_tag","embeddable":true,"href":"https:\/\/projectes.xtec.cat\/acollidasuport\/wp-json\/wp\/v2\/tags?post=9033"}],"curies":[{"name":"wp","href":"https:\/\/api.w.org\/{rel}","templated":true}]}}