{"id":9110,"date":"2021-09-20T17:00:55","date_gmt":"2021-09-20T15:00:55","guid":{"rendered":"https:\/\/projectes.xtec.cat\/acollidasuport\/?p=9110"},"modified":"2021-09-20T13:05:46","modified_gmt":"2021-09-20T11:05:46","slug":"inscripcio-oberta-al-curs-estrategies-dacollida-emocional-per-a-una-escola-intercultural-del-jo-al-nosaltres","status":"publish","type":"post","link":"https:\/\/projectes.xtec.cat\/acollidasuport\/portada\/inscripcio-oberta-al-curs-estrategies-dacollida-emocional-per-a-una-escola-intercultural-del-jo-al-nosaltres\/","title":{"rendered":"Inscripci\u00f3 oberta al curs \u201cEstrat\u00e8gies d\u2019acollida emocional per a una escola intercultural. Del jo al nosaltres\u201d"},"content":{"rendered":"<p><span style=\"font-weight: 400;\"><a href=\"https:\/\/projectes.xtec.cat\/acollidasuport\/wp-content\/uploads\/usu2169\/2021\/09\/Del-jo-al-nosaltres.png\"><img loading=\"lazy\" decoding=\"async\" class=\"alignleft wp-image-9112\" src=\"https:\/\/projectes.xtec.cat\/acollidasuport\/wp-content\/uploads\/usu2169\/2021\/09\/Del-jo-al-nosaltres.png\" alt=\"\" width=\"426\" height=\"190\" srcset=\"https:\/\/projectes.xtec.cat\/acollidasuport\/wp-content\/uploads\/usu2169\/2021\/09\/Del-jo-al-nosaltres.png 450w, https:\/\/projectes.xtec.cat\/acollidasuport\/wp-content\/uploads\/usu2169\/2021\/09\/Del-jo-al-nosaltres-300x133.png 300w\" sizes=\"auto, (max-width: 426px) 100vw, 426px\" \/><\/a>Des del passat 13 de setembre i <strong>fins al proper diumenge 26<\/strong>, us podeu inscriure a les activitats formatives telem\u00e0tiques de la XTEC sobre l\u2019atenci\u00f3 a l\u2019alumnat d\u2019origen estranger.<\/span><\/p>\n<p><span style=\"font-weight: 400;\">En el marc del nostre sistema educatiu, la proposta formativa del Departament d\u2019Educaci\u00f3 relacionada amb l\u2019atenci\u00f3 a l\u2019alumnat d\u2019origen estranger t\u00e9 com a objectiu proporcionar recursos i estrat\u00e8gies d\u2019intervenci\u00f3 docent sobre el proc\u00e9s d\u2019acollida, l\u2019adquisici\u00f3 de la llengua i l\u2019acc\u00e9s al curr\u00edculum ordinari de l\u2019alumnat nouvingut que s\u2019incorpora als centres educatius catalans, per una banda, i, per una altra, afavorir l\u2019\u00e8xit educatiu de l\u2019alumnat d\u2019origen que necessita suport a l\u2019aula ordin\u00e0ria per accedir al curr\u00edculum.<\/span><\/p>\n<p><span style=\"font-weight: 400;\">Si ens centrem en com \u00e9s d\u2019important <strong>el proc\u00e9s d\u2019acollida per facilitar l\u2019adquisici\u00f3 de la llengua<\/strong> i, en conseq\u00fc\u00e8ncia, l\u2019acc\u00e9s al curr\u00edculum, voldr\u00edem destacar-vos el curs <a href=\"https:\/\/projectes.xtec.cat\/acollidasuport\/wp-content\/uploads\/usu2169\/2020\/08\/Info_DJAN.pdf\"><em><strong>\u201cEstrat\u00e8gies d\u2019acollida emocional per a una escola intercultural. Del jo al nosaltres\u201d<\/strong><\/em><\/a> que t\u00e9 com a objectiu aprofundir en els aspectes emocionals de l&#8217;acollida a partir de l\u2019\u00fas de diferents tipus de llenguatge.<\/span><\/p>\n<p><span style=\"font-weight: 400;\">En aquest <\/span><a href=\"https:\/\/aplicacions.gestioeducativa.gencat.cat\/pls\/soloas\/pk_for_mod_ins.p_for_exhaustiu_activitat?p_header=Llista%20d%27activitats%5Epk_for_mod_ins.p_for_cons_activitats?p_tipus_act=ACO,ADCL,ANSU,TDCL,DJAN,LITU,TSI,PL45,PL49,PL46,PL48,PL50%26p_totes=S%26p_inici=21%26p_excloure_crp_rec=F*Detall%20d%27activitat%5Epk_for_mod_ins.p_for_detall_activitat?p_codi=9000720555%26p_curs=2021-2022%26p_es_inscr=S&amp;p_codi=9000720555&amp;p_curs=2021-2022&amp;p_es_inscr=S\"><b>enlla\u00e7<\/b><\/a><span style=\"font-weight: 400;\"> trobareu tota la informaci\u00f3 sobre aquesta activitat i en <\/span><a href=\"https:\/\/aplicacions.gestioeducativa.gencat.cat\/pls\/soloas\/pk_for_mod_ins.p_for_detall_activitat?p_header=Llista%20d%27activitats%5Epk_for_mod_ins.p_for_cons_activitats?p_tipus_act=ACO,ADCL,ANSU,TDCL,DJAN,LITU,TSI,PL45,PL49,PL46,PL48,PL50%26p_totes=S%26p_inici=21%26p_excloure_crp_rec=F&amp;p_codi=9000720555&amp;p_curs=2021-2022&amp;p_excloure_crp_rec=F\"><b>aquest altre<\/b><\/a><span style=\"font-weight: 400;\"> podreu formalitzar la vostra inscripci\u00f3.<\/span><\/p>\n","protected":false},"excerpt":{"rendered":"<p>Des del passat 13 de setembre i fins al proper diumenge 26, us podeu inscriure a les activitats formatives telem\u00e0tiques de la XTEC sobre l\u2019atenci\u00f3 a l\u2019alumnat d\u2019origen estranger.&hellip;  <a href=\"https:\/\/projectes.xtec.cat\/acollidasuport\/portada\/inscripcio-oberta-al-curs-estrategies-dacollida-emocional-per-a-una-escola-intercultural-del-jo-al-nosaltres\/\" title=\"Read Inscripci\u00f3 oberta al curs \u201cEstrat\u00e8gies d\u2019acollida emocional per a una escola intercultural. Del jo al nosaltres\u201d\">Llegeix m\u00e9s\u00bb<\/a><\/p>\n","protected":false},"author":1,"featured_media":9112,"comment_status":"open","ping_status":"closed","sticky":false,"template":"","format":"standard","meta":{"_bbp_topic_count":0,"_bbp_reply_count":0,"_bbp_total_topic_count":0,"_bbp_total_reply_count":0,"_bbp_voice_count":0,"_bbp_anonymous_reply_count":0,"_bbp_topic_count_hidden":0,"_bbp_reply_count_hidden":0,"_bbp_forum_subforum_count":0,"footnotes":""},"categories":[29],"tags":[451],"class_list":["post-9110","post","type-post","status-publish","format-standard","has-post-thumbnail","hentry","category-portada","tag-acollida-emocional"],"post_mailing_queue_ids":[],"_links":{"self":[{"href":"https:\/\/projectes.xtec.cat\/acollidasuport\/wp-json\/wp\/v2\/posts\/9110","targetHints":{"allow":["GET"]}}],"collection":[{"href":"https:\/\/projectes.xtec.cat\/acollidasuport\/wp-json\/wp\/v2\/posts"}],"about":[{"href":"https:\/\/projectes.xtec.cat\/acollidasuport\/wp-json\/wp\/v2\/types\/post"}],"author":[{"embeddable":true,"href":"https:\/\/projectes.xtec.cat\/acollidasuport\/wp-json\/wp\/v2\/users\/1"}],"replies":[{"embeddable":true,"href":"https:\/\/projectes.xtec.cat\/acollidasuport\/wp-json\/wp\/v2\/comments?post=9110"}],"version-history":[{"count":4,"href":"https:\/\/projectes.xtec.cat\/acollidasuport\/wp-json\/wp\/v2\/posts\/9110\/revisions"}],"predecessor-version":[{"id":9115,"href":"https:\/\/projectes.xtec.cat\/acollidasuport\/wp-json\/wp\/v2\/posts\/9110\/revisions\/9115"}],"wp:featuredmedia":[{"embeddable":true,"href":"https:\/\/projectes.xtec.cat\/acollidasuport\/wp-json\/wp\/v2\/media\/9112"}],"wp:attachment":[{"href":"https:\/\/projectes.xtec.cat\/acollidasuport\/wp-json\/wp\/v2\/media?parent=9110"}],"wp:term":[{"taxonomy":"category","embeddable":true,"href":"https:\/\/projectes.xtec.cat\/acollidasuport\/wp-json\/wp\/v2\/categories?post=9110"},{"taxonomy":"post_tag","embeddable":true,"href":"https:\/\/projectes.xtec.cat\/acollidasuport\/wp-json\/wp\/v2\/tags?post=9110"}],"curies":[{"name":"wp","href":"https:\/\/api.w.org\/{rel}","templated":true}]}}