{"id":9121,"date":"2021-09-23T09:00:42","date_gmt":"2021-09-23T07:00:42","guid":{"rendered":"https:\/\/projectes.xtec.cat\/acollidasuport\/?p=9121"},"modified":"2021-09-23T18:30:33","modified_gmt":"2021-09-23T16:30:33","slug":"curs-abordatge-educatiu-al-collectiu-vulnerable-de-joves-migrats","status":"publish","type":"post","link":"https:\/\/projectes.xtec.cat\/acollidasuport\/portada\/curs-abordatge-educatiu-al-collectiu-vulnerable-de-joves-migrats\/","title":{"rendered":"Curs \u201cAbordatge educatiu al col\u00b7lectiu vulnerable de joves migrats\u201d"},"content":{"rendered":"<p><a href=\"https:\/\/projectes.xtec.cat\/acollidasuport\/wp-content\/uploads\/usu2169\/2021\/09\/JMS.png\"><img loading=\"lazy\" decoding=\"async\" class=\"alignleft size-full wp-image-9122\" src=\"https:\/\/projectes.xtec.cat\/acollidasuport\/wp-content\/uploads\/usu2169\/2021\/09\/JMS.png\" alt=\"\" width=\"450\" height=\"200\" srcset=\"https:\/\/projectes.xtec.cat\/acollidasuport\/wp-content\/uploads\/usu2169\/2021\/09\/JMS.png 450w, https:\/\/projectes.xtec.cat\/acollidasuport\/wp-content\/uploads\/usu2169\/2021\/09\/JMS-300x133.png 300w\" sizes=\"auto, (max-width: 450px) 100vw, 450px\" \/><\/a>Enguany, el Servei d&#8217;Atenci\u00f3 Educativa Inclusiva i Orientaci\u00f3 del Departament d&#8217;Educaci\u00f3, torna a oferir el curs sobre l\u2019<strong><a href=\"https:\/\/aplicacions.gestioeducativa.gencat.cat\/pls\/soloas\/pk_for_mod_ins.p_for_exhaustiu_activitat?p_header=Detall%20d%27activitat%5Epk_for_mod_ins.p_for_detall_activitat?p_codi=9005120512%26p_curs=2020-2021%26p_es_inscr=S&amp;p_codi=9005120512&amp;p_curs=2020-2021&amp;p_es_inscr=S\" target=\"_blank\" rel=\"noopener noreferrer\">Abordatge educatiu al col\u00b7lectiu de joves migrats<\/a><\/strong>. Aquesta proposta formativa pret\u00e9n donar a con\u00e8ixer la realitat i les experi\u00e8ncies dels menors d\u2019origen marroqu\u00ed al territori catal\u00e0, parant esment tant a la situaci\u00f3 del Marroc com a les condicions en els seus processos migratoris i d\u2019inclusi\u00f3 socioeducativa al territori catal\u00e0. Tanmateix, el curs proposa analitzar les respostes institucionals i els circuits d\u2019acollida, aix\u00ed com recon\u00e8ixer les problem\u00e0tiques i les possibilitats que tenen els joves per construir les seves traject\u00f2ries vitals en la nova terra on s\u2019han instal\u00b7lat i on construiran les seves identitats m\u00faltiples i flexibles, tot oferint instruments d\u2019an\u00e0lisi i estrat\u00e8gies per a la intervenci\u00f3.<\/p>\n<p>En aquest <a href=\"https:\/\/projectes.xtec.cat\/educacioinclusiva\/general\/oberta-la-inscripcio-a-la-formacio-abordatge-educatiu-al-collectiu-de-joves-migrats-sols\/\"><strong>enlla\u00e7<\/strong><\/a> trobareu tota la informaci\u00f3 sobre l&#8217;activitat.<\/p>\n","protected":false},"excerpt":{"rendered":"<p>Enguany, el Servei d&#8217;Atenci\u00f3 Educativa Inclusiva i Orientaci\u00f3 del Departament d&#8217;Educaci\u00f3, torna a oferir el curs sobre l\u2019Abordatge educatiu al col\u00b7lectiu de joves migrats.&hellip;  <a href=\"https:\/\/projectes.xtec.cat\/acollidasuport\/portada\/curs-abordatge-educatiu-al-collectiu-vulnerable-de-joves-migrats\/\" title=\"Read Curs \u201cAbordatge educatiu al col\u00b7lectiu vulnerable de joves migrats\u201d\">Llegeix m\u00e9s\u00bb<\/a><\/p>\n","protected":false},"author":1,"featured_media":9122,"comment_status":"open","ping_status":"closed","sticky":false,"template":"","format":"standard","meta":{"_bbp_topic_count":0,"_bbp_reply_count":0,"_bbp_total_topic_count":0,"_bbp_total_reply_count":0,"_bbp_voice_count":0,"_bbp_anonymous_reply_count":0,"_bbp_topic_count_hidden":0,"_bbp_reply_count_hidden":0,"_bbp_forum_subforum_count":0,"footnotes":""},"categories":[29],"tags":[],"class_list":["post-9121","post","type-post","status-publish","format-standard","has-post-thumbnail","hentry","category-portada"],"post_mailing_queue_ids":[],"_links":{"self":[{"href":"https:\/\/projectes.xtec.cat\/acollidasuport\/wp-json\/wp\/v2\/posts\/9121","targetHints":{"allow":["GET"]}}],"collection":[{"href":"https:\/\/projectes.xtec.cat\/acollidasuport\/wp-json\/wp\/v2\/posts"}],"about":[{"href":"https:\/\/projectes.xtec.cat\/acollidasuport\/wp-json\/wp\/v2\/types\/post"}],"author":[{"embeddable":true,"href":"https:\/\/projectes.xtec.cat\/acollidasuport\/wp-json\/wp\/v2\/users\/1"}],"replies":[{"embeddable":true,"href":"https:\/\/projectes.xtec.cat\/acollidasuport\/wp-json\/wp\/v2\/comments?post=9121"}],"version-history":[{"count":3,"href":"https:\/\/projectes.xtec.cat\/acollidasuport\/wp-json\/wp\/v2\/posts\/9121\/revisions"}],"predecessor-version":[{"id":9125,"href":"https:\/\/projectes.xtec.cat\/acollidasuport\/wp-json\/wp\/v2\/posts\/9121\/revisions\/9125"}],"wp:featuredmedia":[{"embeddable":true,"href":"https:\/\/projectes.xtec.cat\/acollidasuport\/wp-json\/wp\/v2\/media\/9122"}],"wp:attachment":[{"href":"https:\/\/projectes.xtec.cat\/acollidasuport\/wp-json\/wp\/v2\/media?parent=9121"}],"wp:term":[{"taxonomy":"category","embeddable":true,"href":"https:\/\/projectes.xtec.cat\/acollidasuport\/wp-json\/wp\/v2\/categories?post=9121"},{"taxonomy":"post_tag","embeddable":true,"href":"https:\/\/projectes.xtec.cat\/acollidasuport\/wp-json\/wp\/v2\/tags?post=9121"}],"curies":[{"name":"wp","href":"https:\/\/api.w.org\/{rel}","templated":true}]}}