{"id":9126,"date":"2021-10-04T17:00:48","date_gmt":"2021-10-04T15:00:48","guid":{"rendered":"https:\/\/projectes.xtec.cat\/acollidasuport\/?p=9126"},"modified":"2024-04-17T10:41:12","modified_gmt":"2024-04-17T08:41:12","slug":"otsiera-recursos-per-treballar-la-diversitat-i-afavorir-el-creixement-interior-de-lalumnat","status":"publish","type":"post","link":"https:\/\/projectes.xtec.cat\/acollidasuport\/portada\/otsiera-recursos-per-treballar-la-diversitat-i-afavorir-el-creixement-interior-de-lalumnat\/","title":{"rendered":"OTSIERA, recursos per treballar la diversitat i afavorir el creixement interior de l\u2019alumnat"},"content":{"rendered":"<p><span style=\"font-weight: 400;\"><a href=\"https:\/\/projectes.xtec.cat\/acollidasuport\/wp-content\/uploads\/usu2169\/2021\/10\/Otsiera.png\"><img loading=\"lazy\" decoding=\"async\" class=\"alignleft size-full wp-image-9127\" src=\"https:\/\/projectes.xtec.cat\/acollidasuport\/wp-content\/uploads\/usu2169\/2021\/10\/Otsiera.png\" alt=\"\" width=\"512\" height=\"161\" srcset=\"https:\/\/projectes.xtec.cat\/acollidasuport\/wp-content\/uploads\/usu2169\/2021\/10\/Otsiera.png 512w, https:\/\/projectes.xtec.cat\/acollidasuport\/wp-content\/uploads\/usu2169\/2021\/10\/Otsiera-300x94.png 300w\" sizes=\"auto, (max-width: 512px) 100vw, 512px\" \/><\/a>El projecte <strong>OTSIERA<\/strong> neix de la iniciativa de diverses persones a qui uneix l\u2019inter\u00e8s per l\u2019educaci\u00f3 i la diversitat. El t\u00edtol del projecte \u00e9s, de fet, el nom del protagonista d\u2019un relat <em>mohawak<\/em>. En aquest relat indi, el jove <em>Otsiera<\/em> vol ajudar el seu poble i, en el cam\u00ed que segueix per fer-ho, s\u2019adona de la import\u00e0ncia de superar els obstacles amb serenor, de la necessitat de guanyar autonomia personal, i de l\u2019aprenentatge que comporta respectar i aprendre de les altres cultures.<\/span><\/p>\n<p><span style=\"font-weight: 400;\">A trav\u00e9s de la p\u00e0gina web <\/span><strong><a href=\"http:\/\/www.otsiera.com\">www.otsiera.com<\/a><\/strong><span style=\"font-weight: 400;\">, els promotors de la iniciativa comparteixen recursos per a totes les persones que desenvolupen una tasca pedag\u00f2gica, en sentit ampli, tant en l\u2019educaci\u00f3 formal i no formal, com en l\u2019entorn familiar. S\u00f3n materials que s\u2019adrecen a infants i joves de diferents edats, i tots consten d\u2019una guia did\u00e0ctica i de recursos ben diversos (textos, m\u00fasiques, audiovisuals\u2026) per treballar tot tipus de valors i actituds.\u00a0<\/span><\/p>\n<p><span style=\"font-weight: 400;\">Les activitats que s\u2019hi recullen conviden els infants i joves a fer-se preguntes sobre tot all\u00f2 que ens envolta, a explorar la diversitat cultural, ling\u00fc\u00edstica i religiosa del nostre entorn, a reflexionar sobre el significat de cr\u00e9ixer i les actituds que ho fan possible, i a guanyar autonomia.\u00a0<\/span><\/p>\n<p><span style=\"font-weight: 400;\">Si feu una ullada a la p\u00e0gina web, no podreu sin\u00f3 aturar-vos i tafanejar els materials inclosos en t\u00edtols tan atractius com <\/span><strong><a href=\"https:\/\/www.otsiera.com\/2020\/02\/25\/parlem-de-la-vida\/\">Parlem de la vida<\/a><\/strong><span style=\"font-weight: 400;\">, <\/span><strong><a href=\"https:\/\/www.otsiera.com\/2017\/12\/21\/la-frida-i-el-senyor-lin\/\">La Frida i el senyor Lin<\/a><\/strong><span style=\"font-weight: 400;\">, <\/span><strong><a href=\"https:\/\/www.otsiera.com\/2017\/06\/12\/como-es-que-desde-cuando-que-habia-antes-por-que\/\">L\u2019univers. Com \u00e9s qu\u00e8? Des de quan? \u2026?<\/a><\/strong><span style=\"font-weight: 400;\"><strong>,<\/strong> entre molts d\u2019altres. El ventall de materials \u00e9s tan ampli, que de ben segur els docents hi trobareu recursos \u00fatils per treballar tant a l\u2019aula d\u2019acollida com a l\u2019aula ordin\u00e0ria.<\/span><\/p>\n","protected":false},"excerpt":{"rendered":"<p>El projecte OTSIERA neix de la iniciativa de diverses persones a qui uneix l\u2019inter\u00e8s per l\u2019educaci\u00f3 i la diversitat. El t\u00edtol del projecte \u00e9s, de fet, el nom del protagonista d\u2019un relat mohawak. En aquest relat indi, el jove Otsiera vol ajudar el seu poble i, en el cam\u00ed que segueix per fer-ho, s\u2019adona de la import\u00e0ncia de superar els obstacles amb serenor, de la necessitat de guanyar autonomia personal, i de l\u2019aprenentatge que comporta respectar i aprendre de les altres cultures.&hellip;  <a href=\"https:\/\/projectes.xtec.cat\/acollidasuport\/portada\/otsiera-recursos-per-treballar-la-diversitat-i-afavorir-el-creixement-interior-de-lalumnat\/\" title=\"Read OTSIERA, recursos per treballar la diversitat i afavorir el creixement interior de l\u2019alumnat\">Llegeix m\u00e9s\u00bb<\/a><\/p>\n","protected":false},"author":1,"featured_media":9127,"comment_status":"open","ping_status":"closed","sticky":false,"template":"","format":"standard","meta":{"_bbp_topic_count":0,"_bbp_reply_count":0,"_bbp_total_topic_count":0,"_bbp_total_reply_count":0,"_bbp_voice_count":0,"_bbp_anonymous_reply_count":0,"_bbp_topic_count_hidden":0,"_bbp_reply_count_hidden":0,"_bbp_forum_subforum_count":0,"footnotes":""},"categories":[287,29,76],"tags":[451],"class_list":["post-9126","post","type-post","status-publish","format-standard","has-post-thumbnail","hentry","category-acollida","category-portada","category-recursos","tag-acollida-emocional"],"post_mailing_queue_ids":[],"_links":{"self":[{"href":"https:\/\/projectes.xtec.cat\/acollidasuport\/wp-json\/wp\/v2\/posts\/9126","targetHints":{"allow":["GET"]}}],"collection":[{"href":"https:\/\/projectes.xtec.cat\/acollidasuport\/wp-json\/wp\/v2\/posts"}],"about":[{"href":"https:\/\/projectes.xtec.cat\/acollidasuport\/wp-json\/wp\/v2\/types\/post"}],"author":[{"embeddable":true,"href":"https:\/\/projectes.xtec.cat\/acollidasuport\/wp-json\/wp\/v2\/users\/1"}],"replies":[{"embeddable":true,"href":"https:\/\/projectes.xtec.cat\/acollidasuport\/wp-json\/wp\/v2\/comments?post=9126"}],"version-history":[{"count":3,"href":"https:\/\/projectes.xtec.cat\/acollidasuport\/wp-json\/wp\/v2\/posts\/9126\/revisions"}],"predecessor-version":[{"id":9130,"href":"https:\/\/projectes.xtec.cat\/acollidasuport\/wp-json\/wp\/v2\/posts\/9126\/revisions\/9130"}],"wp:featuredmedia":[{"embeddable":true,"href":"https:\/\/projectes.xtec.cat\/acollidasuport\/wp-json\/wp\/v2\/media\/9127"}],"wp:attachment":[{"href":"https:\/\/projectes.xtec.cat\/acollidasuport\/wp-json\/wp\/v2\/media?parent=9126"}],"wp:term":[{"taxonomy":"category","embeddable":true,"href":"https:\/\/projectes.xtec.cat\/acollidasuport\/wp-json\/wp\/v2\/categories?post=9126"},{"taxonomy":"post_tag","embeddable":true,"href":"https:\/\/projectes.xtec.cat\/acollidasuport\/wp-json\/wp\/v2\/tags?post=9126"}],"curies":[{"name":"wp","href":"https:\/\/api.w.org\/{rel}","templated":true}]}}