{"id":9171,"date":"2021-11-15T17:00:29","date_gmt":"2021-11-15T16:00:29","guid":{"rendered":"https:\/\/projectes.xtec.cat\/acollidasuport\/?p=9171"},"modified":"2021-11-15T08:17:01","modified_gmt":"2021-11-15T07:17:01","slug":"seminaris-en-linia-sobre-els-infants-adolescents-i-joves-que-migren-sols","status":"publish","type":"post","link":"https:\/\/projectes.xtec.cat\/acollidasuport\/portada\/seminaris-en-linia-sobre-els-infants-adolescents-i-joves-que-migren-sols\/","title":{"rendered":"Seminaris en l\u00ednia sobre els infants, adolescents i joves que migren sols"},"content":{"rendered":"<p><a href=\"https:\/\/projectes.xtec.cat\/acollidasuport\/wp-content\/uploads\/usu2169\/2021\/11\/JMS.png\"><img loading=\"lazy\" decoding=\"async\" class=\"alignleft wp-image-9172\" src=\"https:\/\/projectes.xtec.cat\/acollidasuport\/wp-content\/uploads\/usu2169\/2021\/11\/JMS.png\" alt=\"\" width=\"511\" height=\"227\" srcset=\"https:\/\/projectes.xtec.cat\/acollidasuport\/wp-content\/uploads\/usu2169\/2021\/11\/JMS.png 450w, https:\/\/projectes.xtec.cat\/acollidasuport\/wp-content\/uploads\/usu2169\/2021\/11\/JMS-300x133.png 300w\" sizes=\"auto, (max-width: 511px) 100vw, 511px\" \/><\/a>Dem\u00e0, <strong>16 de novembre, s&#8217;inicia una s\u00e8rie de 5 seminaris dedicats als infants, adolescents i joves que migren sols<\/strong>. Aquests seminaris tenen per objectiu donar a con\u00e8ixer millor la realitat d\u2019aquests infants i joves que arriben a Catalunya, els obstacles que han d\u2019afrontar i les oportunitats amb qu\u00e8 compten.<\/p>\n<p>Per tal de poder endinsar-nos en la realitat d\u2019aquests nois i noies que provenen de diferents pa\u00efsos i de realitats familiars i socials molt heterog\u00e8nies i amb itineraris diversos, cada seminari comptar\u00e0 amb dos ponents que, sota la coordinaci\u00f3 del <strong>Jordi P\u00e0mies<\/strong>, Dr. en Antropologia Social i Cultural, i el <strong>Mustapha Aoulad<\/strong>, M\u00e0ster en An\u00e0lisi i Intervenci\u00f3 en Conflictes Socials, posar\u00e0 la mirada en un aspecte diferent del proc\u00e9s migratori, de l\u2019arribada i de l\u2019abordatge educatiu d&#8217;un col\u00b7lectiu tan vulnerable com el dels joves migrats sols.<\/p>\n<p>En el\u00a0<strong><a href=\"https:\/\/youtu.be\/Cp0vpiUvdLQ\" target=\"_blank\" rel=\"noopener\">primer seminari<\/a><\/strong>, Jordi P\u00e0mies i Mustapha Aoulad ens parlaran de la situaci\u00f3 dels joves que arriben a Catalunya, de les causes que els empenyen a migrar i del concepte que utilitzem per referir-nos-hi.<\/p>\n<p>El <strong>segon seminari<\/strong>, ens permetr\u00e0 aprofundir, amb la <strong>Montse Soria<\/strong>, Coordinadora de Programes d\u2019Acci\u00f3 Social de la Fundaci\u00f3 Pere Tarr\u00e9s, i la <strong>Be<\/strong><span style=\"font-family: inherit; font-size: 1em;\"><strong>rta G\u00f3mez<\/strong>, t\u00e8cnica psic\u00f2loga de la Unitat d\u2019Adolescents i Joves migrats sols de la Direcci\u00f3 General d\u2019Atenci\u00f3 a la Inf\u00e0ncia i l\u2019Adolesc\u00e8ncia, sobre els perfils dels joves i les seves expectatives, coneixerem quina \u00e9s l\u2019atenci\u00f3 que reben des del sistema de protecci\u00f3 i farem una aproximaci\u00f3 jur\u00eddica a la situaci\u00f3 dels adolescents i joves que migren sols.<\/span><\/p>\n<p>L\u2019<strong>Almudena Gonz\u00e1lez<\/strong>, jurista d\u2019inf\u00e0ncia al Consell Comarcal del Vall\u00e8s Oriental, i en <strong>David Moya<\/strong>, professor agregat de Dret Constitucional, ens donaran a con\u00e8ixer, en el <strong>tercer seminari<\/strong>, les actuacions que els correspon fer a les administracions, els drets i les condicions que tenen els menors per poder accedir a l\u2019educaci\u00f3, al treball o a la documentaci\u00f3.<\/p>\n<p>En el <strong>quart seminari<\/strong>, podrem aprofundir en la quotidianitat dels centres i en les figures professionals que fan possible l\u2019acompanyament a les traject\u00f2ries dels joves i adolescents, amb el mediador de la fundaci\u00f3 Iniciatives Solid\u00e0ries, en <strong>Taoufik Salmoune<\/strong>, i amb l\u2019<strong>Oriol Janer<\/strong>, director i educador social del centre de dia \u201cLa casa dels Joves\u201d.<\/p>\n<p>I, en el <strong>darrer seminari<\/strong>, podrem veure com en ocasions les necessitats superen la capacitat de resposta institucional, fent que adquireixin rellev\u00e0ncia les respostes que es donen des de la societat civil. Ens podrem apropar a dues experi\u00e8ncies des de l\u2019activisme social i comprom\u00e8s explicades per la <strong>Laia Costa<\/strong>, activista jur\u00eddica pel dret a la mobilitat humana, i el <strong>David Garcia<\/strong>, responsable de \u201cPROLLEMA, ensenyant llengua materna\u201d.<\/p>\n<p>Aquesta s\u00e8rie de cicle de seminaris en l\u00ednia comen\u00e7ar\u00e0 el proper <strong>dimarts dia 16 de novembre a les 17:30h<\/strong> i s\u2019anir\u00e0 emetent els dimarts, quinzenalment, a la mateixa hora des del <a href=\"https:\/\/www.youtube.com\/channel\/UCw2J43idK-mO5EZ1SvqgqCw\"><strong>c<\/strong><\/a><span style=\"font-family: inherit; font-size: 1em;\"><strong>anal de Youtube d\u2019Educaci\u00f3<\/strong> i \u00e9s obert a tothom. Trobareu els enlla\u00e7os d&#8217;acc\u00e9s a la portada del <\/span><a style=\"font-family: inherit; font-size: 1em;\" href=\"https:\/\/projectes.xtec.cat\/educacioinclusiva\/\">Nodes d\u2019educaci\u00f3 inclusiva<\/a><span style=\"font-family: inherit; font-size: 1em;\">\u00a0el dia de l\u2019estrena.<\/span><\/p>\n","protected":false},"excerpt":{"rendered":"<p>Dem\u00e0, 16 de novembre, s&#8217;inicia una s\u00e8rie de 5 seminaris dedicats als infants, adolescents i joves que migren sols. Aquests seminaris tenen per objectiu donar a con\u00e8ixer millor la realitat d\u2019aquests infants i joves que arriben a Catalunya, els obstacles que han d\u2019afrontar i les oportunitats amb qu\u00e8 compten.&hellip;  <a href=\"https:\/\/projectes.xtec.cat\/acollidasuport\/portada\/seminaris-en-linia-sobre-els-infants-adolescents-i-joves-que-migren-sols\/\" title=\"Read Seminaris en l\u00ednia sobre els infants, adolescents i joves que migren sols\">Llegeix m\u00e9s\u00bb<\/a><\/p>\n","protected":false},"author":1,"featured_media":9172,"comment_status":"open","ping_status":"closed","sticky":false,"template":"","format":"standard","meta":{"_bbp_topic_count":0,"_bbp_reply_count":0,"_bbp_total_topic_count":0,"_bbp_total_reply_count":0,"_bbp_voice_count":0,"_bbp_anonymous_reply_count":0,"_bbp_topic_count_hidden":0,"_bbp_reply_count_hidden":0,"_bbp_forum_subforum_count":0,"footnotes":""},"categories":[287,29],"tags":[451],"class_list":["post-9171","post","type-post","status-publish","format-standard","has-post-thumbnail","hentry","category-acollida","category-portada","tag-acollida-emocional"],"post_mailing_queue_ids":[],"_links":{"self":[{"href":"https:\/\/projectes.xtec.cat\/acollidasuport\/wp-json\/wp\/v2\/posts\/9171","targetHints":{"allow":["GET"]}}],"collection":[{"href":"https:\/\/projectes.xtec.cat\/acollidasuport\/wp-json\/wp\/v2\/posts"}],"about":[{"href":"https:\/\/projectes.xtec.cat\/acollidasuport\/wp-json\/wp\/v2\/types\/post"}],"author":[{"embeddable":true,"href":"https:\/\/projectes.xtec.cat\/acollidasuport\/wp-json\/wp\/v2\/users\/1"}],"replies":[{"embeddable":true,"href":"https:\/\/projectes.xtec.cat\/acollidasuport\/wp-json\/wp\/v2\/comments?post=9171"}],"version-history":[{"count":3,"href":"https:\/\/projectes.xtec.cat\/acollidasuport\/wp-json\/wp\/v2\/posts\/9171\/revisions"}],"predecessor-version":[{"id":9175,"href":"https:\/\/projectes.xtec.cat\/acollidasuport\/wp-json\/wp\/v2\/posts\/9171\/revisions\/9175"}],"wp:featuredmedia":[{"embeddable":true,"href":"https:\/\/projectes.xtec.cat\/acollidasuport\/wp-json\/wp\/v2\/media\/9172"}],"wp:attachment":[{"href":"https:\/\/projectes.xtec.cat\/acollidasuport\/wp-json\/wp\/v2\/media?parent=9171"}],"wp:term":[{"taxonomy":"category","embeddable":true,"href":"https:\/\/projectes.xtec.cat\/acollidasuport\/wp-json\/wp\/v2\/categories?post=9171"},{"taxonomy":"post_tag","embeddable":true,"href":"https:\/\/projectes.xtec.cat\/acollidasuport\/wp-json\/wp\/v2\/tags?post=9171"}],"curies":[{"name":"wp","href":"https:\/\/api.w.org\/{rel}","templated":true}]}}