{"id":9180,"date":"2021-11-23T12:14:51","date_gmt":"2021-11-23T11:14:51","guid":{"rendered":"https:\/\/projectes.xtec.cat\/acollidasuport\/?p=9180"},"modified":"2024-04-13T20:40:12","modified_gmt":"2024-04-13T18:40:12","slug":"lafganistan-a-traves-de-la-veu-de-nadia-ghulam","status":"publish","type":"post","link":"https:\/\/projectes.xtec.cat\/acollidasuport\/portada\/lafganistan-a-traves-de-la-veu-de-nadia-ghulam\/","title":{"rendered":"L\u2019Afganistan, a trav\u00e9s de la veu de Nadia Ghulam"},"content":{"rendered":"<p><span style=\"font-weight: 400;\"><a href=\"https:\/\/projectes.xtec.cat\/acollidasuport\/wp-content\/uploads\/usu2169\/2021\/11\/Imatge2.png\"><img loading=\"lazy\" decoding=\"async\" class=\"alignleft size-full wp-image-9181\" src=\"https:\/\/projectes.xtec.cat\/acollidasuport\/wp-content\/uploads\/usu2169\/2021\/11\/Imatge2.png\" alt=\"Nadia Gulham\" width=\"448\" height=\"199\" srcset=\"https:\/\/projectes.xtec.cat\/acollidasuport\/wp-content\/uploads\/usu2169\/2021\/11\/Imatge2.png 448w, https:\/\/projectes.xtec.cat\/acollidasuport\/wp-content\/uploads\/usu2169\/2021\/11\/Imatge2-300x133.png 300w\" sizes=\"auto, (max-width: 448px) 100vw, 448px\" \/><\/a>Nadia Ghulam va viure 10 anys sota una identitat que no era la seva: la del seu germ\u00e0 difunt. Aquesta \u00e9s la hist\u00f2ria que va marcar un abans i un despr\u00e9s en la vida de Nadia Ghulam, una noia afganesa nascuda el 1985, v\u00edctima d\u2019un bombardeig en qu\u00e8 va perdre el seu germ\u00e0. Amb el pare malalt, va adoptar la identitat del seu germ\u00e0 per poder treballar i mantenir la fam\u00edlia (els talibans havien prohibit a les dones treballar fora de casa).\u00a0<\/span><\/p>\n<p><span style=\"font-weight: 400;\">De fet, el context d\u2019aquest pa\u00eds sud-asi\u00e0tic no ha canviat gaire en els darrers anys: l\u2019Afganistan torna a ser el centre d\u2019atenci\u00f3 despr\u00e9s que, l\u2019estiu del 2021, els talibans s\u2019han fet amb el poder del pa\u00eds despr\u00e9s de 20 anys d\u2019ocupaci\u00f3. La dif\u00edcil situaci\u00f3 econ\u00f2mica, social i pol\u00edtica del pa\u00eds ha fet cr\u00e9ixer el nombre de refugiats afganesos dia rere dia. Catalunya tamb\u00e9 ha acollit un bon nombre de fam\u00edlies refugiades provinents de l\u2019Afganistan, i, en conseq\u00fc\u00e8ncia, molts infants i adolescents provinents d\u2019aquestes fam\u00edlies han entrat a les escoles i instituts catalans.\u00a0<\/span><\/p>\n<p><span style=\"font-weight: 400;\">\u00c9s per aquest motiu que us proposem dues activitats per treballar a l\u2019aula. D\u2019una banda, el visionat del cinqu\u00e8 cap\u00edtol de <\/span><i><span style=\"font-weight: 400;\">Els meus fills<\/span><\/i><span style=\"font-weight: 400;\"> (TV3), una entrevista a la la Nadia i a la seva fam\u00edlia catalana. D\u2019altra banda, la lectura del recull de contes tradicionals afganesos <\/span><i><span style=\"font-weight: 400;\">Els contes que em van curar. <\/span><\/i><span style=\"font-weight: 400;\">A m\u00e9s, si es vol tractar el tema amb m\u00e9s profunditat als cursos superiors, es poden treballar les novel\u00b7les <\/span><i><span style=\"font-weight: 400;\">El secret del meu turbant, <\/span><\/i><span style=\"font-weight: 400;\">una novel\u00b7la biogr\u00e0fica que tracta la dura infantesa de la Nadia, i <\/span><i><span style=\"font-weight: 400;\">La primera estrella de la nit<\/span><\/i><span style=\"font-weight: 400;\">, un relat sobre les dones afganes i la seva lluita en el pa\u00eds. <\/span><\/p>\n","protected":false},"excerpt":{"rendered":"<p><a href=\"https:\/\/projectes.xtec.cat\/acollidasuport\/wp-content\/uploads\/usu2169\/2021\/11\/Imatge2.png\"><\/a>Nadia Ghulam va viure 10 anys sota una identitat que no era la seva: la del seu germ\u00e0 difunt. Aquesta \u00e9s la hist\u00f2ria que va marcar un abans i un despr\u00e9s en la vida de Nadia Ghulam, una noia afganesa nascuda el 1985, v\u00edctima&hellip;  <a href=\"https:\/\/projectes.xtec.cat\/acollidasuport\/portada\/lafganistan-a-traves-de-la-veu-de-nadia-ghulam\/\" title=\"Read L\u2019Afganistan, a trav\u00e9s de la veu de Nadia Ghulam\">Llegeix m\u00e9s\u00bb<\/a><\/p>\n","protected":false},"author":1,"featured_media":9181,"comment_status":"open","ping_status":"closed","sticky":false,"template":"","format":"standard","meta":{"_bbp_topic_count":0,"_bbp_reply_count":0,"_bbp_total_topic_count":0,"_bbp_total_reply_count":0,"_bbp_voice_count":0,"_bbp_anonymous_reply_count":0,"_bbp_topic_count_hidden":0,"_bbp_reply_count_hidden":0,"_bbp_forum_subforum_count":0,"footnotes":""},"categories":[287,29],"tags":[545,364],"class_list":["post-9180","post","type-post","status-publish","format-standard","has-post-thumbnail","hentry","category-acollida","category-portada","tag-difusio","tag-interculturalitat"],"post_mailing_queue_ids":[],"_links":{"self":[{"href":"https:\/\/projectes.xtec.cat\/acollidasuport\/wp-json\/wp\/v2\/posts\/9180","targetHints":{"allow":["GET"]}}],"collection":[{"href":"https:\/\/projectes.xtec.cat\/acollidasuport\/wp-json\/wp\/v2\/posts"}],"about":[{"href":"https:\/\/projectes.xtec.cat\/acollidasuport\/wp-json\/wp\/v2\/types\/post"}],"author":[{"embeddable":true,"href":"https:\/\/projectes.xtec.cat\/acollidasuport\/wp-json\/wp\/v2\/users\/1"}],"replies":[{"embeddable":true,"href":"https:\/\/projectes.xtec.cat\/acollidasuport\/wp-json\/wp\/v2\/comments?post=9180"}],"version-history":[{"count":1,"href":"https:\/\/projectes.xtec.cat\/acollidasuport\/wp-json\/wp\/v2\/posts\/9180\/revisions"}],"predecessor-version":[{"id":9182,"href":"https:\/\/projectes.xtec.cat\/acollidasuport\/wp-json\/wp\/v2\/posts\/9180\/revisions\/9182"}],"wp:featuredmedia":[{"embeddable":true,"href":"https:\/\/projectes.xtec.cat\/acollidasuport\/wp-json\/wp\/v2\/media\/9181"}],"wp:attachment":[{"href":"https:\/\/projectes.xtec.cat\/acollidasuport\/wp-json\/wp\/v2\/media?parent=9180"}],"wp:term":[{"taxonomy":"category","embeddable":true,"href":"https:\/\/projectes.xtec.cat\/acollidasuport\/wp-json\/wp\/v2\/categories?post=9180"},{"taxonomy":"post_tag","embeddable":true,"href":"https:\/\/projectes.xtec.cat\/acollidasuport\/wp-json\/wp\/v2\/tags?post=9180"}],"curies":[{"name":"wp","href":"https:\/\/api.w.org\/{rel}","templated":true}]}}