{"id":9183,"date":"2021-11-26T18:15:54","date_gmt":"2021-11-26T17:15:54","guid":{"rendered":"https:\/\/projectes.xtec.cat\/acollidasuport\/?p=9183"},"modified":"2024-04-16T23:33:01","modified_gmt":"2024-04-16T21:33:01","slug":"xxix-jornada-de-reflexio-del-consell-escolar-de-catalunya-lus-del-catala-a-leducacio","status":"publish","type":"post","link":"https:\/\/projectes.xtec.cat\/acollidasuport\/portada\/xxix-jornada-de-reflexio-del-consell-escolar-de-catalunya-lus-del-catala-a-leducacio\/","title":{"rendered":"XXIX Jornada de reflexi\u00f3 del Consell Escolar de Catalunya. \u00abL\u2019\u00fas del catal\u00e0 a l\u2019educaci\u00f3\u00bb"},"content":{"rendered":"<p><a href=\"https:\/\/projectes.xtec.cat\/acollidasuport\/wp-content\/uploads\/usu2169\/2021\/11\/Copia-de-Copia-de-Copia-de-Copia-de-Copia-de-Horari-AN-2.png\"><img loading=\"lazy\" decoding=\"async\" class=\"alignleft size-full wp-image-9189\" src=\"https:\/\/projectes.xtec.cat\/acollidasuport\/wp-content\/uploads\/usu2169\/2021\/11\/Copia-de-Copia-de-Copia-de-Copia-de-Copia-de-Horari-AN-2.png\" alt=\"\" width=\"450\" height=\"200\" srcset=\"https:\/\/projectes.xtec.cat\/acollidasuport\/wp-content\/uploads\/usu2169\/2021\/11\/Copia-de-Copia-de-Copia-de-Copia-de-Copia-de-Horari-AN-2.png 450w, https:\/\/projectes.xtec.cat\/acollidasuport\/wp-content\/uploads\/usu2169\/2021\/11\/Copia-de-Copia-de-Copia-de-Copia-de-Copia-de-Horari-AN-2-300x133.png 300w\" sizes=\"auto, (max-width: 450px) 100vw, 450px\" \/><\/a><\/p>\n<p><span style=\"font-weight: 400;\">El <\/span><a href=\"http:\/\/consellescolarcat.gencat.cat\/ca\/index.html\"><span style=\"font-weight: 400;\">Consell Escolar de Catalunya<\/span><\/a><span style=\"font-weight: 400;\"> (CEC) ha organitzat la <\/span><a href=\"https:\/\/projectes.xtec.cat\/consescat\/xxix-jornada-de-reflexio-lus-de-la-llengua-catalana-als-ambits-educatius\/\"><span style=\"font-weight: 400;\">XXIX Jornada de reflexi\u00f3<\/span><\/a><span style=\"font-weight: 400;\">, que est\u00e0 dedicada a l\u2019\u00fas del catal\u00e0 a l\u2019educaci\u00f3. La Jornada se celebrar\u00e0 el dijous 2 de desembre, de 17 h a 19.30 h, i <\/span><span style=\"font-weight: 400;\">es podr\u00e0 seguir per la p\u00e0gina <\/span><a href=\"http:\/\/secure-web.cisco.com\/1wmfprIkth-m2REjKrmFC_0v32ISlM9FeTn_ExbHi3t_NgExvJvifPrXx0bgWhBoeKkbhYps4ysD27ZxqAxi8DiV0phb5dFPFiGxBLws7wSkYysMxaqu7ICrCBIxMn48AHXyeKqldnfEUObTH72cPEbsKgVR1ffj81ngmkwCaxmBgyqhcebmJ_WQlevHfEH7DBgy7_yx4vtsv6OPPlXcU1Aq5OwljLfDYcDdPM0974Rw2hACRX2sIX9wkVsx9xDOAgzA0bAk27Z7MEJuVUmQNbnBR7BjcSBoiWBo5DU7TnC9F-pYi7hlOwfKZwnN7H_FPD_OUjDShr02zEMFVJY66z2Lkb6kSIu5OSfRkjfIBk_IDfaVDCeff5YHGTBFDL3H0S4adNfzHpwDQO10SpltXoZ2DBXvjdz0DHzRndHXOlJ_qu6ky_bAOpuOatP3DQRoQvRgHy30FSOFAWqSCwZmH-AJt6lokOdUQJvFMcfjvlmN_PeOZVL4vPvzK06y-qe9X\/http%3A%2F%2Fwww.consescat.cat\"><span style=\"font-weight: 400;\">www.consescat.cat<\/span><\/a><span style=\"font-weight: 400;\">. En aquesta jornada es presentar\u00e0 un informe sobre l\u2019estat de l\u2019\u00fas del catal\u00e0 als centres educatius, i tamb\u00e9 es proposaran mesures i actuacions que es poden dur a terme per tal de capgirar la situaci\u00f3 de minoritzaci\u00f3 actual de la llengua.\u00a0<\/span><\/p>\n<p><span style=\"font-weight: 400;\">L\u2019informe \u00e9s el resultat d\u2019un conjunt de reflexions que el CEC ha elaborat a partir d\u2019un seguit de de contactes amb diversos agents del m\u00f3n educatiu (mestres, alumnes, fam\u00edlies, direccions, professionals de l\u2019educaci\u00f3, etc.) i personalitats del camp de la ling\u00fc\u00edstica, la creaci\u00f3 art\u00edstica i liter\u00e0ria, i els mitjans de comunicaci\u00f3.\u00a0<\/span><\/p>\n<p><span style=\"font-weight: 400;\">Com anuncia el CEC en la presentaci\u00f3 de la Jornada, es tracta d\u2019una \u00abaproximaci\u00f3 que defuig qualsevol consideraci\u00f3 pol\u00edtica o judicial per centrar-se nom\u00e9s en l\u2019\u00e0mbit educatiu, un espai de consens i acord definit per l\u2019objectiu de dotar el nostre jovent d\u2019una formaci\u00f3 de qualitat que esdevingui la palanca d\u2019una transformaci\u00f3 social que situ\u00ef l\u2019equitat, la inclusi\u00f3, la diversitat i la igualtat d\u2019oportunitats com a puntals sobre els quals bastir la societat del segon ter\u00e7 del segles XXI.\u00bb<\/span><\/p>\n<p><span style=\"font-weight: 400;\">Tota la comunitat educativa es pot inscriure a la Jornada a trav\u00e9s de l&#8217;enlla\u00e7: <\/span><a href=\"https:\/\/eur03.safelinks.protection.outlook.com\/?url=https%3A%2F%2Fprojectes.xtec.cat%2Fconsescat%2Fxxix-jornada-de-reflexio-lus-de-la-llengua-catalana-als-ambits-educatius%2Finscripcions%2F&amp;data=04%7C01%7Cpere.mayans%40gencat.cat%7Cf3a641898b954987926408d9a5a9dea1%7C3b9427dcd30e43bc8c06ff7253676fec%7C1%7C0%7C637722971310499702%7CUnknown%7CTWFpbGZsb3d8eyJWIjoiMC4wLjAwMDAiLCJQIjoiV2luMzIiLCJBTiI6Ik1haWwiLCJXVCI6Mn0%3D%7C1000&amp;sdata=OZjEQ%2FmmxKwkeWewclGRQVSZ2v7e3n8duFEomWJy%2BQM%3D&amp;reserved=0\"><span style=\"font-weight: 400;\">https:\/\/projectes.xtec.cat\/consescat\/xxix-jornada-de-reflexio-lus-de-la-llengua-catalana-als-ambits-educatius\/inscripcions\/<\/span><\/a><span style=\"font-weight: 400;\"> o directament per<\/span><a href=\"https:\/\/eur03.safelinks.protection.outlook.com\/?url=https%3A%2F%2Faplicacions.ensenyament.gencat.cat%2Fpls%2Fgtaf%2Fpk_for_mod_ins.p_for_pre_cons_activitats%3Fp_any%3D2021-2022%26p_codi%3D9000018888&amp;data=04%7C01%7Cpere.mayans%40gencat.cat%7Cf3a641898b954987926408d9a5a9dea1%7C3b9427dcd30e43bc8c06ff7253676fec%7C1%7C0%7C637722971310499702%7CUnknown%7CTWFpbGZsb3d8eyJWIjoiMC4wLjAwMDAiLCJQIjoiV2luMzIiLCJBTiI6Ik1haWwiLCJXVCI6Mn0%3D%7C1000&amp;sdata=uyF%2FvxgbwFhxMeNUZ6DY7%2FY86WRmx2yUwjan4iPSW9E%3D&amp;reserved=0\"> <span style=\"font-weight: 400;\">l&#8217;aplicaci\u00f3 de formaci\u00f3 del professorat<\/span><\/a><span style=\"font-weight: 400;\">.<\/span><\/p>\n","protected":false},"excerpt":{"rendered":"<p><a href=\"https:\/\/projectes.xtec.cat\/acollidasuport\/wp-content\/uploads\/usu2169\/2021\/11\/Copia-de-Copia-de-Copia-de-Copia-de-Copia-de-Horari-AN-2.png\"><\/a><br \/>\nEl <a href=\"http:\/\/consellescolarcat.gencat.cat\/ca\/index.html\">Consell Escolar de Catalunya<\/a> (CEC) ha organitzat la <a href=\"https:\/\/projectes.xtec.cat\/consescat\/xxix-jornada-de-reflexio-lus-de-la-llengua-catalana-als-ambits-educatius\/\">XXIX Jornada de reflexi\u00f3<\/a>, que est\u00e0 dedicada a l\u2019\u00fas del catal\u00e0 a l\u2019educaci\u00f3. La Jornada se celebrar\u00e0 el dijous 2 de desembre, de 17 h a 19.30 h, i es podr\u00e0 seguir per&hellip;  <a href=\"https:\/\/projectes.xtec.cat\/acollidasuport\/portada\/xxix-jornada-de-reflexio-del-consell-escolar-de-catalunya-lus-del-catala-a-leducacio\/\" title=\"Read XXIX Jornada de reflexi\u00f3 del Consell Escolar de Catalunya. \u00abL\u2019\u00fas del catal\u00e0 a l\u2019educaci\u00f3\u00bb\">Llegeix m\u00e9s\u00bb<\/a><\/p>\n","protected":false},"author":1,"featured_media":9189,"comment_status":"open","ping_status":"closed","sticky":false,"template":"","format":"standard","meta":{"_bbp_topic_count":0,"_bbp_reply_count":0,"_bbp_total_topic_count":0,"_bbp_total_reply_count":0,"_bbp_voice_count":0,"_bbp_anonymous_reply_count":0,"_bbp_topic_count_hidden":0,"_bbp_reply_count_hidden":0,"_bbp_forum_subforum_count":0,"footnotes":""},"categories":[154,29],"tags":[524],"class_list":["post-9183","post","type-post","status-publish","format-standard","has-post-thumbnail","hentry","category-formacio","category-portada","tag-jornada"],"post_mailing_queue_ids":[],"_links":{"self":[{"href":"https:\/\/projectes.xtec.cat\/acollidasuport\/wp-json\/wp\/v2\/posts\/9183","targetHints":{"allow":["GET"]}}],"collection":[{"href":"https:\/\/projectes.xtec.cat\/acollidasuport\/wp-json\/wp\/v2\/posts"}],"about":[{"href":"https:\/\/projectes.xtec.cat\/acollidasuport\/wp-json\/wp\/v2\/types\/post"}],"author":[{"embeddable":true,"href":"https:\/\/projectes.xtec.cat\/acollidasuport\/wp-json\/wp\/v2\/users\/1"}],"replies":[{"embeddable":true,"href":"https:\/\/projectes.xtec.cat\/acollidasuport\/wp-json\/wp\/v2\/comments?post=9183"}],"version-history":[{"count":3,"href":"https:\/\/projectes.xtec.cat\/acollidasuport\/wp-json\/wp\/v2\/posts\/9183\/revisions"}],"predecessor-version":[{"id":9190,"href":"https:\/\/projectes.xtec.cat\/acollidasuport\/wp-json\/wp\/v2\/posts\/9183\/revisions\/9190"}],"wp:featuredmedia":[{"embeddable":true,"href":"https:\/\/projectes.xtec.cat\/acollidasuport\/wp-json\/wp\/v2\/media\/9189"}],"wp:attachment":[{"href":"https:\/\/projectes.xtec.cat\/acollidasuport\/wp-json\/wp\/v2\/media?parent=9183"}],"wp:term":[{"taxonomy":"category","embeddable":true,"href":"https:\/\/projectes.xtec.cat\/acollidasuport\/wp-json\/wp\/v2\/categories?post=9183"},{"taxonomy":"post_tag","embeddable":true,"href":"https:\/\/projectes.xtec.cat\/acollidasuport\/wp-json\/wp\/v2\/tags?post=9183"}],"curies":[{"name":"wp","href":"https:\/\/api.w.org\/{rel}","templated":true}]}}