{"id":9191,"date":"2021-12-12T12:49:47","date_gmt":"2021-12-12T11:49:47","guid":{"rendered":"https:\/\/projectes.xtec.cat\/acollidasuport\/?p=9191"},"modified":"2024-04-13T20:39:23","modified_gmt":"2024-04-13T18:39:23","slug":"colloqui-ecml-ec-el-futur-de-leducacio-linguistica-a-la-llum-del-covid-llicons-apreses-i-camins-a-seguir","status":"publish","type":"post","link":"https:\/\/projectes.xtec.cat\/acollidasuport\/portada\/colloqui-ecml-ec-el-futur-de-leducacio-linguistica-a-la-llum-del-covid-llicons-apreses-i-camins-a-seguir\/","title":{"rendered":"Col\u00b7loqui ECML-EC: El futur de l&#8217;educaci\u00f3 ling\u00fc\u00edstica a la llum de la Covid: lli\u00e7ons apreses i camins a seguir"},"content":{"rendered":"<p><a href=\"https:\/\/projectes.xtec.cat\/acollidasuport\/wp-content\/uploads\/usu2169\/2021\/12\/topbanner-EN-1.png\"><img loading=\"lazy\" decoding=\"async\" class=\" wp-image-9193 alignright\" src=\"https:\/\/projectes.xtec.cat\/acollidasuport\/wp-content\/uploads\/usu2169\/2021\/12\/topbanner-EN-1.png\" alt=\"\" width=\"356\" height=\"158\" srcset=\"https:\/\/projectes.xtec.cat\/acollidasuport\/wp-content\/uploads\/usu2169\/2021\/12\/topbanner-EN-1.png 450w, https:\/\/projectes.xtec.cat\/acollidasuport\/wp-content\/uploads\/usu2169\/2021\/12\/topbanner-EN-1-300x133.png 300w\" sizes=\"auto, (max-width: 356px) 100vw, 356px\" \/><\/a>El proper 14 de desembre hi haur\u00e0 una retransmissi\u00f3 en directe del col\u00b7loqui que organitza el <a href=\"https:\/\/www.ecml.at\/Home\/tabid\/59\/language\/en-GB\/Default.aspx\"><strong>Centre Europeu de Lleng\u00fces Modernes<\/strong><\/a> de la Comissi\u00f3 Europea: <strong><a href=\"https:\/\/www.ecml.at\/ECML-Programme\/Programme2020-2023\/Thefutureoflanguageeducation\/Colloquium\/tabid\/5523\/Default.aspx\" data-saferedirecturl=\"https:\/\/www.google.com\/url?q=https:\/\/www.ecml.at\/ECML-Programme\/Programme2020-2023\/Thefutureoflanguageeducation\/Colloquium\/tabid\/5523\/Default.aspx&amp;source=gmail&amp;ust=1639336672505000&amp;usg=AOvVaw0hkuhjWjKHi0TD07LkPwz6\">The future of language education in the light of Covid \u2013 lessons learned and ways forward<\/a><\/strong>.<\/p>\n<p style=\"font-weight: 400;\">La retransmissi\u00f3 comen\u00e7ar\u00e0 a les 9.30h i la podreu seguir en el canal de Vimeo a partir dels seg\u00fcents enlla\u00e7os:<\/p>\n<ul>\n<li style=\"font-weight: 400;\"><strong>English stream<\/strong>:\u00a0<a href=\"https:\/\/vimeo.com\/event\/1634631\" data-saferedirecturl=\"https:\/\/www.google.com\/url?q=https:\/\/vimeo.com\/event\/1634631&amp;source=gmail&amp;ust=1639336672505000&amp;usg=AOvVaw2_ENI_Ohg-NJmWOdehH96i\">https:\/\/vimeo.com\/event\/1634631<\/a><\/li>\n<li style=\"font-weight: 400;\"><strong style=\"font-family: inherit; font-size: 1em;\">French stream<\/strong><span style=\"font-family: inherit; font-size: 1em;\">:\u00a0<\/span><a style=\"font-family: inherit; font-size: 1em;\" href=\"https:\/\/vimeo.com\/event\/1634641\" data-saferedirecturl=\"https:\/\/www.google.com\/url?q=https:\/\/vimeo.com\/event\/1634641&amp;source=gmail&amp;ust=1639336672505000&amp;usg=AOvVaw2O7l1REtzBcrL6sDUmQ084\">https:\/\/vimeo.com\/event\/1634641<\/a><\/li>\n<\/ul>\n<p>El col\u00b7loqui es proposa abordar les seg\u00fcents q\u00fcestions:<\/p>\n<ul>\n<li style=\"list-style-type: none;\">\n<ul style=\"list-style-type: circle;\">\n<li>Quins coneixements s&#8217;han obtingut a partir d&#8217;utilitzar metodologies d&#8217;ensenyament ling\u00fc\u00edstic radicalment diferents durant la pand\u00e8mia (remots, h\u00edbrids, distanciats socialment&#8230;)?<\/li>\n<li>Com es poden superar els nous reptes dels ex\u00e0mens i l&#8217;avaluaci\u00f3?<\/li>\n<li>Quins tipus de suport innovadors per als aprenents i professors s&#8217;han desenvolupat?<\/li>\n<li>Quins reptes espec\u00edfics han sorgit per tal de garantir una educaci\u00f3 ling\u00fc\u00edstica inclusiva per a tothom?<\/li>\n<li>Necessitem un nou tipus d&#8217;<em>alfabetitzaci\u00f3 educativa<\/em>?<\/li>\n<\/ul>\n<\/li>\n<\/ul>\n<p>Durant els \u00faltims divuit mesos, el F\u00f2rum de la Xarxa Professional de l&#8217;ECLV ha liderat una iniciativa centrada en analitzar l&#8217;impacte de la pand\u00e8mia en l&#8217;educaci\u00f3 ling\u00fc\u00edstica. El col\u00b7loqui mirar\u00e0 enrere per avan\u00e7ar i presentar\u00e0 un esborrany de guia per al professorat d&#8217;idiomes sobre com fer front al tipus de reptes causats per la pand\u00e8mia, aspectes\u00a0d&#8217;inter\u00e8s per a tots els que treballen en l&#8217;\u00e0mbit de l&#8217;educaci\u00f3 ling\u00fc\u00edstica: responsables de la presa de decisions, desenvolupadors del curr\u00edculum, formadors de professorat i professorat d&#8217;aula.<\/p>\n","protected":false},"excerpt":{"rendered":"<p>El proper 14 de desembre hi haur\u00e0 una retransmissi\u00f3 en directe del col\u00b7loqui que organitza el Centre Europeu de Lleng\u00fces Modernes de la Comissi\u00f3 Europea: The future of language education in the light of Covid \u2013 lessons learned and ways forward.&hellip;  <a href=\"https:\/\/projectes.xtec.cat\/acollidasuport\/portada\/colloqui-ecml-ec-el-futur-de-leducacio-linguistica-a-la-llum-del-covid-llicons-apreses-i-camins-a-seguir\/\" title=\"Read Col\u00b7loqui ECML-EC: El futur de l&#8217;educaci\u00f3 ling\u00fc\u00edstica a la llum de la Covid: lli\u00e7ons apreses i camins a seguir\">Llegeix m\u00e9s\u00bb<\/a><\/p>\n","protected":false},"author":1,"featured_media":9193,"comment_status":"open","ping_status":"closed","sticky":false,"template":"","format":"standard","meta":{"_bbp_topic_count":0,"_bbp_reply_count":0,"_bbp_total_topic_count":0,"_bbp_total_reply_count":0,"_bbp_voice_count":0,"_bbp_anonymous_reply_count":0,"_bbp_topic_count_hidden":0,"_bbp_reply_count_hidden":0,"_bbp_forum_subforum_count":0,"footnotes":""},"categories":[29],"tags":[545,524],"class_list":["post-9191","post","type-post","status-publish","format-standard","has-post-thumbnail","hentry","category-portada","tag-difusio","tag-jornada"],"post_mailing_queue_ids":[],"_links":{"self":[{"href":"https:\/\/projectes.xtec.cat\/acollidasuport\/wp-json\/wp\/v2\/posts\/9191","targetHints":{"allow":["GET"]}}],"collection":[{"href":"https:\/\/projectes.xtec.cat\/acollidasuport\/wp-json\/wp\/v2\/posts"}],"about":[{"href":"https:\/\/projectes.xtec.cat\/acollidasuport\/wp-json\/wp\/v2\/types\/post"}],"author":[{"embeddable":true,"href":"https:\/\/projectes.xtec.cat\/acollidasuport\/wp-json\/wp\/v2\/users\/1"}],"replies":[{"embeddable":true,"href":"https:\/\/projectes.xtec.cat\/acollidasuport\/wp-json\/wp\/v2\/comments?post=9191"}],"version-history":[{"count":3,"href":"https:\/\/projectes.xtec.cat\/acollidasuport\/wp-json\/wp\/v2\/posts\/9191\/revisions"}],"predecessor-version":[{"id":9197,"href":"https:\/\/projectes.xtec.cat\/acollidasuport\/wp-json\/wp\/v2\/posts\/9191\/revisions\/9197"}],"wp:featuredmedia":[{"embeddable":true,"href":"https:\/\/projectes.xtec.cat\/acollidasuport\/wp-json\/wp\/v2\/media\/9193"}],"wp:attachment":[{"href":"https:\/\/projectes.xtec.cat\/acollidasuport\/wp-json\/wp\/v2\/media?parent=9191"}],"wp:term":[{"taxonomy":"category","embeddable":true,"href":"https:\/\/projectes.xtec.cat\/acollidasuport\/wp-json\/wp\/v2\/categories?post=9191"},{"taxonomy":"post_tag","embeddable":true,"href":"https:\/\/projectes.xtec.cat\/acollidasuport\/wp-json\/wp\/v2\/tags?post=9191"}],"curies":[{"name":"wp","href":"https:\/\/api.w.org\/{rel}","templated":true}]}}