{"id":9198,"date":"2021-12-15T17:30:43","date_gmt":"2021-12-15T16:30:43","guid":{"rendered":"https:\/\/projectes.xtec.cat\/acollidasuport\/?p=9198"},"modified":"2021-12-15T17:28:29","modified_gmt":"2021-12-15T16:28:29","slug":"concurs-jo-tinc-la-paraula-categoria-nous-parlants","status":"publish","type":"post","link":"https:\/\/projectes.xtec.cat\/acollidasuport\/portada\/concurs-jo-tinc-la-paraula-categoria-nous-parlants\/","title":{"rendered":"Concurs &#8220;Jo tinc la paraula&#8221; &#8211; Categoria nous parlants"},"content":{"rendered":"<p><span style=\"font-weight: 400;\"><a href=\"https:\/\/projectes.xtec.cat\/acollidasuport\/wp-content\/uploads\/usu2169\/2021\/12\/Tinc-la-paraula.png\"><img loading=\"lazy\" decoding=\"async\" class=\"alignleft wp-image-9199\" src=\"https:\/\/projectes.xtec.cat\/acollidasuport\/wp-content\/uploads\/usu2169\/2021\/12\/Tinc-la-paraula.png\" alt=\"\" width=\"369\" height=\"164\" srcset=\"https:\/\/projectes.xtec.cat\/acollidasuport\/wp-content\/uploads\/usu2169\/2021\/12\/Tinc-la-paraula.png 450w, https:\/\/projectes.xtec.cat\/acollidasuport\/wp-content\/uploads\/usu2169\/2021\/12\/Tinc-la-paraula-300x133.png 300w\" sizes=\"auto, (max-width: 369px) 100vw, 369px\" \/><\/a>Ja s\u2019han publicat les bases del <\/span><a href=\"http:\/\/xtec.gencat.cat\/ca\/projectes\/llengua-oral\/tenim-la-paraula\/concurs-jo-tinc-la-paraula\/\"><b>Concurs &#8220;Jo tinc la paraula<\/b><\/a><span style=\"font-weight: 400;\">. Enguany, amb una novetat: una categoria adre\u00e7ada a <\/span><b>nous parlants<\/b><span style=\"font-weight: 400;\">. En aquesta nova categoria hi pot participar l\u2019alumnat arribat en el sistema educatiu catal\u00e0 en els \u00faltims 3 anys, amb un <\/span><b>nivell m\u00ednim A2 (usuari b\u00e0sic)<\/b><span style=\"font-weight: 400;\">, segons l\u2019adaptaci\u00f3 que s\u2019ha fet del <\/span><a href=\"https:\/\/llengua.gencat.cat\/ca\/serveis\/informacio_i_difusio\/publicacions_en_linia\/classific_temes\/temes_materials_didactics\/marc_europeu_de_referencia_per_a_les_llengues\"><b><i>Marc com\u00fa de refer\u00e8ncia per a les lleng\u00fces: aprendre, ensenyar, avaluar per a escolars de 8 a 16 anys<\/i><\/b><\/a><span style=\"font-weight: 400;\">.\u00a0<\/span><\/p>\n<p><span style=\"font-weight: 400;\">L\u2019objectiu del concurs \u00e9s provocar la reflexi\u00f3 per part de l\u2019alumnat sobre els components que fan que la comunicaci\u00f3 oral sigui efica\u00e7. Per participar-hi, nom\u00e9s cal enviar un enregistrament de v\u00eddeo, a la manera d\u2019un <\/span><i><span style=\"font-weight: 400;\">youtuber<\/span><\/i><span style=\"font-weight: 400;\">, en qu\u00e8 l\u2019alumnat expressi i comuniqui les seves idees, opinions o experi\u00e8ncies relacionades amb cinc crides, recollides en cinc tutorials: parlar amb flu\u00efdesa, por a parlar amb p\u00fablic, llenguatge no verbal, la conversa i adequaci\u00f3 a la situaci\u00f3 comunicativa. A les <a href=\"http:\/\/xtec.gencat.cat\/ca\/projectes\/llengua-oral\/tenim-la-paraula\/concurs-jo-tinc-la-paraula\/\"><strong>bases del concurs<\/strong><\/a>, hi trobareu <\/span><span style=\"font-weight: 400;\">suggeriments espec\u00edfics <\/span><span style=\"font-weight: 400;\">per fomentar la reflexi\u00f3 entre els nous parlants de catal\u00e0 que tamb\u00e9 trobareu recollits en aquesta infografia descarregable.<\/span><a href=\"https:\/\/projectes.xtec.cat\/acollidasuport\/wp-content\/uploads\/usu2169\/2021\/12\/II_Concurs_NousParlants.pdf\" target=\"_blank\" rel=\"noopener\"><img loading=\"lazy\" decoding=\"async\" class=\"aligncenter wp-image-8793\" src=\"https:\/\/projectes.xtec.cat\/acollidasuport\/wp-content\/uploads\/usu2169\/2021\/02\/C\u00f2pia-de-infografia_AOE.png\" alt=\"\" width=\"186\" height=\"186\" srcset=\"https:\/\/projectes.xtec.cat\/acollidasuport\/wp-content\/uploads\/usu2169\/2021\/02\/C\u00f2pia-de-infografia_AOE.png 500w, https:\/\/projectes.xtec.cat\/acollidasuport\/wp-content\/uploads\/usu2169\/2021\/02\/C\u00f2pia-de-infografia_AOE-150x150.png 150w, https:\/\/projectes.xtec.cat\/acollidasuport\/wp-content\/uploads\/usu2169\/2021\/02\/C\u00f2pia-de-infografia_AOE-300x300.png 300w\" sizes=\"auto, (max-width: 186px) 100vw, 186px\" \/><\/a><span style=\"font-weight: 400;\">El premi consisteix en un curs de creaci\u00f3 i edici\u00f3 de contingut, impartit per <em>youtubers<\/em> de refer\u00e8ncia del m\u00f3n audiovisual en catal\u00e0 i un diploma acreditatiu. Els v\u00eddeos premiats tamb\u00e9 es penjaran al web del Departament d\u2019Educaci\u00f3 del programa <\/span><strong><a href=\"http:\/\/xtec.gencat.cat\/ca\/projectes\/llengua-oral\/tenim-la-paraula\/\">Tenim la paraula<\/a><\/strong><span style=\"font-weight: 400;\">.<\/span><\/p>\n<p><span style=\"font-weight: 400;\">Animeu el vostre alumnat a participar-hi!<\/span><\/p>\n<p>A continuaci\u00f3 us deixem enlla\u00e7ats materials per fer difusi\u00f3 del concurs al vostre centre.<\/p>\n<p><a href=\"https:\/\/projectes.xtec.cat\/acollidasuport\/wp-content\/uploads\/usu2169\/2020\/11\/Infografia-Educaci\u00f3-Intercultural.png\">\u00a0 <\/a><a href=\"https:\/\/projectes.xtec.cat\/acollidasuport\/wp-content\/uploads\/usu2169\/2021\/12\/II_Concurs_Professorat.pdf\" target=\"_blank\" rel=\"noopener\"><img loading=\"lazy\" decoding=\"async\" class=\"alignleft wp-image-8614\" src=\"https:\/\/projectes.xtec.cat\/acollidasuport\/wp-content\/uploads\/usu2169\/2020\/11\/Infografia-Educaci\u00f3-Intercultural.png\" alt=\"\" width=\"92\" height=\"92\" srcset=\"https:\/\/projectes.xtec.cat\/acollidasuport\/wp-content\/uploads\/usu2169\/2020\/11\/Infografia-Educaci\u00f3-Intercultural.png 500w, https:\/\/projectes.xtec.cat\/acollidasuport\/wp-content\/uploads\/usu2169\/2020\/11\/Infografia-Educaci\u00f3-Intercultural-150x150.png 150w, https:\/\/projectes.xtec.cat\/acollidasuport\/wp-content\/uploads\/usu2169\/2020\/11\/Infografia-Educaci\u00f3-Intercultural-300x300.png 300w\" sizes=\"auto, (max-width: 92px) 100vw, 92px\" \/><\/a> \u00a0 <a href=\"https:\/\/projectes.xtec.cat\/acollidasuport\/wp-content\/uploads\/usu2169\/2021\/12\/II_Concurs_Alumnat.pdf\"><img loading=\"lazy\" decoding=\"async\" class=\"alignleft wp-image-8614\" src=\"https:\/\/projectes.xtec.cat\/acollidasuport\/wp-content\/uploads\/usu2169\/2020\/11\/Infografia-Educaci\u00f3-Intercultural.png\" alt=\"\" width=\"92\" height=\"92\" srcset=\"https:\/\/projectes.xtec.cat\/acollidasuport\/wp-content\/uploads\/usu2169\/2020\/11\/Infografia-Educaci\u00f3-Intercultural.png 500w, https:\/\/projectes.xtec.cat\/acollidasuport\/wp-content\/uploads\/usu2169\/2020\/11\/Infografia-Educaci\u00f3-Intercultural-150x150.png 150w, https:\/\/projectes.xtec.cat\/acollidasuport\/wp-content\/uploads\/usu2169\/2020\/11\/Infografia-Educaci\u00f3-Intercultural-300x300.png 300w\" sizes=\"auto, (max-width: 92px) 100vw, 92px\" \/><\/a><a href=\"https:\/\/projectes.xtec.cat\/acollidasuport\/wp-content\/uploads\/usu2169\/2021\/12\/II_Concurs_ImprimirAula.pdf\"><img loading=\"lazy\" decoding=\"async\" class=\"alignleft wp-image-8614\" src=\"https:\/\/projectes.xtec.cat\/acollidasuport\/wp-content\/uploads\/usu2169\/2020\/11\/Infografia-Educaci\u00f3-Intercultural.png\" alt=\"\" width=\"92\" height=\"92\" srcset=\"https:\/\/projectes.xtec.cat\/acollidasuport\/wp-content\/uploads\/usu2169\/2020\/11\/Infografia-Educaci\u00f3-Intercultural.png 500w, https:\/\/projectes.xtec.cat\/acollidasuport\/wp-content\/uploads\/usu2169\/2020\/11\/Infografia-Educaci\u00f3-Intercultural-150x150.png 150w, https:\/\/projectes.xtec.cat\/acollidasuport\/wp-content\/uploads\/usu2169\/2020\/11\/Infografia-Educaci\u00f3-Intercultural-300x300.png 300w\" sizes=\"auto, (max-width: 92px) 100vw, 92px\" \/><\/a><\/p>\n","protected":false},"excerpt":{"rendered":"<p>Ja s\u2019han publicat les bases del Concurs &#8220;Jo tinc la paraula. Enguany, amb una novetat: una categoria adre\u00e7ada a nous parlants. En aquesta nova categoria hi pot participar l\u2019alumnat arribat en el sistema educatiu catal\u00e0 en els \u00faltims 3 anys, amb un nivell m\u00ednim A2 (usuari b\u00e0sic), segons l\u2019adaptaci\u00f3 que s\u2019ha fet del Marc com\u00fa de refer\u00e8ncia per a les lleng\u00fces: aprendre, ensenyar, avaluar per a escolars de 8 a 16 anys.\u00a0&hellip;  <a href=\"https:\/\/projectes.xtec.cat\/acollidasuport\/portada\/concurs-jo-tinc-la-paraula-categoria-nous-parlants\/\" title=\"Read Concurs &#8220;Jo tinc la paraula&#8221; &#8211; Categoria nous parlants\">Llegeix m\u00e9s\u00bb<\/a><\/p>\n","protected":false},"author":1,"featured_media":9199,"comment_status":"open","ping_status":"closed","sticky":false,"template":"","format":"standard","meta":{"_bbp_topic_count":0,"_bbp_reply_count":0,"_bbp_total_topic_count":0,"_bbp_total_reply_count":0,"_bbp_voice_count":0,"_bbp_anonymous_reply_count":0,"_bbp_topic_count_hidden":0,"_bbp_reply_count_hidden":0,"_bbp_forum_subforum_count":0,"footnotes":""},"categories":[29],"tags":[376],"class_list":["post-9198","post","type-post","status-publish","format-standard","has-post-thumbnail","hentry","category-portada","tag-concurs"],"post_mailing_queue_ids":[],"_links":{"self":[{"href":"https:\/\/projectes.xtec.cat\/acollidasuport\/wp-json\/wp\/v2\/posts\/9198","targetHints":{"allow":["GET"]}}],"collection":[{"href":"https:\/\/projectes.xtec.cat\/acollidasuport\/wp-json\/wp\/v2\/posts"}],"about":[{"href":"https:\/\/projectes.xtec.cat\/acollidasuport\/wp-json\/wp\/v2\/types\/post"}],"author":[{"embeddable":true,"href":"https:\/\/projectes.xtec.cat\/acollidasuport\/wp-json\/wp\/v2\/users\/1"}],"replies":[{"embeddable":true,"href":"https:\/\/projectes.xtec.cat\/acollidasuport\/wp-json\/wp\/v2\/comments?post=9198"}],"version-history":[{"count":3,"href":"https:\/\/projectes.xtec.cat\/acollidasuport\/wp-json\/wp\/v2\/posts\/9198\/revisions"}],"predecessor-version":[{"id":9206,"href":"https:\/\/projectes.xtec.cat\/acollidasuport\/wp-json\/wp\/v2\/posts\/9198\/revisions\/9206"}],"wp:featuredmedia":[{"embeddable":true,"href":"https:\/\/projectes.xtec.cat\/acollidasuport\/wp-json\/wp\/v2\/media\/9199"}],"wp:attachment":[{"href":"https:\/\/projectes.xtec.cat\/acollidasuport\/wp-json\/wp\/v2\/media?parent=9198"}],"wp:term":[{"taxonomy":"category","embeddable":true,"href":"https:\/\/projectes.xtec.cat\/acollidasuport\/wp-json\/wp\/v2\/categories?post=9198"},{"taxonomy":"post_tag","embeddable":true,"href":"https:\/\/projectes.xtec.cat\/acollidasuport\/wp-json\/wp\/v2\/tags?post=9198"}],"curies":[{"name":"wp","href":"https:\/\/api.w.org\/{rel}","templated":true}]}}