{"id":9212,"date":"2021-12-22T13:00:06","date_gmt":"2021-12-22T12:00:06","guid":{"rendered":"https:\/\/projectes.xtec.cat\/acollidasuport\/?p=9212"},"modified":"2024-04-13T20:38:50","modified_gmt":"2024-04-13T18:38:50","slug":"bones-nadal-i-felic-any-nou","status":"publish","type":"post","link":"https:\/\/projectes.xtec.cat\/acollidasuport\/portada\/bones-nadal-i-felic-any-nou\/","title":{"rendered":"Bon Nadal i bon any nou!"},"content":{"rendered":"<p>La diversitat ling\u00fc\u00edstica i cultural del nostre alumnat \u00e9s un dels tresors del nostre patrimoni docent.<\/p>\n<p>Des de l&#8217;\u00c0mbit d&#8217;atenci\u00f3 a l&#8217;alumna d&#8217;origen estranger, us desitgem un <strong>bon Nadal<\/strong> i una feli\u00e7 entrada al <strong>nou any<\/strong> mitjan\u00e7ant algunes de les lleng\u00fces d&#8217;origen de l&#8217;alumnat de les nostres aules d&#8217;acollida.<\/p>\n<div style=\"width: 1080px;\" class=\"wp-video\"><!--[if lt IE 9]><script>document.createElement('video');<\/script><![endif]-->\n<video class=\"wp-video-shortcode\" id=\"video-9212-1\" width=\"1080\" height=\"1080\" loop=\"1\" autoplay=\"1\" preload=\"metadata\" controls=\"controls\"><source type=\"video\/mp4\" src=\"https:\/\/projectes.xtec.cat\/acollidasuport\/wp-content\/uploads\/usu2169\/2021\/12\/Bon-Nadal.mp4?_=1\" \/><a href=\"https:\/\/projectes.xtec.cat\/acollidasuport\/wp-content\/uploads\/usu2169\/2021\/12\/Bon-Nadal.mp4\">https:\/\/projectes.xtec.cat\/acollidasuport\/wp-content\/uploads\/usu2169\/2021\/12\/Bon-Nadal.mp4<\/a><\/video><\/div>\n","protected":false},"excerpt":{"rendered":"<p>La diversitat ling\u00fc\u00edstica i cultural del nostre alumnat \u00e9s un dels tresors del nostre patrimoni docent.<br \/>\nDes de l&#8217;\u00c0mbit d&#8217;atenci\u00f3 a l&#8217;alumna d&#8217;origen estranger, us desitgem un bon Nadal i una feli\u00e7 entrada al nou any mitjan\u00e7ant algunes de les lleng\u00fces d&#8217;origen de l&#8217;alumnat de les&hellip;  <a href=\"https:\/\/projectes.xtec.cat\/acollidasuport\/portada\/bones-nadal-i-felic-any-nou\/\" title=\"Read Bon Nadal i bon any nou!\">Llegeix m\u00e9s\u00bb<\/a><\/p>\n","protected":false},"author":1,"featured_media":0,"comment_status":"open","ping_status":"closed","sticky":false,"template":"","format":"standard","meta":{"_bbp_topic_count":0,"_bbp_reply_count":0,"_bbp_total_topic_count":0,"_bbp_total_reply_count":0,"_bbp_voice_count":0,"_bbp_anonymous_reply_count":0,"_bbp_topic_count_hidden":0,"_bbp_reply_count_hidden":0,"_bbp_forum_subforum_count":0,"footnotes":""},"categories":[29],"tags":[337],"class_list":["post-9212","post","type-post","status-publish","format-standard","hentry","category-portada","tag-celebracions"],"post_mailing_queue_ids":[],"_links":{"self":[{"href":"https:\/\/projectes.xtec.cat\/acollidasuport\/wp-json\/wp\/v2\/posts\/9212","targetHints":{"allow":["GET"]}}],"collection":[{"href":"https:\/\/projectes.xtec.cat\/acollidasuport\/wp-json\/wp\/v2\/posts"}],"about":[{"href":"https:\/\/projectes.xtec.cat\/acollidasuport\/wp-json\/wp\/v2\/types\/post"}],"author":[{"embeddable":true,"href":"https:\/\/projectes.xtec.cat\/acollidasuport\/wp-json\/wp\/v2\/users\/1"}],"replies":[{"embeddable":true,"href":"https:\/\/projectes.xtec.cat\/acollidasuport\/wp-json\/wp\/v2\/comments?post=9212"}],"version-history":[{"count":3,"href":"https:\/\/projectes.xtec.cat\/acollidasuport\/wp-json\/wp\/v2\/posts\/9212\/revisions"}],"predecessor-version":[{"id":9225,"href":"https:\/\/projectes.xtec.cat\/acollidasuport\/wp-json\/wp\/v2\/posts\/9212\/revisions\/9225"}],"wp:attachment":[{"href":"https:\/\/projectes.xtec.cat\/acollidasuport\/wp-json\/wp\/v2\/media?parent=9212"}],"wp:term":[{"taxonomy":"category","embeddable":true,"href":"https:\/\/projectes.xtec.cat\/acollidasuport\/wp-json\/wp\/v2\/categories?post=9212"},{"taxonomy":"post_tag","embeddable":true,"href":"https:\/\/projectes.xtec.cat\/acollidasuport\/wp-json\/wp\/v2\/tags?post=9212"}],"curies":[{"name":"wp","href":"https:\/\/api.w.org\/{rel}","templated":true}]}}