{"id":9230,"date":"2022-01-20T17:40:20","date_gmt":"2022-01-20T16:40:20","guid":{"rendered":"https:\/\/projectes.xtec.cat\/acollidasuport\/?p=9230"},"modified":"2022-01-20T17:40:20","modified_gmt":"2022-01-20T16:40:20","slug":"lliurament-dels-videos-per-participar-en-el-concurs-jo-tinc-la-paraula-categoria-nous-parlants","status":"publish","type":"post","link":"https:\/\/projectes.xtec.cat\/acollidasuport\/portada\/lliurament-dels-videos-per-participar-en-el-concurs-jo-tinc-la-paraula-categoria-nous-parlants\/","title":{"rendered":"Lliurament dels v\u00eddeos per participar en el Concurs \u201cJo tinc la paraula\u201d \u2013 Categoria nous parlants"},"content":{"rendered":"<p><strong><a href=\"https:\/\/projectes.xtec.cat\/acollidasuport\/wp-content\/uploads\/usu2169\/2021\/12\/Tinc-la-paraula.png\"><img loading=\"lazy\" decoding=\"async\" class=\"size-full wp-image-9199 alignright\" src=\"https:\/\/projectes.xtec.cat\/acollidasuport\/wp-content\/uploads\/usu2169\/2021\/12\/Tinc-la-paraula.png\" alt=\"\" width=\"450\" height=\"200\" srcset=\"https:\/\/projectes.xtec.cat\/acollidasuport\/wp-content\/uploads\/usu2169\/2021\/12\/Tinc-la-paraula.png 450w, https:\/\/projectes.xtec.cat\/acollidasuport\/wp-content\/uploads\/usu2169\/2021\/12\/Tinc-la-paraula-300x133.png 300w\" sizes=\"auto, (max-width: 450px) 100vw, 450px\" \/><\/a>Fins al 18 de febrer<\/strong> teniu temps per lliurar els v\u00eddeos del vostre alumnat per participar en el <a href=\"http:\/\/xtec.gencat.cat\/ca\/projectes\/llengua-oral\/tenim-la-paraula\/concurs-jo-tinc-la-paraula\/\"><b>Concurs \u201cJo tinc la paraula<\/b><\/a>. Recordeu que aquest any el vostre alumnat tamb\u00e9 pot presentar-se per participar-hi en la nova categoria adre\u00e7ada a <b>nous parlants<\/b>. En aquesta nova categoria hi pot participar l\u2019alumnat arribat en el sistema educatiu catal\u00e0 en els \u00faltims 3 anys, amb un\u00a0<b>nivell m\u00ednim A2 (usuari b\u00e0sic)<\/b>, segons l\u2019adaptaci\u00f3 que s\u2019ha fet del\u00a0<a href=\"https:\/\/llengua.gencat.cat\/ca\/serveis\/informacio_i_difusio\/publicacions_en_linia\/classific_temes\/temes_materials_didactics\/marc_europeu_de_referencia_per_a_les_llengues\"><b><i>Marc com\u00fa de refer\u00e8ncia per a les lleng\u00fces: aprendre, ensenyar, avaluar per a escolars de 8 a 16 anys<\/i><\/b><\/a>.<\/p>\n<p>Podeu consultar les caracter\u00edstiques d&#8217;aquesta nova proposta recuperant l&#8217;article <a href=\"https:\/\/projectes.xtec.cat\/acollidasuport\/portada\/concurs-jo-tinc-la-paraula-categoria-nous-parlants\/\"><em><strong>Concurs \u201cJo tinc la paraula\u201d \u2013 Categoria nous parlants<\/strong><\/em><\/a> que vam publicar el passat 15 de desembre.<\/p>\n<p>Animeu el vostre alumnat a participar-hi!<\/p>\n","protected":false},"excerpt":{"rendered":"<p>Fins al 18 de febrer teniu temps per lliurar els v\u00eddeos del vostre alumnat per participar en el Concurs \u201cJo tinc la paraula. Recordeu que aquest any el vostre alumnat tamb\u00e9 pot presentar-se per participar-hi en la nova categoria adre\u00e7ada a nous parlants.&hellip;  <a href=\"https:\/\/projectes.xtec.cat\/acollidasuport\/portada\/lliurament-dels-videos-per-participar-en-el-concurs-jo-tinc-la-paraula-categoria-nous-parlants\/\" title=\"Read Lliurament dels v\u00eddeos per participar en el Concurs \u201cJo tinc la paraula\u201d \u2013 Categoria nous parlants\">Llegeix m\u00e9s\u00bb<\/a><\/p>\n","protected":false},"author":1,"featured_media":9199,"comment_status":"open","ping_status":"closed","sticky":false,"template":"","format":"standard","meta":{"_bbp_topic_count":0,"_bbp_reply_count":0,"_bbp_total_topic_count":0,"_bbp_total_reply_count":0,"_bbp_voice_count":0,"_bbp_anonymous_reply_count":0,"_bbp_topic_count_hidden":0,"_bbp_reply_count_hidden":0,"_bbp_forum_subforum_count":0,"footnotes":""},"categories":[29],"tags":[376],"class_list":["post-9230","post","type-post","status-publish","format-standard","has-post-thumbnail","hentry","category-portada","tag-concurs"],"post_mailing_queue_ids":[],"_links":{"self":[{"href":"https:\/\/projectes.xtec.cat\/acollidasuport\/wp-json\/wp\/v2\/posts\/9230","targetHints":{"allow":["GET"]}}],"collection":[{"href":"https:\/\/projectes.xtec.cat\/acollidasuport\/wp-json\/wp\/v2\/posts"}],"about":[{"href":"https:\/\/projectes.xtec.cat\/acollidasuport\/wp-json\/wp\/v2\/types\/post"}],"author":[{"embeddable":true,"href":"https:\/\/projectes.xtec.cat\/acollidasuport\/wp-json\/wp\/v2\/users\/1"}],"replies":[{"embeddable":true,"href":"https:\/\/projectes.xtec.cat\/acollidasuport\/wp-json\/wp\/v2\/comments?post=9230"}],"version-history":[{"count":2,"href":"https:\/\/projectes.xtec.cat\/acollidasuport\/wp-json\/wp\/v2\/posts\/9230\/revisions"}],"predecessor-version":[{"id":9232,"href":"https:\/\/projectes.xtec.cat\/acollidasuport\/wp-json\/wp\/v2\/posts\/9230\/revisions\/9232"}],"wp:featuredmedia":[{"embeddable":true,"href":"https:\/\/projectes.xtec.cat\/acollidasuport\/wp-json\/wp\/v2\/media\/9199"}],"wp:attachment":[{"href":"https:\/\/projectes.xtec.cat\/acollidasuport\/wp-json\/wp\/v2\/media?parent=9230"}],"wp:term":[{"taxonomy":"category","embeddable":true,"href":"https:\/\/projectes.xtec.cat\/acollidasuport\/wp-json\/wp\/v2\/categories?post=9230"},{"taxonomy":"post_tag","embeddable":true,"href":"https:\/\/projectes.xtec.cat\/acollidasuport\/wp-json\/wp\/v2\/tags?post=9230"}],"curies":[{"name":"wp","href":"https:\/\/api.w.org\/{rel}","templated":true}]}}