{"id":9233,"date":"2022-01-21T14:37:02","date_gmt":"2022-01-21T13:37:02","guid":{"rendered":"https:\/\/projectes.xtec.cat\/acollidasuport\/?p=9233"},"modified":"2022-01-27T17:35:17","modified_gmt":"2022-01-27T16:35:17","slug":"proves-per-a-lobtencio-de-certificats-de-llengua-catalana","status":"publish","type":"post","link":"https:\/\/projectes.xtec.cat\/acollidasuport\/general\/proves-per-a-lobtencio-de-certificats-de-llengua-catalana\/","title":{"rendered":"Proves per a l\u2019obtenci\u00f3 de certificats de llengua catalana"},"content":{"rendered":"<p>&nbsp;<\/p>\n<p style=\"font-family: 'Helvetica Neue', Helvetica, Helvetica, Arial, sans-serif; font-size: 16px;\"><img loading=\"lazy\" decoding=\"async\" class=\"size-full wp-image-9234 alignleft\" src=\"https:\/\/projectes.xtec.cat\/acollidasuport\/wp-content\/uploads\/usu2169\/2022\/01\/Certificats-de-catala.png\" alt=\"\" width=\"450\" height=\"200\" srcset=\"https:\/\/projectes.xtec.cat\/acollidasuport\/wp-content\/uploads\/usu2169\/2022\/01\/Certificats-de-catala.png 450w, https:\/\/projectes.xtec.cat\/acollidasuport\/wp-content\/uploads\/usu2169\/2022\/01\/Certificats-de-catala-300x133.png 300w\" sizes=\"auto, (max-width: 450px) 100vw, 450px\" \/><span style=\"font-family: inherit; font-size: 1em;\">La Secretaria de Pol\u00edtica Ling\u00fc\u00edstica ha convocat les proves del 2022 per a l\u2019obtenci\u00f3 de certificats de catal<\/span><span style=\"font-family: inherit; font-size: 1em;\">\u00e0. El termini de presentaci\u00f3 de sol\u00b7licituds d\u2019inscripci\u00f3 s\u2019inicia el 24 de gener i s\u2019allarga fins al 9 de febrer de 2022. Per presentar-se a les proves cal tenir 16 anys o m\u00e9s. Poden inscriure-s\u2019hi totes les persones que vulguin obtenir qualsevol dels certificats que s&#8217;ofereixen, al marge del sistema d\u2019aprenentatge que hagin seguit (cursos, autoaprenentatge&#8230;).\u00a0<\/span><\/p>\n<p><span style=\"font-weight: 400;\">Els\u00a0<\/span><span style=\"font-family: inherit; font-size: 1em;\">certificats de la Secretaria de Pol\u00edtica Ling\u00fc\u00edstica permeten acreditar cinc nivells de compet\u00e8ncia ling\u00fc\u00edstica en catal\u00e0:<\/span><\/p>\n<ul>\n<li style=\"font-weight: 400;\" aria-level=\"1\"><a href=\"https:\/\/llengua.gencat.cat\/ca\/serveis\/acreditacio_coneixements\/certificats_de_catala\/certificats_estructura_i_descripcio_proves\/certificat_de_nivell_basic_de_catala_a_basic\/\"><span style=\"font-weight: 400;\">Certificat de nivell b\u00e0sic de catal\u00e0 (A2)<\/span><\/a><\/li>\n<li style=\"font-weight: 400;\" aria-level=\"1\"><a href=\"https:\/\/llengua.gencat.cat\/ca\/serveis\/acreditacio_coneixements\/certificats_de_catala\/certificats_estructura_i_descripcio_proves\/certificat_de_nivell_elemental_de_catala_a_elemental\/\"><span style=\"font-weight: 400;\">Certificat de nivell elemental de catal\u00e0 (B1)<\/span><\/a><\/li>\n<li style=\"font-weight: 400;\" aria-level=\"1\"><a href=\"https:\/\/llengua.gencat.cat\/ca\/serveis\/acreditacio_coneixements\/certificats_de_catala\/certificats_estructura_i_descripcio_proves\/certificat_de_nivell_intermedi_de_catala_b\/\"><span style=\"font-weight: 400;\">Certificat de nivell intermedi de catal\u00e0 (B2)<\/span><\/a><\/li>\n<li style=\"font-weight: 400;\" aria-level=\"1\"><a href=\"https:\/\/llengua.gencat.cat\/ca\/serveis\/acreditacio_coneixements\/certificats_de_catala\/certificats_estructura_i_descripcio_proves\/certificat_de_nivell_de_suficiencia_de_catala_c\/\"><span style=\"font-weight: 400;\">Certificat de nivell de sufici\u00e8ncia de catal\u00e0 (C1)<\/span><\/a><\/li>\n<li style=\"font-weight: 400;\" aria-level=\"1\"><a href=\"https:\/\/llengua.gencat.cat\/ca\/serveis\/acreditacio_coneixements\/certificats_de_catala\/certificats_estructura_i_descripcio_proves\/certificat_de_nivell_superior_de_catala_d\/\"><span style=\"font-weight: 400;\">Certificat de nivell superior de catal\u00e0 (C2)<\/span><\/a><\/li>\n<\/ul>\n<p><span style=\"font-weight: 400;\">L\u2019obtenci\u00f3 d\u2019aquests certificats pot ser d\u2019inter\u00e8s per a joves que no han obtingut el t\u00edtol d\u2019ESO o b\u00e9 s\u2019h<\/span><span style=\"font-family: inherit; font-size: 1em;\">an incorporat tardanament al sistema educatiu catal\u00e0, en algun moment posterior a l\u2019educaci\u00f3 secund\u00e0ria obligat\u00f2ria, i no tenen reconegut el nivell C1 de catal\u00e0. L\u2019acreditaci\u00f3 del nivell de compet\u00e8ncia ling\u00fc\u00edstica en catal\u00e0 \u00e9s sovint necessari per a l\u2019acc\u00e9s al m\u00f3n del treball (tant a l&#8217;administraci\u00f3 p\u00fablica com al m\u00f3n socioecon\u00f2mic), per entrar en determinats estudis, o, simplement, pot respondre a un inter\u00e8s personal.\u00a0<\/span><\/p>\n<p><span style=\"font-weight: 400;\">El preu de la inscripci\u00f3 als certificats dels nivells b\u00e0sic (A2), elemental (B1) i intermedi (B2) \u00e9s de 23,20 euros, i el de la inscripci\u00f3 als certificats dels nivells de sufici\u00e8ncia (C1) i superior (C2) \u00e9s de 55,75 euros. En ambd\u00f3s casos, es preveuen bonificacions per a les persones membres de fam\u00edlies monoparentals o nombroses i en situaci\u00f3 de discapacitat del 33 % o superior.<\/span><\/p>\n<p><strong><a href=\"https:\/\/llengua.gencat.cat\/ca\/serveis\/acreditacio_coneixements\/certificats_de_catala\/convocatoria_de_proves\/\">Aqu\u00ed<\/a><\/strong><span style=\"font-weight: 400;\"> trobareu tota la informaci\u00f3 sobre els certificats convocats, les localitats i dates de les proves, aix\u00ed com altres dades d\u2019inter\u00e8s per a la inscripci\u00f3 i la realitzaci\u00f3 de les proves.<\/span><\/p>\n<p>&nbsp;<\/p>\n","protected":false},"excerpt":{"rendered":"<p>La Secretaria de Pol\u00edtica Ling\u00fc\u00edstica ha convocat les proves del 2022 per a l\u2019obtenci\u00f3 de certificats de catal\u00e0.&hellip;  <a href=\"https:\/\/projectes.xtec.cat\/acollidasuport\/general\/proves-per-a-lobtencio-de-certificats-de-llengua-catalana\/\" title=\"Read Proves per a l\u2019obtenci\u00f3 de certificats de llengua catalana\">Llegeix m\u00e9s\u00bb<\/a><\/p>\n","protected":false},"author":1,"featured_media":9234,"comment_status":"open","ping_status":"closed","sticky":false,"template":"","format":"standard","meta":{"_bbp_topic_count":0,"_bbp_reply_count":0,"_bbp_total_topic_count":0,"_bbp_total_reply_count":0,"_bbp_voice_count":0,"_bbp_anonymous_reply_count":0,"_bbp_topic_count_hidden":0,"_bbp_reply_count_hidden":0,"_bbp_forum_subforum_count":0,"footnotes":""},"categories":[1,29],"tags":[],"class_list":["post-9233","post","type-post","status-publish","format-standard","has-post-thumbnail","hentry","category-general","category-portada"],"post_mailing_queue_ids":[],"_links":{"self":[{"href":"https:\/\/projectes.xtec.cat\/acollidasuport\/wp-json\/wp\/v2\/posts\/9233","targetHints":{"allow":["GET"]}}],"collection":[{"href":"https:\/\/projectes.xtec.cat\/acollidasuport\/wp-json\/wp\/v2\/posts"}],"about":[{"href":"https:\/\/projectes.xtec.cat\/acollidasuport\/wp-json\/wp\/v2\/types\/post"}],"author":[{"embeddable":true,"href":"https:\/\/projectes.xtec.cat\/acollidasuport\/wp-json\/wp\/v2\/users\/1"}],"replies":[{"embeddable":true,"href":"https:\/\/projectes.xtec.cat\/acollidasuport\/wp-json\/wp\/v2\/comments?post=9233"}],"version-history":[{"count":2,"href":"https:\/\/projectes.xtec.cat\/acollidasuport\/wp-json\/wp\/v2\/posts\/9233\/revisions"}],"predecessor-version":[{"id":9247,"href":"https:\/\/projectes.xtec.cat\/acollidasuport\/wp-json\/wp\/v2\/posts\/9233\/revisions\/9247"}],"wp:featuredmedia":[{"embeddable":true,"href":"https:\/\/projectes.xtec.cat\/acollidasuport\/wp-json\/wp\/v2\/media\/9234"}],"wp:attachment":[{"href":"https:\/\/projectes.xtec.cat\/acollidasuport\/wp-json\/wp\/v2\/media?parent=9233"}],"wp:term":[{"taxonomy":"category","embeddable":true,"href":"https:\/\/projectes.xtec.cat\/acollidasuport\/wp-json\/wp\/v2\/categories?post=9233"},{"taxonomy":"post_tag","embeddable":true,"href":"https:\/\/projectes.xtec.cat\/acollidasuport\/wp-json\/wp\/v2\/tags?post=9233"}],"curies":[{"name":"wp","href":"https:\/\/api.w.org\/{rel}","templated":true}]}}