{"id":9276,"date":"2022-03-02T12:55:05","date_gmt":"2022-03-02T11:55:05","guid":{"rendered":"https:\/\/projectes.xtec.cat\/acollidasuport\/?p=9276"},"modified":"2024-04-13T20:37:53","modified_gmt":"2024-04-13T18:37:53","slug":"atencio-educativa-a-lalumnat-refugiat-afganes-una-formacio-a-carrec-de-nadia-ghulam","status":"publish","type":"post","link":"https:\/\/projectes.xtec.cat\/acollidasuport\/portada\/atencio-educativa-a-lalumnat-refugiat-afganes-una-formacio-a-carrec-de-nadia-ghulam\/","title":{"rendered":"Atenci\u00f3 educativa a l\u2019alumnat refugiat afgan\u00e8s. Una formaci\u00f3 a c\u00e0rrec de Nadia Ghulam"},"content":{"rendered":"<p><span style=\"font-weight: 400;\"><a href=\"https:\/\/projectes.xtec.cat\/acollidasuport\/wp-content\/uploads\/usu2169\/2022\/03\/Nadia-Ghulam.jpg\"><img loading=\"lazy\" decoding=\"async\" class=\" wp-image-9277 alignright\" src=\"https:\/\/projectes.xtec.cat\/acollidasuport\/wp-content\/uploads\/usu2169\/2022\/03\/Nadia-Ghulam.jpg\" alt=\"\" width=\"516\" height=\"230\" srcset=\"https:\/\/projectes.xtec.cat\/acollidasuport\/wp-content\/uploads\/usu2169\/2022\/03\/Nadia-Ghulam.jpg 450w, https:\/\/projectes.xtec.cat\/acollidasuport\/wp-content\/uploads\/usu2169\/2022\/03\/Nadia-Ghulam-300x133.jpg 300w\" sizes=\"auto, (max-width: 516px) 100vw, 516px\" \/><\/a>De petita, <\/span><a href=\"https:\/\/www.nadiaghulam.com\/\"><b>Nadia Ghulam<\/b><\/a><span style=\"font-weight: 400;\"> va ser testimoni i v\u00edctima de la guerra civil d\u2019Afganistan posterior a la retirada sovi\u00e8tica. Despr\u00e9s de quedar malferida i patir a la pr\u00f2pia pell les conseq\u00fc\u00e8ncies del conflicte, es va haver de fer passar per un noi durant deu anys per poder treballar i mantenir la seva fam\u00edlia. Des del 2006, viu a Barcelona i s\u2019implica en tota mena d\u2019activitats dedicades a divulgar la cultura afganesa i la situaci\u00f3 de les dones al seu pa\u00eds.<\/span><\/p>\n<p><span style=\"font-weight: 400;\">En iniciar aquest curs 2021-2022, molts dels nostres centres educatius van rebre alumnes de fam\u00edlies refugiades procedents de l&#8217;Afganistan despr\u00e9s que els talibans tornessin a prendre el control del pa\u00eds i provoquessin una <\/span><span style=\"font-weight: 400;\">evacuaci\u00f3 a gran escala de poblaci\u00f3 civil.<\/span><\/p>\n<p><span style=\"font-weight: 400;\">Ara, en un moment en qu\u00e8 novament ens trobem davant d\u2019una altra situaci\u00f3 d\u2019enfrontament b\u00e8l\u00b7lic que provocar\u00e0 una nova fugida de poblaci\u00f3, en aquesta ocasi\u00f3, des d\u2019Ucra\u00efna, <\/span><b>comptem amb l\u2019oportunitat de reflexionar amb la Nadia Ghulam sobre el proc\u00e9s d\u2019atenci\u00f3 educativa que podem oferir a l\u2019alumnat provinent d\u2019una situaci\u00f3 de conflicte b\u00e8l\u00b7lic<\/b><span style=\"font-weight: 400;\">.<\/span><\/p>\n<p><span style=\"font-weight: 400;\">Us convidem a participar en les dues sessions en format telem\u00e0tic que impartir\u00e0 la Nadia Ghulam els propers <\/span><b>dimarts 15 i 29 de mar\u00e7 de 18h a 20h<\/b><span style=\"font-weight: 400;\"> dins el marc de l\u2019activitat formativa <\/span><b>\u201cAtenci\u00f3 educativa a l\u2019alumnat afgan\u00e8s\u201d<\/b><span style=\"font-weight: 400;\">.<\/span><\/p>\n<p><span style=\"font-weight: 400;\">Aquesta proposta s\u2019emmarca dins del programa <\/span><a href=\"https:\/\/projectes.fundesplai.org\/nusos\/\"><b>\u201cnuSOS, una proposta per a una ciutadania global\u201d<\/b><\/a><span style=\"font-weight: 400;\">, que impulsa <\/span><b>Fundesplai<\/b><span style=\"font-weight: 400;\"> des del curs 2019-2020, una iniciativa des de l\u2019\u00e0mbit de l\u2019educaci\u00f3 en el lleure que t\u00e9 per objectiu educar en valors al voltant del fet migratori, el refugi i la transformaci\u00f3 social a fi de promoure una bona conviv\u00e8ncia intercultural<\/span><span style=\"font-weight: 400;\">.<\/span><\/p>\n<p><span style=\"font-weight: 400;\">L\u2019activitat formativa <\/span><b>\u201cAtenci\u00f3 educativa a l\u2019alumnat afgan\u00e8s\u201d<\/b><span style=\"font-weight: 400;\"> t\u00e9 com a objectius:<\/span><\/p>\n<ul>\n<li style=\"list-style-type: none;\">\n<ul>\n<li style=\"list-style-type: none;\">\n<ul>\n<li style=\"font-weight: 400;\" aria-level=\"1\"><span style=\"font-weight: 400;\">Compartir i identificar les emocions i els sentiments que poden sentir els infants refugiats.<\/span><\/li>\n<li style=\"font-weight: 400;\" aria-level=\"1\"><span style=\"font-weight: 400;\">Adquirir el coneixement i les eines necess\u00e0ries per saber en quina situaci\u00f3 es troben\u00a0 les persones refugiades afganeses i quin \u00e9s el seu context cultural d\u2019origen.<\/span><\/li>\n<li style=\"font-weight: 400;\" aria-level=\"1\"><span style=\"font-weight: 400;\">Saber qu\u00e8 suposa el despla\u00e7ament for\u00e7at i les conseq\u00fc\u00e8ncies de la guerra en l&#8217;educaci\u00f3 dels infants.<\/span><\/li>\n<li style=\"font-weight: 400;\" aria-level=\"1\"><span style=\"font-weight: 400;\">Desenvolupar els valors\u00a0 de l\u2019empatia i la solidaritat davant de la situaci\u00f3 dels infants refugiats, per tal de poder acollir-los millor i valorar-los com a nous companys i companyes que arriben procedents de pa\u00efsos en guerra.<\/span><\/li>\n<li style=\"font-weight: 400;\" aria-level=\"1\"><span style=\"font-weight: 400;\">Incorporar a la pr\u00e0ctica docent estrat\u00e8gies i recursos per a l\u2019acollida inicial de l\u2019alumnat refugiat afgan\u00e8s i de les seves fam\u00edlies.<\/span><\/li>\n<li style=\"font-weight: 400;\" aria-level=\"1\"><span style=\"font-weight: 400;\">Afavorir la reflexi\u00f3 sobre el proc\u00e9s d\u2019escolaritzaci\u00f3 de l&#8217;alumnat d&#8217;origen estranger en contextos multiling\u00fces per generar actuacions de millora.<\/span><\/li>\n<li style=\"font-weight: 400;\" aria-level=\"1\"><span style=\"font-weight: 400;\">Proporcionar orientacions per planificar els aprenentatges i l&#8217;avaluaci\u00f3 dels alumnes nouvinguts.<\/span><\/li>\n<\/ul>\n<\/li>\n<\/ul>\n<\/li>\n<\/ul>\n<p><span style=\"font-weight: 400;\">La formaci\u00f3 combinar\u00e0 l\u2019exposici\u00f3 de continguts relacionats amb el model social pol\u00edtic i econ\u00f2mic, l\u2019educaci\u00f3, el context actual de l\u2019Afganistan, <\/span><span style=\"font-weight: 400;\">els motius que empenyen el despla\u00e7ament, el xoc cultural,\u00a0 etc., amb din\u00e0miques vivencials i participatives per afavorir la comprensi\u00f3 del fet migratori i l\u2019arribada a un nou pa\u00eds.<\/span> <span style=\"font-weight: 400;\">Al llarg de les sessions es compartiran recursos, fonts d\u2019informaci\u00f3 i lectures recomanades que permetin als participants ampliar els coneixements per treballar amb el seu alumnat.<\/span><\/p>\n<p><span style=\"font-weight: 400;\">La inscripci\u00f3 restar\u00e0 oberta fins al<\/span><b> divendres 11 de mar\u00e7<\/b><span style=\"font-weight: 400;\"> en aquest <\/span><a href=\"https:\/\/aplicacions.gestioeducativa.gencat.cat\/pls\/soloas\/pk_for_mod_ins.p_for_detall_activitat?p_header=Llista%20d%27activitats%5Epk_for_mod_ins.p_for_cons_activitats?p_tipus_act=ACO,ADCL,ANSU,TDCL,DJAN,LITU,TSI,PL45,PL49,PL46,PL48,PL50,AF%26p_totes=S%26p_inici=21%26p_excloure_crp_rec=F&amp;p_codi=9001140555&amp;p_curs=2021-2022&amp;p_excloure_crp_rec=F\"><b>enlla\u00e7<\/b><\/a><span style=\"font-weight: 400;\">. <\/span><span style=\"font-weight: 400;\">Aquesta formaci\u00f3 consta de dues sessions s\u00edncrones, que tindran lloc els <\/span><span style=\"font-weight: 400;\">dimarts 15 i 29 de mar\u00e7, de 18h a 20h, i d\u2019unes activitats i reflexi\u00f3 posterior. L\u2019assist\u00e8ncia i aprofitament del curs certificar\u00e0 15 hores de formaci\u00f3.<\/span><\/p>\n","protected":false},"excerpt":{"rendered":"<p>De petita, Nadia Ghulam va ser testimoni i v\u00edctima de la guerra civil d\u2019Afganistan posterior a la retirada sovi\u00e8tica. Despr\u00e9s de quedar malferida i patir a la pr\u00f2pia pell les conseq\u00fc\u00e8ncies del conflicte, es va haver de fer passar per un noi durant deu anys per poder treballar i mantenir la seva fam\u00edlia. Des del 2006, viu a Barcelona i s\u2019implica en tota mena d\u2019activitats dedicades a divulgar la cultura afganesa i la situaci\u00f3 de les dones al seu pa\u00eds.&hellip;  <a href=\"https:\/\/projectes.xtec.cat\/acollidasuport\/portada\/atencio-educativa-a-lalumnat-refugiat-afganes-una-formacio-a-carrec-de-nadia-ghulam\/\" title=\"Read Atenci\u00f3 educativa a l\u2019alumnat refugiat afgan\u00e8s. Una formaci\u00f3 a c\u00e0rrec de Nadia Ghulam\">Llegeix m\u00e9s\u00bb<\/a><\/p>\n","protected":false},"author":1,"featured_media":9277,"comment_status":"open","ping_status":"closed","sticky":false,"template":"","format":"standard","meta":{"_bbp_topic_count":0,"_bbp_reply_count":0,"_bbp_total_topic_count":0,"_bbp_total_reply_count":0,"_bbp_voice_count":0,"_bbp_anonymous_reply_count":0,"_bbp_topic_count_hidden":0,"_bbp_reply_count_hidden":0,"_bbp_forum_subforum_count":0,"footnotes":""},"categories":[287,29],"tags":[451,378],"class_list":["post-9276","post","type-post","status-publish","format-standard","has-post-thumbnail","hentry","category-acollida","category-portada","tag-acollida-emocional","tag-suport-linguistic-i-social"],"post_mailing_queue_ids":[],"_links":{"self":[{"href":"https:\/\/projectes.xtec.cat\/acollidasuport\/wp-json\/wp\/v2\/posts\/9276","targetHints":{"allow":["GET"]}}],"collection":[{"href":"https:\/\/projectes.xtec.cat\/acollidasuport\/wp-json\/wp\/v2\/posts"}],"about":[{"href":"https:\/\/projectes.xtec.cat\/acollidasuport\/wp-json\/wp\/v2\/types\/post"}],"author":[{"embeddable":true,"href":"https:\/\/projectes.xtec.cat\/acollidasuport\/wp-json\/wp\/v2\/users\/1"}],"replies":[{"embeddable":true,"href":"https:\/\/projectes.xtec.cat\/acollidasuport\/wp-json\/wp\/v2\/comments?post=9276"}],"version-history":[{"count":2,"href":"https:\/\/projectes.xtec.cat\/acollidasuport\/wp-json\/wp\/v2\/posts\/9276\/revisions"}],"predecessor-version":[{"id":9279,"href":"https:\/\/projectes.xtec.cat\/acollidasuport\/wp-json\/wp\/v2\/posts\/9276\/revisions\/9279"}],"wp:featuredmedia":[{"embeddable":true,"href":"https:\/\/projectes.xtec.cat\/acollidasuport\/wp-json\/wp\/v2\/media\/9277"}],"wp:attachment":[{"href":"https:\/\/projectes.xtec.cat\/acollidasuport\/wp-json\/wp\/v2\/media?parent=9276"}],"wp:term":[{"taxonomy":"category","embeddable":true,"href":"https:\/\/projectes.xtec.cat\/acollidasuport\/wp-json\/wp\/v2\/categories?post=9276"},{"taxonomy":"post_tag","embeddable":true,"href":"https:\/\/projectes.xtec.cat\/acollidasuport\/wp-json\/wp\/v2\/tags?post=9276"}],"curies":[{"name":"wp","href":"https:\/\/api.w.org\/{rel}","templated":true}]}}