{"id":9327,"date":"2022-03-30T14:08:03","date_gmt":"2022-03-30T12:08:03","guid":{"rendered":"https:\/\/projectes.xtec.cat\/acollidasuport\/?p=9327"},"modified":"2022-04-27T10:35:06","modified_gmt":"2022-04-27T08:35:06","slug":"logotip-guanyador-del-projecte-erasmus-cete","status":"publish","type":"post","link":"https:\/\/projectes.xtec.cat\/acollidasuport\/portada\/logotip-guanyador-del-projecte-erasmus-cete\/","title":{"rendered":"Logotip guanyador del projecte Erasmus CETE+"},"content":{"rendered":"<p><img loading=\"lazy\" decoding=\"async\" class=\"size-full wp-image-9328 alignleft\" src=\"https:\/\/projectes.xtec.cat\/acollidasuport\/wp-content\/uploads\/usu2169\/2022\/03\/CETE.png\" alt=\"\" width=\"450\" height=\"200\" srcset=\"https:\/\/projectes.xtec.cat\/acollidasuport\/wp-content\/uploads\/usu2169\/2022\/03\/CETE.png 450w, https:\/\/projectes.xtec.cat\/acollidasuport\/wp-content\/uploads\/usu2169\/2022\/03\/CETE-300x133.png 300w\" sizes=\"auto, (max-width: 450px) 100vw, 450px\" \/><span style=\"font-family: inherit; font-size: 1em;\">El Consorci KA120 Erasmus CETE+ (2021-2027) \u00e9s un projecte en el qual \u00a0participen 14 programes del Departamen<\/span><span style=\"font-family: inherit; font-size: 1em;\">t d&#8217;Educaci\u00f3. Un d\u2019aquests 14 programes \u00e9s el microconsorci ESAM-TILC, format per 7 centres educatius, que treballen conjuntament per millorar el coneixement i \u00fas del llenguatge acad\u00e8mic per part de tot l\u2019alumnat i, de manera especial, de l\u2019alumnat d\u2019origen estranger, amb la finalitat de millo<\/span><span style=\"font-family: inherit; font-size: 1em;\">rar els resultats acad\u00e8mics.<\/span><\/p>\n<p>El consorci Erasmus CETE+ va convocar un concurs per escollir un logotip per representar-lo. El concurs ha arribat a la fase final i ja tenim el logotip guanyador i els dos logotips finalistes. L\u2019enhorabona a tots els centres participants per la qualitat dels logotips presentats! I molt especialment al centre FEDAC VIC, del nostre microconsorci ESAM-TILC, que ha estat segon finalista.<\/p>\n<p>El centre que ha presentat el logotip guanyador \u00e9s:<\/p>\n<p><strong>INS Pau Claris<\/strong> (Microconsorci MATE): logotip <strong>\u201cChange our future\u201d<\/strong><\/p>\n<p>I els centres que han presentat els dos logotips finalistes s\u00f3n:<\/p>\n<p><strong>1r finalista: INS Gallecs <\/strong>(Microconsorci SECO)<strong>: logotip \u201cTeixint lligams\u201d<\/strong><\/p>\n<p><strong>2n finalista: FEDAC Vic <\/strong>(Microconsorci ESAM-TILC)<strong>: logotip \u201cComunitat i educaci\u00f3\u201d<\/strong><\/p>\n<p>Podeu veure la publicaci\u00f3 del nodes CETE (consorci europeu de transformaci\u00f3 educativa) en aquest\u00a0<a href=\"https:\/\/projectes.xtec.cat\/cete\/general\/ja-tenim-logotip-guanyador\/\">enlla\u00e7<\/a>.<\/p>\n<p>&nbsp;<\/p>\n","protected":false},"excerpt":{"rendered":"<p>El Consorci KA120 Erasmus CETE+ (2021-2027) \u00e9s un projecte en el qual \u00a0participen 14 programes del Departament d&#8217;Educaci\u00f3. Un d\u2019aquests 14 programes \u00e9s el microconsorci ESAM-TILC, format per 7 centres educatius, que treballen conjuntament per millorar el coneixement i \u00fas del llenguatge acad\u00e8mic per part&hellip;  <a href=\"https:\/\/projectes.xtec.cat\/acollidasuport\/portada\/logotip-guanyador-del-projecte-erasmus-cete\/\" title=\"Read Logotip guanyador del projecte Erasmus CETE+\">Llegeix m\u00e9s\u00bb<\/a><\/p>\n","protected":false},"author":1,"featured_media":9328,"comment_status":"closed","ping_status":"closed","sticky":false,"template":"","format":"standard","meta":{"_bbp_topic_count":0,"_bbp_reply_count":0,"_bbp_total_topic_count":0,"_bbp_total_reply_count":0,"_bbp_voice_count":0,"_bbp_anonymous_reply_count":0,"_bbp_topic_count_hidden":0,"_bbp_reply_count_hidden":0,"_bbp_forum_subforum_count":0,"footnotes":""},"categories":[494,29],"tags":[499,376,495,496,497],"class_list":["post-9327","post","type-post","status-publish","format-standard","has-post-thumbnail","hentry","category-erasmus","category-portada","tag-cete","tag-concurs","tag-erasmus","tag-esamtilc","tag-mcesamtilc"],"post_mailing_queue_ids":[],"_links":{"self":[{"href":"https:\/\/projectes.xtec.cat\/acollidasuport\/wp-json\/wp\/v2\/posts\/9327","targetHints":{"allow":["GET"]}}],"collection":[{"href":"https:\/\/projectes.xtec.cat\/acollidasuport\/wp-json\/wp\/v2\/posts"}],"about":[{"href":"https:\/\/projectes.xtec.cat\/acollidasuport\/wp-json\/wp\/v2\/types\/post"}],"author":[{"embeddable":true,"href":"https:\/\/projectes.xtec.cat\/acollidasuport\/wp-json\/wp\/v2\/users\/1"}],"replies":[{"embeddable":true,"href":"https:\/\/projectes.xtec.cat\/acollidasuport\/wp-json\/wp\/v2\/comments?post=9327"}],"version-history":[{"count":3,"href":"https:\/\/projectes.xtec.cat\/acollidasuport\/wp-json\/wp\/v2\/posts\/9327\/revisions"}],"predecessor-version":[{"id":9374,"href":"https:\/\/projectes.xtec.cat\/acollidasuport\/wp-json\/wp\/v2\/posts\/9327\/revisions\/9374"}],"wp:featuredmedia":[{"embeddable":true,"href":"https:\/\/projectes.xtec.cat\/acollidasuport\/wp-json\/wp\/v2\/media\/9328"}],"wp:attachment":[{"href":"https:\/\/projectes.xtec.cat\/acollidasuport\/wp-json\/wp\/v2\/media?parent=9327"}],"wp:term":[{"taxonomy":"category","embeddable":true,"href":"https:\/\/projectes.xtec.cat\/acollidasuport\/wp-json\/wp\/v2\/categories?post=9327"},{"taxonomy":"post_tag","embeddable":true,"href":"https:\/\/projectes.xtec.cat\/acollidasuport\/wp-json\/wp\/v2\/tags?post=9327"}],"curies":[{"name":"wp","href":"https:\/\/api.w.org\/{rel}","templated":true}]}}