{"id":9339,"date":"2022-04-05T11:05:25","date_gmt":"2022-04-05T09:05:25","guid":{"rendered":"https:\/\/projectes.xtec.cat\/acollidasuport\/?p=9339"},"modified":"2024-04-16T23:00:48","modified_gmt":"2024-04-16T21:00:48","slug":"joves-del-mon-passeu-passeu","status":"publish","type":"post","link":"https:\/\/projectes.xtec.cat\/acollidasuport\/portada\/joves-del-mon-passeu-passeu\/","title":{"rendered":"Joves del m\u00f3n! Passeu! Passeu!"},"content":{"rendered":"<p><a href=\"https:\/\/projectes.xtec.cat\/acollidasuport\/wp-content\/uploads\/usu2169\/2022\/04\/Joves-del-mon.jpg\"><img loading=\"lazy\" decoding=\"async\" class=\"alignleft size-full wp-image-9340\" src=\"https:\/\/projectes.xtec.cat\/acollidasuport\/wp-content\/uploads\/usu2169\/2022\/04\/Joves-del-mon.jpg\" alt=\"\" width=\"450\" height=\"200\" srcset=\"https:\/\/projectes.xtec.cat\/acollidasuport\/wp-content\/uploads\/usu2169\/2022\/04\/Joves-del-mon.jpg 450w, https:\/\/projectes.xtec.cat\/acollidasuport\/wp-content\/uploads\/usu2169\/2022\/04\/Joves-del-mon-300x133.jpg 300w\" sizes=\"auto, (max-width: 450px) 100vw, 450px\" \/><\/a>L\u2019<strong><em><a href=\"https:\/\/www.oraclestheatre.com\/index.html\">Oracles Theatre\/Studio<\/a><\/em><\/strong> \u00e9s un espai dedicat a les arts esc\u00e8niques amb una programaci\u00f3 setmanal en teatre, m\u00fasica, poesia, dansa i exposicions, situat al cor de Barcelona, al Poble-sec, que ofereix una proposta de col\u00b7laboraci\u00f3, art\u00edstica i educativa, oberta a tots els centres educatius de la ciutat de Barcelona per a un <strong><em>Open Mic Intercultural Online<\/em><\/strong> que engloba l\u2019alumnat nouvingut de dins i fora de les aules d\u2019acollida de prim\u00e0ria i secund\u00e0ria.<\/p>\n<p>El projecte <strong><a href=\"https:\/\/www.oraclestheatre.com\/projectes.html\">\u201cJOVES DEL M\u00d3N! Passeu, passeu!\u201d<\/a><\/strong> es planteja com una experi\u00e8ncia que vol acompanyar l\u2019alumnat nouvingut en el seu proc\u00e9s d\u2019aprenentatge de la llengua catalana a partir d\u2019habilitats art\u00edstiques focalitzant-se en les emocions, el dol migratori, l\u2019adaptaci\u00f3 al nou entorn i la valoritzaci\u00f3 de la cultura d\u2019origen en apropar-la a la cultura d\u2019acollida.<\/p>\n<p>El destinatari \u00e9s l\u2019alumnat nouvingut de la ciutat de Barcelona que, amb la supervisi\u00f3 del professorat, vulgui participar en la creaci\u00f3 d\u2019una xarxa col\u00b7laborativa entre les diverses aules d\u2019acollida. L\u2019objectiu \u00e9s que l\u2019alumnat nouvingut hi participi amb una petita actuaci\u00f3 art\u00edstica que apropi a la cultura catalana la seva cultura d\u2019origen. Les seves aportacions poden variar segons diverses disciplines, com ara el teatre, la dansa, la m\u00fasica, el cant, la poesia, contes, titelles o m\u00e0scares.<\/p>\n<p>L&#8217;objectiu pedag\u00f2gic \u00e9s donar suport a l\u2019alumnat en l&#8217;intercanvi d&#8217;hist\u00f2ries, balls, can\u00e7ons i d\u2019altres elements tradicionals rellevants de les pr\u00f2pies cultures d&#8217;origen, tot compartint-los amb el grup de classe i amb la resta de classes implicades en el projecte a trav\u00e9s d\u2019un <strong><em>Open Mic Junior online<\/em><\/strong>, per tal de facilitar l\u2019aprenentatge de la llengua catalana a partir de la riquesa intercultural i l&#8217;expressi\u00f3 art\u00edstica.<\/p>\n<p>\u200bL&#8217;objectiu final \u00e9s la creaci\u00f3 d&#8217;un v\u00eddeo de l&#8217;actuaci\u00f3 que s\u2019envia a <strong>ORACLES Theatre<\/strong> per crear el programa online <strong>\u201cJOVES DEL M\u00d3N! Passeu, passeu!\u201d<\/strong>, que s\u2019emet en directe amb totes les aules d\u2019acollida connectades per videoconfer\u00e8ncia.<\/p>\n<p>En aquest <strong><a href=\"https:\/\/www.oraclestheatre.com\/projectes.html\">enlla\u00e7<\/a><\/strong> trobareu tota la informaci\u00f3 per participar-hi. La recepci\u00f3 de treballs es tanca el <strong>20 de maig de 2022<\/strong>.<\/p>\n","protected":false},"excerpt":{"rendered":"<p>L\u2019Oracles Theatre\/Studio \u00e9s un espai dedicat a les arts esc\u00e8niques amb una programaci\u00f3 setmanal en teatre, m\u00fasica, poesia, dansa i exposicions, situat al cor de Barcelona, al Poble-sec, que ofereix una proposta de col\u00b7laboraci\u00f3, art\u00edstica i educativa, oberta a tots els centres educatius de la ciutat de Barcelona per a un Open Mic Intercultural Online que engloba l\u2019alumnat nouvingut de dins i fora de les aules d\u2019acollida de prim\u00e0ria i secund\u00e0ria.&hellip;  <a href=\"https:\/\/projectes.xtec.cat\/acollidasuport\/portada\/joves-del-mon-passeu-passeu\/\" title=\"Read Joves del m\u00f3n! Passeu! Passeu!\">Llegeix m\u00e9s\u00bb<\/a><\/p>\n","protected":false},"author":1,"featured_media":9340,"comment_status":"open","ping_status":"closed","sticky":false,"template":"","format":"standard","meta":{"_bbp_topic_count":0,"_bbp_reply_count":0,"_bbp_total_topic_count":0,"_bbp_total_reply_count":0,"_bbp_voice_count":0,"_bbp_anonymous_reply_count":0,"_bbp_topic_count_hidden":0,"_bbp_reply_count_hidden":0,"_bbp_forum_subforum_count":0,"footnotes":""},"categories":[287,29],"tags":[545,437,364],"class_list":["post-9339","post","type-post","status-publish","format-standard","has-post-thumbnail","hentry","category-acollida","category-portada","tag-difusio","tag-digital","tag-interculturalitat"],"post_mailing_queue_ids":[],"_links":{"self":[{"href":"https:\/\/projectes.xtec.cat\/acollidasuport\/wp-json\/wp\/v2\/posts\/9339","targetHints":{"allow":["GET"]}}],"collection":[{"href":"https:\/\/projectes.xtec.cat\/acollidasuport\/wp-json\/wp\/v2\/posts"}],"about":[{"href":"https:\/\/projectes.xtec.cat\/acollidasuport\/wp-json\/wp\/v2\/types\/post"}],"author":[{"embeddable":true,"href":"https:\/\/projectes.xtec.cat\/acollidasuport\/wp-json\/wp\/v2\/users\/1"}],"replies":[{"embeddable":true,"href":"https:\/\/projectes.xtec.cat\/acollidasuport\/wp-json\/wp\/v2\/comments?post=9339"}],"version-history":[{"count":2,"href":"https:\/\/projectes.xtec.cat\/acollidasuport\/wp-json\/wp\/v2\/posts\/9339\/revisions"}],"predecessor-version":[{"id":9342,"href":"https:\/\/projectes.xtec.cat\/acollidasuport\/wp-json\/wp\/v2\/posts\/9339\/revisions\/9342"}],"wp:featuredmedia":[{"embeddable":true,"href":"https:\/\/projectes.xtec.cat\/acollidasuport\/wp-json\/wp\/v2\/media\/9340"}],"wp:attachment":[{"href":"https:\/\/projectes.xtec.cat\/acollidasuport\/wp-json\/wp\/v2\/media?parent=9339"}],"wp:term":[{"taxonomy":"category","embeddable":true,"href":"https:\/\/projectes.xtec.cat\/acollidasuport\/wp-json\/wp\/v2\/categories?post=9339"},{"taxonomy":"post_tag","embeddable":true,"href":"https:\/\/projectes.xtec.cat\/acollidasuport\/wp-json\/wp\/v2\/tags?post=9339"}],"curies":[{"name":"wp","href":"https:\/\/api.w.org\/{rel}","templated":true}]}}