{"id":9394,"date":"2022-05-18T12:52:57","date_gmt":"2022-05-18T10:52:57","guid":{"rendered":"https:\/\/projectes.xtec.cat\/acollidasuport\/?p=9394"},"modified":"2024-04-16T22:51:04","modified_gmt":"2024-04-16T20:51:04","slug":"clubs-de-lectura-facil-de-leixample-de-barcelona","status":"publish","type":"post","link":"https:\/\/projectes.xtec.cat\/acollidasuport\/portada\/clubs-de-lectura-facil-de-leixample-de-barcelona\/","title":{"rendered":"Clubs de lectura f\u00e0cil de l\u2019Eixample de Barcelona"},"content":{"rendered":"<p><span style=\"font-weight: 400;\"><a href=\"https:\/\/projectes.xtec.cat\/acollidasuport\/wp-content\/uploads\/usu2169\/2022\/05\/Clubs-de-lectura-de-leixample.png\"><img loading=\"lazy\" decoding=\"async\" class=\"alignleft size-full wp-image-9395\" src=\"https:\/\/projectes.xtec.cat\/acollidasuport\/wp-content\/uploads\/usu2169\/2022\/05\/Clubs-de-lectura-de-leixample.png\" alt=\"\" width=\"450\" height=\"200\" srcset=\"https:\/\/projectes.xtec.cat\/acollidasuport\/wp-content\/uploads\/usu2169\/2022\/05\/Clubs-de-lectura-de-leixample.png 450w, https:\/\/projectes.xtec.cat\/acollidasuport\/wp-content\/uploads\/usu2169\/2022\/05\/Clubs-de-lectura-de-leixample-300x133.png 300w\" sizes=\"auto, (max-width: 450px) 100vw, 450px\" \/><\/a>El <strong>Servei Educatiu de l\u2019Eixample de Barcelona<\/strong> posa a disposici\u00f3 dels centres educatius de la zona materials per dur a terme clubs de lectura f\u00e0cil adre\u00e7ats a alumnat nouvingut i d\u2019origen estranger de les aules d\u2019acollida. La idea dels clubs de lectura va sorgir en els seminaris de tutors i tutores d\u2019aula d\u2019acollida i, en l\u2019elaboraci\u00f3 dels materials, hi ha participat l\u2019equip del CRP, l\u2019equip psicopedag\u00f2gic de l\u2019EAP i l\u2019equip LIC del Servei Educatiu.<\/span><\/p>\n<p><span style=\"font-weight: 400;\">L\u2019objectiu d\u2019aquests clubs de lectura \u00e9s facilitar la comprensi\u00f3 escrita i l\u2019aprenentatge d\u2019una segona o tercera llengua a alumnat amb un nivell A2 de catal\u00e0. El material per als clubs est\u00e0 organitzat en dues maletes, una per a prim\u00e0ria i l\u2019altra per a secund\u00e0ria. Els t\u00edtols que contenen les maletes han estat escollits per l\u2019<\/span><a href=\"https:\/\/www.lecturafacil.net\/\"><b>Associaci\u00f3 de Lectura F\u00e0cil<\/b><\/a> <span style=\"font-weight: 400;\">i a partir de les recomanacions d\u2019un grup d\u2019experts en clubs de lectura.<\/span><\/p>\n<p><span style=\"font-weight: 400;\">La maleta de prim\u00e0ria inclou 8 lots dels seg\u00fcents llibres: <\/span><i><span style=\"font-weight: 400;\">Animalades<\/span><\/i><span style=\"font-weight: 400;\">, de Judit Robert; <\/span><i><span style=\"font-weight: 400;\">Kafka i la nina viatgera<\/span><\/i><span style=\"font-weight: 400;\">, de Jordi Sierra i Fabra; <\/span><i><span style=\"font-weight: 400;\">On van quan plou?<\/span><\/i><span style=\"font-weight: 400;\">, de Gerda Muller; <\/span><i><span style=\"font-weight: 400;\">El maputxe sense ombra<\/span><\/i><span style=\"font-weight: 400;\">, en versi\u00f3 de Ramon Girona; <\/span><i><span style=\"font-weight: 400;\">Tres maletes<\/span><\/i><span style=\"font-weight: 400;\">, de Merc\u00e8 Sendr\u00f3s i M. dels \u00c0ngels Sell\u00e9s; <\/span><i><span style=\"font-weight: 400;\">Tu tamb\u00e9 pots<\/span><\/i><span style=\"font-weight: 400;\">, d\u2019Anna Llaurad\u00f3, i <\/span><i><span style=\"font-weight: 400;\">Tant de gust&#8230; Senyor Llull<\/span><\/i><span style=\"font-weight: 400;\">, de M. Carme Bernal i Carme Rubio.<\/span><\/p>\n<p><span style=\"font-weight: 400;\">La maleta de secund\u00e0ria cont\u00e9 6 lots de llibres amb aquests t\u00edtols: <\/span><i><span style=\"font-weight: 400;\">Set dies al llac<\/span><\/i><span style=\"font-weight: 400;\">, de N\u00faria Mart\u00ed; <\/span><i><span style=\"font-weight: 400;\">Comptant n\u00favols<\/span><\/i><span style=\"font-weight: 400;\">, de N\u00faria Pradas;<\/span><i><span style=\"font-weight: 400;\"> La volta al m\u00f3n en 80 dies<\/span><\/i><span style=\"font-weight: 400;\">, de Jules Verne, amb adaptaci\u00f3 d\u2019\u00c0ngel Burgas; <\/span><i><span style=\"font-weight: 400;\">Nahid, la meva germana afganesa<\/span><\/i><span style=\"font-weight: 400;\">, d\u2019Anna Tortajada; <\/span><i><span style=\"font-weight: 400;\">Tres maletes<\/span><\/i><span style=\"font-weight: 400;\">, de Merc\u00e8 Sendr\u00f3s i M. dels \u00c0ngels Sell\u00e9s, i <\/span><i><span style=\"font-weight: 400;\">Llibre de les b\u00e8sties<\/span><\/i><span style=\"font-weight: 400;\">, de Ramon Llull, amb adaptaci\u00f3 de M. Pia Ona Verger Fransoy.<\/span><\/p>\n<p><span style=\"font-weight: 400;\">Dins de la bossa que recull cada lot de llibres, hi ha un cartell sobre el llibre per penjar a l\u2019aula, una carpeta amb propostes did\u00e0ctiques, una llibreta perqu\u00e8 els docents puguin fer aportacions per treballar les lectures, i altres materials espec\u00edfics per a cada t\u00edtol (per exemple, m\u00e0scares per teatralitzar la hist\u00f2ria que s\u2019explica en alguns llibres, r\u00fabriques perqu\u00e8 l\u2019alumnat pugui valorar el seu proc\u00e9s de comprensi\u00f3 de les lectures, material per reflexionar sobre les emocions, etc.).<\/span><\/p>\n<p><span style=\"font-weight: 400;\">En aquest<\/span><a href=\"https:\/\/www.youtube.com\/watch?v=XbB1AwaXRAc\"> <b>enlla\u00e7<\/b><\/a><span style=\"font-weight: 400;\">, <\/span><b>Merc\u00e8 Sendr\u00f3s<\/b><span style=\"font-weight: 400;\">, assessora LIC i creadora i impulsora de la iniciativa, presenta el material que s\u2019inclou en les maletes i fa propostes i recomanacions per treballar-lo a l\u2019aula.<\/span><\/p>\n<p><span style=\"font-weight: 400;\">Tots els centres de l\u2019Eixample de Barcelona que vulguin sol\u00b7licitar les maletes en pr\u00e9stec, poden adre\u00e7ar-se al <\/span><a href=\"https:\/\/serveiseducatius.xtec.cat\/eixample\/\"><b>CRP del Servei Educatiu de l\u2019Eixample<\/b><\/a><span style=\"font-weight: 400;\">. Esperem que en gaudiu!<\/span><\/p>\n","protected":false},"excerpt":{"rendered":"<p>El Servei Educatiu de l\u2019Eixample de Barcelona posa a disposici\u00f3 dels centres educatius de la zona materials per dur a terme clubs de lectura f\u00e0cil adre\u00e7ats a alumnat nouvingut i d\u2019origen estranger de les aules d\u2019acollida. La idea dels clubs de lectura va sorgir en els seminaris de tutors i tutores d\u2019aula d\u2019acollida i, en l\u2019elaboraci\u00f3 dels materials, hi ha participat l\u2019equip del CRP, l\u2019equip psicopedag\u00f2gic de l\u2019EAP i l\u2019equip LIC del Servei Educatiu.&hellip;  <a href=\"https:\/\/projectes.xtec.cat\/acollidasuport\/portada\/clubs-de-lectura-facil-de-leixample-de-barcelona\/\" title=\"Read Clubs de lectura f\u00e0cil de l\u2019Eixample de Barcelona\">Llegeix m\u00e9s\u00bb<\/a><\/p>\n","protected":false},"author":1,"featured_media":9395,"comment_status":"open","ping_status":"closed","sticky":false,"template":"","format":"standard","meta":{"_bbp_topic_count":0,"_bbp_reply_count":0,"_bbp_total_topic_count":0,"_bbp_total_reply_count":0,"_bbp_voice_count":0,"_bbp_anonymous_reply_count":0,"_bbp_topic_count_hidden":0,"_bbp_reply_count_hidden":0,"_bbp_forum_subforum_count":0,"footnotes":""},"categories":[29],"tags":[309],"class_list":["post-9394","post","type-post","status-publish","format-standard","has-post-thumbnail","hentry","category-portada","tag-lectura"],"post_mailing_queue_ids":[],"_links":{"self":[{"href":"https:\/\/projectes.xtec.cat\/acollidasuport\/wp-json\/wp\/v2\/posts\/9394","targetHints":{"allow":["GET"]}}],"collection":[{"href":"https:\/\/projectes.xtec.cat\/acollidasuport\/wp-json\/wp\/v2\/posts"}],"about":[{"href":"https:\/\/projectes.xtec.cat\/acollidasuport\/wp-json\/wp\/v2\/types\/post"}],"author":[{"embeddable":true,"href":"https:\/\/projectes.xtec.cat\/acollidasuport\/wp-json\/wp\/v2\/users\/1"}],"replies":[{"embeddable":true,"href":"https:\/\/projectes.xtec.cat\/acollidasuport\/wp-json\/wp\/v2\/comments?post=9394"}],"version-history":[{"count":2,"href":"https:\/\/projectes.xtec.cat\/acollidasuport\/wp-json\/wp\/v2\/posts\/9394\/revisions"}],"predecessor-version":[{"id":9397,"href":"https:\/\/projectes.xtec.cat\/acollidasuport\/wp-json\/wp\/v2\/posts\/9394\/revisions\/9397"}],"wp:featuredmedia":[{"embeddable":true,"href":"https:\/\/projectes.xtec.cat\/acollidasuport\/wp-json\/wp\/v2\/media\/9395"}],"wp:attachment":[{"href":"https:\/\/projectes.xtec.cat\/acollidasuport\/wp-json\/wp\/v2\/media?parent=9394"}],"wp:term":[{"taxonomy":"category","embeddable":true,"href":"https:\/\/projectes.xtec.cat\/acollidasuport\/wp-json\/wp\/v2\/categories?post=9394"},{"taxonomy":"post_tag","embeddable":true,"href":"https:\/\/projectes.xtec.cat\/acollidasuport\/wp-json\/wp\/v2\/tags?post=9394"}],"curies":[{"name":"wp","href":"https:\/\/api.w.org\/{rel}","templated":true}]}}