{"id":9398,"date":"2022-05-25T15:13:32","date_gmt":"2022-05-25T13:13:32","guid":{"rendered":"https:\/\/projectes.xtec.cat\/acollidasuport\/?p=9398"},"modified":"2024-04-13T20:31:29","modified_gmt":"2024-04-13T18:31:29","slug":"recursos-per-a-latencio-educativa-de-lalumnat-refugiat-afganes","status":"publish","type":"post","link":"https:\/\/projectes.xtec.cat\/acollidasuport\/portada\/recursos-per-a-latencio-educativa-de-lalumnat-refugiat-afganes\/","title":{"rendered":"Recursos per a l\u2019atenci\u00f3 educativa de l\u2019alumnat refugiat (afgan\u00e8s)"},"content":{"rendered":"<p><span style=\"font-weight: 400;\"><a href=\"https:\/\/projectes.xtec.cat\/acollidasuport\/wp-content\/uploads\/usu2169\/2022\/05\/recull-de-recursos-Atencio-educativa-a-lalumnat-refugiat-afganes.png\"><img loading=\"lazy\" decoding=\"async\" class=\"alignleft size-full wp-image-9399\" src=\"https:\/\/projectes.xtec.cat\/acollidasuport\/wp-content\/uploads\/usu2169\/2022\/05\/recull-de-recursos-Atencio-educativa-a-lalumnat-refugiat-afganes.png\" alt=\"\" width=\"450\" height=\"200\" srcset=\"https:\/\/projectes.xtec.cat\/acollidasuport\/wp-content\/uploads\/usu2169\/2022\/05\/recull-de-recursos-Atencio-educativa-a-lalumnat-refugiat-afganes.png 450w, https:\/\/projectes.xtec.cat\/acollidasuport\/wp-content\/uploads\/usu2169\/2022\/05\/recull-de-recursos-Atencio-educativa-a-lalumnat-refugiat-afganes-300x133.png 300w\" sizes=\"auto, (max-width: 450px) 100vw, 450px\" \/><\/a>Els dimarts 15 i 29 de mar\u00e7, Nadia Ghulam va dur a terme unes xerrades en el marc de l\u2019activitat formativa <\/span><a href=\"https:\/\/projectes.xtec.cat\/acollidasuport\/portada\/atencio-educativa-a-lalumnat-refugiat-afganes-una-formacio-a-carrec-de-nadia-ghulam\/\"><span style=\"font-weight: 400;\">\u201cAtenci\u00f3 educativa a l\u2019alumnat refugiat d\u2019origen afgan\u00e8s\u201d<\/span><\/a><span style=\"font-weight: 400;\">, adre\u00e7ada als professionals de l\u2019educaci\u00f3 i organitzada per Servei de Suports i Recursos Ling\u00fc\u00edstics, de la Subdirecci\u00f3 General de Lleng\u00fces del Departament d\u2019Educaci\u00f3. La formaci\u00f3 forma part del programa <\/span><a href=\"https:\/\/projectes.fundesplai.org\/nusos\/\"><span style=\"font-weight: 400;\">\u201cnuSOS, una proposta per a una ciutadania global\u201d<\/span><\/a><span style=\"font-weight: 400;\">, impulsat per Fundesplai des del curs 2019-2020. L\u2019objectiu del programa \u00e9s educar en valors en relaci\u00f3 amb el fet migratori i la transformaci\u00f3 social, per tal de promoure una bona conviv\u00e8ncia intercultural.<\/span><\/p>\n<p><span style=\"font-weight: 400;\">Un cop finalitzada l\u2019activitat de formaci\u00f3, es va obrir un espai de debat per tal de recollir les experi\u00e8ncies dels participants en l\u2019atenci\u00f3 educativa a l\u2019alumnat refugiat, i els materials que els havien ajudat en el seu proc\u00e9s d\u2019acollida emocional. El ventall d\u2019activitats i de materials que els participants en la formaci\u00f3 van proposar va ser tan ampli i tan interessant, que hem volgut agrupar-los en un espai virtual de consulta al qual es pot accedir a trav\u00e9s del seg\u00fcent <a href=\"https:\/\/wke.lt\/w\/s\/_6qI1i\">enlla\u00e7.<\/a><\/span><\/p>\n<p><span style=\"font-weight: 400;\">Des d\u2019aqu\u00ed volem agrair a totes les persones que van assistir a la formaci\u00f3 el seu inter\u00e8s i tots els recursos que han han fet arribar, que, de ben segur, contribuiran a millorar la nostra tasca educativa.<\/span><\/p>\n","protected":false},"excerpt":{"rendered":"<p><a href=\"https:\/\/projectes.xtec.cat\/acollidasuport\/wp-content\/uploads\/usu2169\/2022\/05\/recull-de-recursos-Atencio-educativa-a-lalumnat-refugiat-afganes.png\"><\/a>Els dimarts 15 i 29 de mar\u00e7, Nadia Ghulam va dur a terme unes xerrades en el marc de l\u2019activitat formativa <a href=\"https:\/\/projectes.xtec.cat\/acollidasuport\/portada\/atencio-educativa-a-lalumnat-refugiat-afganes-una-formacio-a-carrec-de-nadia-ghulam\/\">\u201cAtenci\u00f3 educativa a l\u2019alumnat refugiat d\u2019origen afgan\u00e8s\u201d<\/a>, adre\u00e7ada als professionals de l\u2019educaci\u00f3 i organitzada per Servei de Suports i Recursos Ling\u00fc\u00edstics, de&hellip;  <a href=\"https:\/\/projectes.xtec.cat\/acollidasuport\/portada\/recursos-per-a-latencio-educativa-de-lalumnat-refugiat-afganes\/\" title=\"Read Recursos per a l\u2019atenci\u00f3 educativa de l\u2019alumnat refugiat (afgan\u00e8s)\">Llegeix m\u00e9s\u00bb<\/a><\/p>\n","protected":false},"author":1,"featured_media":9399,"comment_status":"open","ping_status":"closed","sticky":false,"template":"","format":"standard","meta":{"_bbp_topic_count":0,"_bbp_reply_count":0,"_bbp_total_topic_count":0,"_bbp_total_reply_count":0,"_bbp_voice_count":0,"_bbp_anonymous_reply_count":0,"_bbp_topic_count_hidden":0,"_bbp_reply_count_hidden":0,"_bbp_forum_subforum_count":0,"footnotes":""},"categories":[287,29,76],"tags":[451,378],"class_list":["post-9398","post","type-post","status-publish","format-standard","has-post-thumbnail","hentry","category-acollida","category-portada","category-recursos","tag-acollida-emocional","tag-suport-linguistic-i-social"],"post_mailing_queue_ids":[],"_links":{"self":[{"href":"https:\/\/projectes.xtec.cat\/acollidasuport\/wp-json\/wp\/v2\/posts\/9398","targetHints":{"allow":["GET"]}}],"collection":[{"href":"https:\/\/projectes.xtec.cat\/acollidasuport\/wp-json\/wp\/v2\/posts"}],"about":[{"href":"https:\/\/projectes.xtec.cat\/acollidasuport\/wp-json\/wp\/v2\/types\/post"}],"author":[{"embeddable":true,"href":"https:\/\/projectes.xtec.cat\/acollidasuport\/wp-json\/wp\/v2\/users\/1"}],"replies":[{"embeddable":true,"href":"https:\/\/projectes.xtec.cat\/acollidasuport\/wp-json\/wp\/v2\/comments?post=9398"}],"version-history":[{"count":1,"href":"https:\/\/projectes.xtec.cat\/acollidasuport\/wp-json\/wp\/v2\/posts\/9398\/revisions"}],"predecessor-version":[{"id":9400,"href":"https:\/\/projectes.xtec.cat\/acollidasuport\/wp-json\/wp\/v2\/posts\/9398\/revisions\/9400"}],"wp:featuredmedia":[{"embeddable":true,"href":"https:\/\/projectes.xtec.cat\/acollidasuport\/wp-json\/wp\/v2\/media\/9399"}],"wp:attachment":[{"href":"https:\/\/projectes.xtec.cat\/acollidasuport\/wp-json\/wp\/v2\/media?parent=9398"}],"wp:term":[{"taxonomy":"category","embeddable":true,"href":"https:\/\/projectes.xtec.cat\/acollidasuport\/wp-json\/wp\/v2\/categories?post=9398"},{"taxonomy":"post_tag","embeddable":true,"href":"https:\/\/projectes.xtec.cat\/acollidasuport\/wp-json\/wp\/v2\/tags?post=9398"}],"curies":[{"name":"wp","href":"https:\/\/api.w.org\/{rel}","templated":true}]}}