{"id":9426,"date":"2022-06-20T16:54:59","date_gmt":"2022-06-20T14:54:59","guid":{"rendered":"https:\/\/projectes.xtec.cat\/acollidasuport\/?p=9426"},"modified":"2022-06-20T16:54:59","modified_gmt":"2022-06-20T14:54:59","slug":"lavaluacio-final","status":"publish","type":"post","link":"https:\/\/projectes.xtec.cat\/acollidasuport\/portada\/lavaluacio-final\/","title":{"rendered":"L&#8217;avaluaci\u00f3 final"},"content":{"rendered":"<p><a href=\"https:\/\/projectes.xtec.cat\/acollidasuport\/wp-content\/uploads\/usu2169\/2022\/06\/Avaluacio-final.png\"><img loading=\"lazy\" decoding=\"async\" class=\"alignleft size-full wp-image-9428\" src=\"https:\/\/projectes.xtec.cat\/acollidasuport\/wp-content\/uploads\/usu2169\/2022\/06\/Avaluacio-final.png\" alt=\"\" width=\"450\" height=\"200\" srcset=\"https:\/\/projectes.xtec.cat\/acollidasuport\/wp-content\/uploads\/usu2169\/2022\/06\/Avaluacio-final.png 450w, https:\/\/projectes.xtec.cat\/acollidasuport\/wp-content\/uploads\/usu2169\/2022\/06\/Avaluacio-final-300x133.png 300w\" sizes=\"auto, (max-width: 450px) 100vw, 450px\" \/><\/a>Al llarg del curs hem anat parlant sobre l\u2019<strong>atenci\u00f3 educativa a l\u2019alumnat d\u2019origen estranger<\/strong>, tant aquell nouvingut que atenem, per exemple, a les aules d\u2019acollida amb l\u2019objectiu que facin un aprenentatge intensiu de la llengua vehicular, com aquell\u00a0que necessita suports espec\u00edfics per seguir el curr\u00edculum un cop ha estat incorporat plenament a l\u2019aula ordin\u00e0ria. L\u2019objectiu fonamental de qualsevol de les actuacions que us hem proposat \u00e9s proporcionar recursos que permetin als equips docents facilitar que l\u2019alumnat d\u2019origen estranger continu\u00ef\u00a0<strong>progressant en el coneixement de la llengua en qu\u00e8 es vehiculen els aprenentatges\u00a0<\/strong>per tal que les limitacions ling\u00fc\u00edstiques no siguin una barrera per accedir als continguts de tots els \u00e0mbits curriculars.<\/p>\n<p>Sigui quina sigui la necessitat d\u2019aquest alumnat, haurem dissenyat, dins del seu <strong>PI<\/strong>, una\u00a0<strong><a href=\"https:\/\/projectes.xtec.cat\/acollidasuport\/portada\/avaluar-lalumnat-dorigen-estranger-amb-pi-a-laula-ordinaria\/\">proposta educativa<\/a><\/strong>\u00a0que ara haurem de gestionar en arribar a l\u2019<strong>avaluaci\u00f3 final<\/strong>.<\/p>\n<p>En aquests \u00faltims dies, segurament estareu enllestint els <strong>informes d\u2019avaluaci\u00f3 final<\/strong>, aix\u00ed que us deixem algunes reflexions sobre aquest tema que esperem us siguin d\u2019utilitat.<\/p>\n<p><a href=\"https:\/\/projectes.xtec.cat\/acollidasuport\/wp-content\/uploads\/usu2169\/2022\/06\/Avaluacio-final.pdf\" target=\"_blank\" rel=\"noopener\"><img loading=\"lazy\" decoding=\"async\" class=\"aligncenter wp-image-8793\" src=\"https:\/\/projectes.xtec.cat\/acollidasuport\/wp-content\/uploads\/usu2169\/2021\/02\/C\u00f2pia-de-infografia_AOE.png\" alt=\"\" width=\"144\" height=\"144\" srcset=\"https:\/\/projectes.xtec.cat\/acollidasuport\/wp-content\/uploads\/usu2169\/2021\/02\/C\u00f2pia-de-infografia_AOE.png 500w, https:\/\/projectes.xtec.cat\/acollidasuport\/wp-content\/uploads\/usu2169\/2021\/02\/C\u00f2pia-de-infografia_AOE-150x150.png 150w, https:\/\/projectes.xtec.cat\/acollidasuport\/wp-content\/uploads\/usu2169\/2021\/02\/C\u00f2pia-de-infografia_AOE-300x300.png 300w\" sizes=\"auto, (max-width: 144px) 100vw, 144px\" \/><\/a><\/p>\n","protected":false},"excerpt":{"rendered":"<p>Al llarg del curs hem anat parlant sobre l\u2019atenci\u00f3 educativa a l\u2019alumnat d\u2019origen estranger, tant aquell nouvingut que atenem, per exemple, a les aules d\u2019acollida amb l\u2019objectiu que facin un aprenentatge intensiu de la llengua vehicular, com aquell\u00a0que necessita suports espec\u00edfics per seguir el curr\u00edculum un cop ha estat incorporat plenament a l\u2019aula ordin\u00e0ria. L\u2019objectiu fonamental de qualsevol de les actuacions que us hem proposat \u00e9s proporcionar recursos que permetin als equips docents facilitar que l\u2019alumnat d\u2019origen estranger continu\u00ef\u00a0progressant en el coneixement de la llengua en qu\u00e8 es vehiculen els aprenentatges\u00a0per tal que les limitacions ling\u00fc\u00edstiques no siguin una barrera per accedir als continguts de tots els \u00e0mbits curriculars.&hellip;  <a href=\"https:\/\/projectes.xtec.cat\/acollidasuport\/portada\/lavaluacio-final\/\" title=\"Read L&#8217;avaluaci\u00f3 final\">Llegeix m\u00e9s\u00bb<\/a><\/p>\n","protected":false},"author":1,"featured_media":9428,"comment_status":"open","ping_status":"closed","sticky":false,"template":"","format":"standard","meta":{"_bbp_topic_count":0,"_bbp_reply_count":0,"_bbp_total_topic_count":0,"_bbp_total_reply_count":0,"_bbp_voice_count":0,"_bbp_anonymous_reply_count":0,"_bbp_topic_count_hidden":0,"_bbp_reply_count_hidden":0,"_bbp_forum_subforum_count":0,"footnotes":""},"categories":[29],"tags":[324],"class_list":["post-9426","post","type-post","status-publish","format-standard","has-post-thumbnail","hentry","category-portada","tag-avaluacio"],"post_mailing_queue_ids":[],"_links":{"self":[{"href":"https:\/\/projectes.xtec.cat\/acollidasuport\/wp-json\/wp\/v2\/posts\/9426","targetHints":{"allow":["GET"]}}],"collection":[{"href":"https:\/\/projectes.xtec.cat\/acollidasuport\/wp-json\/wp\/v2\/posts"}],"about":[{"href":"https:\/\/projectes.xtec.cat\/acollidasuport\/wp-json\/wp\/v2\/types\/post"}],"author":[{"embeddable":true,"href":"https:\/\/projectes.xtec.cat\/acollidasuport\/wp-json\/wp\/v2\/users\/1"}],"replies":[{"embeddable":true,"href":"https:\/\/projectes.xtec.cat\/acollidasuport\/wp-json\/wp\/v2\/comments?post=9426"}],"version-history":[{"count":3,"href":"https:\/\/projectes.xtec.cat\/acollidasuport\/wp-json\/wp\/v2\/posts\/9426\/revisions"}],"predecessor-version":[{"id":9431,"href":"https:\/\/projectes.xtec.cat\/acollidasuport\/wp-json\/wp\/v2\/posts\/9426\/revisions\/9431"}],"wp:featuredmedia":[{"embeddable":true,"href":"https:\/\/projectes.xtec.cat\/acollidasuport\/wp-json\/wp\/v2\/media\/9428"}],"wp:attachment":[{"href":"https:\/\/projectes.xtec.cat\/acollidasuport\/wp-json\/wp\/v2\/media?parent=9426"}],"wp:term":[{"taxonomy":"category","embeddable":true,"href":"https:\/\/projectes.xtec.cat\/acollidasuport\/wp-json\/wp\/v2\/categories?post=9426"},{"taxonomy":"post_tag","embeddable":true,"href":"https:\/\/projectes.xtec.cat\/acollidasuport\/wp-json\/wp\/v2\/tags?post=9426"}],"curies":[{"name":"wp","href":"https:\/\/api.w.org\/{rel}","templated":true}]}}