{"id":9444,"date":"2022-06-23T13:52:43","date_gmt":"2022-06-23T11:52:43","guid":{"rendered":"https:\/\/projectes.xtec.cat\/acollidasuport\/?p=9444"},"modified":"2022-06-23T13:52:43","modified_gmt":"2022-06-23T11:52:43","slug":"sambori-2023","status":"publish","type":"post","link":"https:\/\/projectes.xtec.cat\/acollidasuport\/portada\/sambori-2023\/","title":{"rendered":"Sambori 2023"},"content":{"rendered":"<p><a href=\"https:\/\/projectes.xtec.cat\/acollidasuport\/wp-content\/uploads\/usu2169\/2022\/06\/Sambori.png\"><img loading=\"lazy\" decoding=\"async\" class=\"alignleft wp-image-9445\" src=\"https:\/\/projectes.xtec.cat\/acollidasuport\/wp-content\/uploads\/usu2169\/2022\/06\/Sambori.png\" alt=\"\" width=\"386\" height=\"282\" \/><\/a>El <a href=\"https:\/\/www.omnium.cat\/ca\/projectes\/sambori\/el-projecte\/\"><strong>Sambori<\/strong><\/a> \u00e9s un projecte d\u2019<a href=\"https:\/\/www.omnium.cat\/ca\/\"><strong>\u00d2mnium cultural<\/strong><\/a> que consisteix a fomentar la creaci\u00f3 de propostes art\u00edstiques i culturals de creaci\u00f3 i autoria col\u00b7lectives a centres educatius del territori, amb l\u2019objectiu de fomentar l\u2019emancipaci\u00f3 cultural, el sentiment de pertinen\u00e7a comunitari i l\u2019\u00fas de la llengua catalana, defensant la cultura com una eina de transformaci\u00f3 social generadora d\u2019oportunitats educatives.<\/p>\n<p>Durant el mes d\u2019abril de 2023, les seus territorials d\u2019\u00d2mnium organitzaran actes festius (<b>Mostres Sambori)<\/b> en els quals es reconeixeran totes les creacions. Una oportunitat per celebrar i mostrar les creacions juntament amb tots els participants, les fam\u00edlies i la comunitat educativa.\u00a0Al mes de maig, es celebrar\u00e0 la <a href=\"https:\/\/www.omnium.cat\/ca\/projectes\/sambori\/festa-sambori\/\"><strong>Festa Sambori<\/strong><\/a>, un acte de reconeixement per TOTS els participants, per posar en valor el temps i l\u2019esfor\u00e7 que han dedicat a la creaci\u00f3 de les creacions col\u00b7lectives.<\/p>\n<p>Al Sambori, hi pot participar l&#8217;a<span style=\"font-family: inherit; font-size: 1em;\">lumnat que cursi educaci\u00f3 prim\u00e0ria, educaci\u00f3 secund\u00e0ria obligat\u00f2ria, batxillerat o cicles formatius de grau mitj\u00e0 en centres educatius del Principat, la Franja, Andorra, la Catalunya Nord o l\u2019Alguer durant el curs 2022-2023. En <a href=\"https:\/\/www.omnium.cat\/ca\/projectes\/sambori\/les-mostres\/\"><strong>aquest enlla\u00e7<\/strong><\/a> trobareu les bases.<\/span><\/p>\n<p>Si teniu algun dubte, a finals de juny es faran diverses sessions informatives:<\/p>\n<ul>\n<li style=\"list-style-type: none;\">\n<ul>\n<li><strong>28 de juny a les 11h:\u00a0<a href=\"http:\/\/meet.google.com\/pya-xgfc-osb\">Sessi\u00f3 informativa per a t\u00e8cnics LIC<\/a><\/strong><\/li>\n<li><strong>29 de juny a les 11h: <a href=\"http:\/\/meet.google.com\/nrs-mmth-ajh\">Sessi\u00f3 informativa per a docents<\/a><\/strong><\/li>\n<li><strong>30 de juny a les 17h: <a style=\"font-family: inherit; font-size: 1em;\" href=\"http:\/\/meet.google.com\/nrs-mmth-ajh\">Sessi\u00f3 informativa lliure<\/a><\/strong><\/li>\n<li><strong>30 de juny a les 11h: <a style=\"font-family: inherit; font-size: 1em;\" href=\"http:\/\/meet.google.com\/yuo-gvwi-hss\">Sessi\u00f3 informativa per a equips directius<\/a><\/strong><\/li>\n<\/ul>\n<\/li>\n<\/ul>\n<div class=\"elementor-element elementor-element-e32f399 elementor-widget elementor-widget-spacer\" data-id=\"e32f399\" data-element_type=\"widget\" data-widget_type=\"spacer.default\">\n<div class=\"elementor-widget-container\">\n<div class=\"elementor-spacer\">Apunteu-vos-hi!<\/div>\n<\/div>\n<\/div>\n","protected":false},"excerpt":{"rendered":"<p>El Sambori \u00e9s un projecte d\u2019\u00d2mnium cultural que consisteix a fomentar la creaci\u00f3 de propostes art\u00edstiques i culturals de creaci\u00f3 i autoria col\u00b7lectives a centres educatius del territori, amb l\u2019objectiu de fomentar l\u2019emancipaci\u00f3 cultural, el sentiment de pertinen\u00e7a comunitari i l\u2019\u00fas de la llengua catalana, defensant la cultura com una eina de transformaci\u00f3 social generadora d\u2019oportunitats educatives.&hellip;  <a href=\"https:\/\/projectes.xtec.cat\/acollidasuport\/portada\/sambori-2023\/\" title=\"Read Sambori 2023\">Llegeix m\u00e9s\u00bb<\/a><\/p>\n","protected":false},"author":1,"featured_media":9445,"comment_status":"open","ping_status":"closed","sticky":false,"template":"","format":"standard","meta":{"_bbp_topic_count":0,"_bbp_reply_count":0,"_bbp_total_topic_count":0,"_bbp_total_reply_count":0,"_bbp_voice_count":0,"_bbp_anonymous_reply_count":0,"_bbp_topic_count_hidden":0,"_bbp_reply_count_hidden":0,"_bbp_forum_subforum_count":0,"footnotes":""},"categories":[29],"tags":[376],"class_list":["post-9444","post","type-post","status-publish","format-standard","has-post-thumbnail","hentry","category-portada","tag-concurs"],"post_mailing_queue_ids":[],"_links":{"self":[{"href":"https:\/\/projectes.xtec.cat\/acollidasuport\/wp-json\/wp\/v2\/posts\/9444","targetHints":{"allow":["GET"]}}],"collection":[{"href":"https:\/\/projectes.xtec.cat\/acollidasuport\/wp-json\/wp\/v2\/posts"}],"about":[{"href":"https:\/\/projectes.xtec.cat\/acollidasuport\/wp-json\/wp\/v2\/types\/post"}],"author":[{"embeddable":true,"href":"https:\/\/projectes.xtec.cat\/acollidasuport\/wp-json\/wp\/v2\/users\/1"}],"replies":[{"embeddable":true,"href":"https:\/\/projectes.xtec.cat\/acollidasuport\/wp-json\/wp\/v2\/comments?post=9444"}],"version-history":[{"count":2,"href":"https:\/\/projectes.xtec.cat\/acollidasuport\/wp-json\/wp\/v2\/posts\/9444\/revisions"}],"predecessor-version":[{"id":9447,"href":"https:\/\/projectes.xtec.cat\/acollidasuport\/wp-json\/wp\/v2\/posts\/9444\/revisions\/9447"}],"wp:featuredmedia":[{"embeddable":true,"href":"https:\/\/projectes.xtec.cat\/acollidasuport\/wp-json\/wp\/v2\/media\/9445"}],"wp:attachment":[{"href":"https:\/\/projectes.xtec.cat\/acollidasuport\/wp-json\/wp\/v2\/media?parent=9444"}],"wp:term":[{"taxonomy":"category","embeddable":true,"href":"https:\/\/projectes.xtec.cat\/acollidasuport\/wp-json\/wp\/v2\/categories?post=9444"},{"taxonomy":"post_tag","embeddable":true,"href":"https:\/\/projectes.xtec.cat\/acollidasuport\/wp-json\/wp\/v2\/tags?post=9444"}],"curies":[{"name":"wp","href":"https:\/\/api.w.org\/{rel}","templated":true}]}}