{"id":9459,"date":"2022-09-22T13:37:50","date_gmt":"2022-09-22T11:37:50","guid":{"rendered":"https:\/\/projectes.xtec.cat\/acollidasuport\/?p=9459"},"modified":"2022-09-22T14:33:59","modified_gmt":"2022-09-22T12:33:59","slug":"comencen-les-mobilitats-erasmus-del-mc-esam-tilc","status":"publish","type":"post","link":"https:\/\/projectes.xtec.cat\/acollidasuport\/portada\/comencen-les-mobilitats-erasmus-del-mc-esam-tilc\/","title":{"rendered":"Comencen les mobilitats Erasmus+ del MC ESAM-TILC"},"content":{"rendered":"<p>Des del 2<a style=\"color: #2795b6;\" href=\"https:\/\/projectes.xtec.cat\/acollidasuport\/wp-content\/uploads\/usu2169\/2022\/09\/Primeres-mobilitats-1.png\"><img loading=\"lazy\" decoding=\"async\" class=\"alignleft size-full wp-image-9460\" src=\"https:\/\/projectes.xtec.cat\/acollidasuport\/wp-content\/uploads\/usu2169\/2022\/09\/Primeres-mobilitats-1.png\" alt=\"\" width=\"450\" height=\"200\" srcset=\"https:\/\/projectes.xtec.cat\/acollidasuport\/wp-content\/uploads\/usu2169\/2022\/09\/Primeres-mobilitats-1.png 450w, https:\/\/projectes.xtec.cat\/acollidasuport\/wp-content\/uploads\/usu2169\/2022\/09\/Primeres-mobilitats-1-300x133.png 300w\" sizes=\"auto, (max-width: 450px) 100vw, 450px\" \/><\/a>5 de setembre, i fins a l\u20191 d\u2019octubre, tots els centre del microconsorci ESAM-TILC faran les mobilitats CETE Erasmus+ a diversos centres escolars de diferents punts d\u2019Europa.<\/p>\n<p>Les escoles de <strong>2n i 3r cicle de l\u2019Agrupamento de Escolas Virg\u00ednia Moura<\/strong> (Moreira de C\u00f3negos, Guimaraes, Portugal) acollir\u00e0 les professores N\u00faria Jarque, de l\u2019Escola Colors de Les Franqueses del Vall\u00e8s, la F\u00e0tima Garc\u00eda, de l\u2019Escola Sant Jordi de l\u2019Ametlla de Mar, i la Mireia Galindo, t\u00e8cnica del Departament d\u2019Educaci\u00f3.<\/p>\n<p>Tamb\u00e9 faran observaci\u00f3 a centres escolars de <strong>1r cicle de l\u2019Agrupamento de Escolas Virg\u00ednia Moura<\/strong> la Montserrat Recasens, de l\u2019Escola Antoni Roig de Torredembarra, la Laura Ruiz, de l\u2019Escola Colors de Les Franqueses del Vall\u00e8s, i la Paula Forcadell, de l\u2019escola Sant Jordi de l\u2019Ametlla de Mar.<\/p>\n<p>En el <strong>Lic\u00e9e Victor Duruy<\/strong>, de Mont de Marsan (Fran\u00e7a) hi aniran la Marta Ruiz, de l\u2019Escola Ramon Pont de Terrassa, la Cris Molins de l\u2019INS Jonqueres de Sabadell, i en Juanjo Butr\u00f3n, de l\u2019Institut Escola Coves d\u2019en Cimany de Barcelona.<\/p>\n<p>El centre <strong>HBLA Lentia<\/strong>, de Linz (\u00c0ustria) acollir\u00e0 la Dolors Aumatell, de FEDAC Vic, el JuanMa Ortiz, de l\u2019INS Jonqueres de Sabadell, i la S\u00edlvia Fontanet, de l\u2019Institut Escola Coves d\u2019en Cimany de Barcelona.<\/p>\n<p>I faran observaci\u00f3 en el <strong>Lic\u00e9e St. Esprit Landivisiau<\/strong> (Bretanya, Fran\u00e7a) la Maria Miguel de FEDAC Vic, la Maria Carneros, de l\u2019Escola Ramon Pont de Terrassa, i la Margarita Montmajor, de l\u2019Escola Antoni\u00a0Roig de Torredembarra.<\/p>\n<p>El microconsorci ESAM-TILC est\u00e0 format per 7 centres educatius, que treballen conjuntament per millorar el coneixement i \u00fas del llenguatge acad\u00e8mic per part de tot l\u2019alumnat i, de manera especial, de l\u2019alumnat d\u2019origen estranger, amb la finalitat de millorar els resultats acad\u00e8mics.<\/p>\n<p>En aquest <a href=\"https:\/\/projectes.xtec.cat\/acollidasuport\/portada\/el-microconsorci-esam-tilc-descripcio-i-objectius\/\">article anterior<\/a> del Nodes trobareu trobareu m\u00e9s informaci\u00f3 sobre els integrants del nostre microconsorci, quins s\u00f3n els nostres objectius i quines l\u00ednies d\u2019observaci\u00f3 tenim.<\/p>\n<p>A la tornada, els participants en les mobilitats ens compartiran els resultats de les observacions i les bones pr\u00e0ctiques que han apr\u00e8s.<\/p>\n","protected":false},"excerpt":{"rendered":"<p>Des del 2<a style=\"color: #2795b6;\" href=\"https:\/\/projectes.xtec.cat\/acollidasuport\/wp-content\/uploads\/usu2169\/2022\/09\/Primeres-mobilitats-1.png\"><\/a>5 de setembre, i fins a l\u20191 d\u2019octubre, tots els centre del microconsorci ESAM-TILC faran les mobilitats CETE Erasmus+ a diversos centres escolars de diferents punts d\u2019Europa.<br \/>\nLes escoles de 2n i 3r cicle de l\u2019Agrupamento de Escolas Virg\u00ednia Moura (Moreira&hellip;  <a href=\"https:\/\/projectes.xtec.cat\/acollidasuport\/portada\/comencen-les-mobilitats-erasmus-del-mc-esam-tilc\/\" title=\"Read Comencen les mobilitats Erasmus+ del MC ESAM-TILC\">Llegeix m\u00e9s\u00bb<\/a><\/p>\n","protected":false},"author":1,"featured_media":9460,"comment_status":"open","ping_status":"closed","sticky":false,"template":"","format":"standard","meta":{"_bbp_topic_count":0,"_bbp_reply_count":0,"_bbp_total_topic_count":0,"_bbp_total_reply_count":0,"_bbp_voice_count":0,"_bbp_anonymous_reply_count":0,"_bbp_topic_count_hidden":0,"_bbp_reply_count_hidden":0,"_bbp_forum_subforum_count":0,"footnotes":""},"categories":[494,29],"tags":[499,495,496,497],"class_list":["post-9459","post","type-post","status-publish","format-standard","has-post-thumbnail","hentry","category-erasmus","category-portada","tag-cete","tag-erasmus","tag-esamtilc","tag-mcesamtilc"],"post_mailing_queue_ids":[],"_links":{"self":[{"href":"https:\/\/projectes.xtec.cat\/acollidasuport\/wp-json\/wp\/v2\/posts\/9459","targetHints":{"allow":["GET"]}}],"collection":[{"href":"https:\/\/projectes.xtec.cat\/acollidasuport\/wp-json\/wp\/v2\/posts"}],"about":[{"href":"https:\/\/projectes.xtec.cat\/acollidasuport\/wp-json\/wp\/v2\/types\/post"}],"author":[{"embeddable":true,"href":"https:\/\/projectes.xtec.cat\/acollidasuport\/wp-json\/wp\/v2\/users\/1"}],"replies":[{"embeddable":true,"href":"https:\/\/projectes.xtec.cat\/acollidasuport\/wp-json\/wp\/v2\/comments?post=9459"}],"version-history":[{"count":3,"href":"https:\/\/projectes.xtec.cat\/acollidasuport\/wp-json\/wp\/v2\/posts\/9459\/revisions"}],"predecessor-version":[{"id":9463,"href":"https:\/\/projectes.xtec.cat\/acollidasuport\/wp-json\/wp\/v2\/posts\/9459\/revisions\/9463"}],"wp:featuredmedia":[{"embeddable":true,"href":"https:\/\/projectes.xtec.cat\/acollidasuport\/wp-json\/wp\/v2\/media\/9460"}],"wp:attachment":[{"href":"https:\/\/projectes.xtec.cat\/acollidasuport\/wp-json\/wp\/v2\/media?parent=9459"}],"wp:term":[{"taxonomy":"category","embeddable":true,"href":"https:\/\/projectes.xtec.cat\/acollidasuport\/wp-json\/wp\/v2\/categories?post=9459"},{"taxonomy":"post_tag","embeddable":true,"href":"https:\/\/projectes.xtec.cat\/acollidasuport\/wp-json\/wp\/v2\/tags?post=9459"}],"curies":[{"name":"wp","href":"https:\/\/api.w.org\/{rel}","templated":true}]}}