{"id":9475,"date":"2022-09-27T13:42:40","date_gmt":"2022-09-27T11:42:40","guid":{"rendered":"https:\/\/projectes.xtec.cat\/acollidasuport\/?p=9475"},"modified":"2024-04-13T20:30:01","modified_gmt":"2024-04-13T18:30:01","slug":"curs-de-radio-practic-a-radio-vilamajor","status":"publish","type":"post","link":"https:\/\/projectes.xtec.cat\/acollidasuport\/portada\/curs-de-radio-practic-a-radio-vilamajor\/","title":{"rendered":"CURS DE R\u00c0DIO PR\u00c0CTIC A &#8220;R\u00c0DIO VILAMAJOR&#8221;"},"content":{"rendered":"<p><a href=\"https:\/\/projectes.xtec.cat\/acollidasuport\/wp-content\/uploads\/usu2169\/2022\/09\/cursradio_vilamajor_cartell.png\"><img loading=\"lazy\" decoding=\"async\" class=\"alignleft size-full wp-image-9476\" src=\"https:\/\/projectes.xtec.cat\/acollidasuport\/wp-content\/uploads\/usu2169\/2022\/09\/cursradio_vilamajor_cartell.png\" alt=\"\" width=\"481\" height=\"680\" srcset=\"https:\/\/projectes.xtec.cat\/acollidasuport\/wp-content\/uploads\/usu2169\/2022\/09\/cursradio_vilamajor_cartell.png 481w, https:\/\/projectes.xtec.cat\/acollidasuport\/wp-content\/uploads\/usu2169\/2022\/09\/cursradio_vilamajor_cartell-212x300.png 212w\" sizes=\"auto, (max-width: 481px) 100vw, 481px\" \/><\/a>En alguna altra ocasi\u00f3 ja hem parlat de com els <b>mitjans de comunicaci\u00f3<\/b> tenen un paper primordial en la nostra societat i, si m\u00e9s no, des dels centres educatius, \u00e9s essencial educar-ne en un bon \u00fas. Amb l\u2019aplicaci\u00f3 de diverses estrat\u00e8gies did\u00e0ctiques en l\u2019\u00e0mbit de la comunicaci\u00f3 audiovisual podem refor\u00e7ar el vincle afectiu entre els docents i l\u2019alumnat, facilitar un aprenentatge significatiu i establir vincles entre el curr\u00edculum i l\u2019experi\u00e8ncia vivencial.\u00a0En aquest sentit, l\u2019\u00fas de la\u00a0<b>r\u00e0dio<\/b> com a eina pedag\u00f2gica per compartir coneixements, opinions, il\u00b7lusions o preocupacions pot esdevenir una activitat complement\u00e0ria per treballar les compet\u00e8ncies ling\u00fc\u00edstiques i consolidar la connexi\u00f3 entre el centre educatiu i el m\u00f3n que ens envolta i, en el cas de l\u2019<b>aula d\u2019acollida<\/b>, incorporar el treball a l\u2019aula a partir dels mitjans de comunicaci\u00f3 suposa tot un repte, per\u00f2 dissenyar i realitzar un\u00a0<b>programa radiof\u00f2nic<\/b> esdev\u00e9 una magn\u00edfica oportunitat per potenciar l\u2019\u00fas de la llengua d\u2019aprenentatge.\u00a0En aquest <a href=\"https:\/\/projectes.xtec.cat\/acollidasuport\/portada\/educacio-radio-eina-pedagogica\/\"><strong>enlla\u00e7<\/strong><\/a> trobareu algunes de les propostes que us f\u00e8iem per\u00a0dur a terme a l\u2019aula en funci\u00f3 del nivell de llengua que hagi assolit l\u2019alumnat.<\/p>\n<p>L&#8217;entitat\u00a0<strong><a href=\"https:\/\/educac.us16.list-manage.com\/track\/click?u=2a8ff71905867b32700a934f8&amp;id=fcfd3245a9&amp;e=8b40ccc8fe\" target=\"_blank\" rel=\"noopener\" data-saferedirecturl=\"https:\/\/www.google.com\/url?q=https:\/\/educac.us16.list-manage.com\/track\/click?u%3D2a8ff71905867b32700a934f8%26id%3Dfcfd3245a9%26e%3D8b40ccc8fe&amp;source=gmail&amp;ust=1664346485005000&amp;usg=AOvVaw3VXnuf0nswG5utSpc4nCEm\">ComSoc comunicaci\u00f3 social<\/a><\/strong>\u00a0posa en marxa un nou curs de r\u00e0dio en col\u00b7laboraci\u00f3 amb l&#8217;Ajuntament de Sant Antoni de Vilamajor i la Diputaci\u00f3 de Barcelona. En el &#8220;<strong><a href=\"https:\/\/educac.us16.list-manage.com\/track\/click?u=2a8ff71905867b32700a934f8&amp;id=6e9de0637b&amp;e=8b40ccc8fe\" target=\"_blank\" rel=\"noopener\" data-saferedirecturl=\"https:\/\/www.google.com\/url?q=https:\/\/educac.us16.list-manage.com\/track\/click?u%3D2a8ff71905867b32700a934f8%26id%3D6e9de0637b%26e%3D8b40ccc8fe&amp;source=gmail&amp;ust=1664346485005000&amp;usg=AOvVaw3YwvNvhhpozEsMBHkCeNBU\">Curs de r\u00e0dio pr\u00e0ctic per connectar amb el m\u00f3n<\/a><\/strong>&#8221; es facilitaran els coneixements, els recursos i les pr\u00e0ctiques necess\u00e0ries per poder elaborar un projecte radiof\u00f2nic propi. La formaci\u00f3 comen\u00e7a el 7 d&#8217;octubre i \u00e9s presencial i gratu\u00efta, trobareu tota la informaci\u00f3 per inscriure-us al web de <a href=\"https:\/\/comsoc.cat\/news\/ca\/2022\/09\/13\/0004\/curs-de-radio-practic-a-radio-vilamajor\"><strong>ComSoc<\/strong><\/a>.<\/p>\n","protected":false},"excerpt":{"rendered":"<p>L&#8217;entitat\u00a0ComSoc comunicaci\u00f3 social\u00a0posa en marxa un nou curs de r\u00e0dio en col\u00b7laboraci\u00f3 amb l&#8217;Ajuntament de Sant Antoni de Vilamajor i la Diputaci\u00f3 de Barcelona. En el &#8220;Curs de r\u00e0dio pr\u00e0ctic per connectar amb el m\u00f3n&#8221; es facilitaran els coneixements, els recursos i les pr\u00e0ctiques necess\u00e0ries per poder elaborar un projecte radiof\u00f2nic propi. La formaci\u00f3 comen\u00e7a el 7 d&#8217;octubre i \u00e9s presencial i gratu\u00efta, trobareu tota la informaci\u00f3 per inscriure-us al web de ComSoc.&hellip;  <a href=\"https:\/\/projectes.xtec.cat\/acollidasuport\/portada\/curs-de-radio-practic-a-radio-vilamajor\/\" title=\"Read CURS DE R\u00c0DIO PR\u00c0CTIC A &#8220;R\u00c0DIO VILAMAJOR&#8221;\">Llegeix m\u00e9s\u00bb<\/a><\/p>\n","protected":false},"author":1,"featured_media":9479,"comment_status":"open","ping_status":"closed","sticky":false,"template":"","format":"standard","meta":{"_bbp_topic_count":0,"_bbp_reply_count":0,"_bbp_total_topic_count":0,"_bbp_total_reply_count":0,"_bbp_voice_count":0,"_bbp_anonymous_reply_count":0,"_bbp_topic_count_hidden":0,"_bbp_reply_count_hidden":0,"_bbp_forum_subforum_count":0,"footnotes":""},"categories":[154,29],"tags":[376],"class_list":["post-9475","post","type-post","status-publish","format-standard","has-post-thumbnail","hentry","category-formacio","category-portada","tag-concurs"],"post_mailing_queue_ids":[],"_links":{"self":[{"href":"https:\/\/projectes.xtec.cat\/acollidasuport\/wp-json\/wp\/v2\/posts\/9475","targetHints":{"allow":["GET"]}}],"collection":[{"href":"https:\/\/projectes.xtec.cat\/acollidasuport\/wp-json\/wp\/v2\/posts"}],"about":[{"href":"https:\/\/projectes.xtec.cat\/acollidasuport\/wp-json\/wp\/v2\/types\/post"}],"author":[{"embeddable":true,"href":"https:\/\/projectes.xtec.cat\/acollidasuport\/wp-json\/wp\/v2\/users\/1"}],"replies":[{"embeddable":true,"href":"https:\/\/projectes.xtec.cat\/acollidasuport\/wp-json\/wp\/v2\/comments?post=9475"}],"version-history":[{"count":3,"href":"https:\/\/projectes.xtec.cat\/acollidasuport\/wp-json\/wp\/v2\/posts\/9475\/revisions"}],"predecessor-version":[{"id":9480,"href":"https:\/\/projectes.xtec.cat\/acollidasuport\/wp-json\/wp\/v2\/posts\/9475\/revisions\/9480"}],"wp:featuredmedia":[{"embeddable":true,"href":"https:\/\/projectes.xtec.cat\/acollidasuport\/wp-json\/wp\/v2\/media\/9479"}],"wp:attachment":[{"href":"https:\/\/projectes.xtec.cat\/acollidasuport\/wp-json\/wp\/v2\/media?parent=9475"}],"wp:term":[{"taxonomy":"category","embeddable":true,"href":"https:\/\/projectes.xtec.cat\/acollidasuport\/wp-json\/wp\/v2\/categories?post=9475"},{"taxonomy":"post_tag","embeddable":true,"href":"https:\/\/projectes.xtec.cat\/acollidasuport\/wp-json\/wp\/v2\/tags?post=9475"}],"curies":[{"name":"wp","href":"https:\/\/api.w.org\/{rel}","templated":true}]}}