{"id":9500,"date":"2022-10-04T13:31:48","date_gmt":"2022-10-04T11:31:48","guid":{"rendered":"https:\/\/projectes.xtec.cat\/acollidasuport\/?p=9500"},"modified":"2022-10-10T11:44:08","modified_gmt":"2022-10-10T09:44:08","slug":"places-disponibles-a-la-formacio-estrategies-dacollida-emocional-per-a-una-escola-intercultural-del-jo-al-nosaltres","status":"publish","type":"post","link":"https:\/\/projectes.xtec.cat\/acollidasuport\/portada\/places-disponibles-a-la-formacio-estrategies-dacollida-emocional-per-a-una-escola-intercultural-del-jo-al-nosaltres\/","title":{"rendered":"Places disponibles a la formaci\u00f3 \u201cEstrat\u00e8gies d\u2019acollida emocional per a una escola intercultural. Del jo al nosaltres\u201d"},"content":{"rendered":"<p><span style=\"font-weight: 400;\">Queden a<a href=\"https:\/\/projectes.xtec.cat\/acollidasuport\/wp-content\/uploads\/usu2169\/2022\/10\/Copia-de-Copia-de-Primeres-mobilitats.png\"><img loading=\"lazy\" decoding=\"async\" class=\"alignleft size-full wp-image-9501\" src=\"https:\/\/projectes.xtec.cat\/acollidasuport\/wp-content\/uploads\/usu2169\/2022\/10\/Copia-de-Copia-de-Primeres-mobilitats.png\" alt=\"\" width=\"450\" height=\"200\" srcset=\"https:\/\/projectes.xtec.cat\/acollidasuport\/wp-content\/uploads\/usu2169\/2022\/10\/Copia-de-Copia-de-Primeres-mobilitats.png 450w, https:\/\/projectes.xtec.cat\/acollidasuport\/wp-content\/uploads\/usu2169\/2022\/10\/Copia-de-Copia-de-Primeres-mobilitats-300x133.png 300w\" sizes=\"auto, (max-width: 450px) 100vw, 450px\" \/><\/a>lgunes places disponibles per al curs en l\u00ednia \u201c<\/span><a href=\"https:\/\/projectes.xtec.cat\/acollidasuport\/wp-content\/uploads\/usu2169\/2020\/08\/Info_DJAN.pdf\"><b>Estrat\u00e8gies d\u2019acollida emocional per a una escola intercultural. Del jo al nosaltres<\/b><\/a><b>\u201d<\/b><span style=\"font-weight: 400;\">, organitzat pel Servei de suports i Recursos Ling\u00fc\u00edstics del Departament d\u2019Educaci\u00f3, i de 30 hores de durada.<\/span><\/p>\n<p><span style=\"font-weight: 400;\">Aquesta formaci\u00f3 t\u00e9 com a objectiu aprofundir en els aspectes emocionals de l\u2019acollida a partir de l\u2019\u00fas de diferents tipus de llenguatge. Est\u00e0 adre\u00e7at a docents de prim\u00e0ria i de secund\u00e0ria obligat\u00f2ria que treballen en centres educatius amb diversitat ling\u00fc\u00edstica i cultural.\u00a0<\/span><\/p>\n<p><span style=\"font-weight: 400;\">S\u2019hi tracten continguts com ara la conviv\u00e8ncia intercultural, les lleng\u00fces familiars de l&#8217;alumnat, la comunicaci\u00f3 afectiva, l&#8217;acollida i la creaci\u00f3 d&#8217;espais de reconeixement intercultural, i el dol i l&#8217;expressi\u00f3 de la p\u00e8rdua. El curs \u00e9s tamb\u00e9 un espai per posar en com\u00fa les experi\u00e8ncies viscudes en els centres educatius.<\/span><\/p>\n<p><span style=\"font-weight: 400;\">En aquest <\/span><a href=\"https:\/\/xtec.gencat.cat\/ca\/formacio\/info-general\/cercador-activitats\/\"><span style=\"font-weight: 400;\">enlla\u00e7<\/span><\/a><span style=\"font-weight: 400;\"> trobareu tota la informaci\u00f3 sobre aquesta activitat.<\/span> <span style=\"font-weight: 400;\">Si us interessa inscriure-us-hi, podeu enviar un correu a <\/span><span style=\"font-weight: 400;\">formacio.ssrl@xtec.cat<\/span> <b>abans del 14 d\u2019octubre<\/b><span style=\"font-weight: 400;\">.<\/span><\/p>\n<p>&nbsp;<\/p>\n","protected":false},"excerpt":{"rendered":"<p>Queden a<a href=\"https:\/\/projectes.xtec.cat\/acollidasuport\/wp-content\/uploads\/usu2169\/2022\/10\/Copia-de-Copia-de-Primeres-mobilitats.png\"><\/a>lgunes places disponibles per al curs en l\u00ednia \u201c<a href=\"https:\/\/projectes.xtec.cat\/acollidasuport\/wp-content\/uploads\/usu2169\/2020\/08\/Info_DJAN.pdf\">Estrat\u00e8gies d\u2019acollida emocional per a una escola intercultural. Del jo al nosaltres<\/a>\u201d, organitzat pel Servei de suports i Recursos Ling\u00fc\u00edstics del Departament d\u2019Educaci\u00f3, i de 30 hores de durada.<br \/>\nAquesta formaci\u00f3 t\u00e9 com a objectiu&hellip;  <a href=\"https:\/\/projectes.xtec.cat\/acollidasuport\/portada\/places-disponibles-a-la-formacio-estrategies-dacollida-emocional-per-a-una-escola-intercultural-del-jo-al-nosaltres\/\" title=\"Read Places disponibles a la formaci\u00f3 \u201cEstrat\u00e8gies d\u2019acollida emocional per a una escola intercultural. Del jo al nosaltres\u201d\">Llegeix m\u00e9s\u00bb<\/a><\/p>\n","protected":false},"author":1,"featured_media":9501,"comment_status":"open","ping_status":"closed","sticky":false,"template":"","format":"standard","meta":{"_bbp_topic_count":0,"_bbp_reply_count":0,"_bbp_total_topic_count":0,"_bbp_total_reply_count":0,"_bbp_voice_count":0,"_bbp_anonymous_reply_count":0,"_bbp_topic_count_hidden":0,"_bbp_reply_count_hidden":0,"_bbp_forum_subforum_count":0,"footnotes":""},"categories":[154,29],"tags":[451],"class_list":["post-9500","post","type-post","status-publish","format-standard","has-post-thumbnail","hentry","category-formacio","category-portada","tag-acollida-emocional"],"post_mailing_queue_ids":[],"_links":{"self":[{"href":"https:\/\/projectes.xtec.cat\/acollidasuport\/wp-json\/wp\/v2\/posts\/9500","targetHints":{"allow":["GET"]}}],"collection":[{"href":"https:\/\/projectes.xtec.cat\/acollidasuport\/wp-json\/wp\/v2\/posts"}],"about":[{"href":"https:\/\/projectes.xtec.cat\/acollidasuport\/wp-json\/wp\/v2\/types\/post"}],"author":[{"embeddable":true,"href":"https:\/\/projectes.xtec.cat\/acollidasuport\/wp-json\/wp\/v2\/users\/1"}],"replies":[{"embeddable":true,"href":"https:\/\/projectes.xtec.cat\/acollidasuport\/wp-json\/wp\/v2\/comments?post=9500"}],"version-history":[{"count":3,"href":"https:\/\/projectes.xtec.cat\/acollidasuport\/wp-json\/wp\/v2\/posts\/9500\/revisions"}],"predecessor-version":[{"id":9504,"href":"https:\/\/projectes.xtec.cat\/acollidasuport\/wp-json\/wp\/v2\/posts\/9500\/revisions\/9504"}],"wp:featuredmedia":[{"embeddable":true,"href":"https:\/\/projectes.xtec.cat\/acollidasuport\/wp-json\/wp\/v2\/media\/9501"}],"wp:attachment":[{"href":"https:\/\/projectes.xtec.cat\/acollidasuport\/wp-json\/wp\/v2\/media?parent=9500"}],"wp:term":[{"taxonomy":"category","embeddable":true,"href":"https:\/\/projectes.xtec.cat\/acollidasuport\/wp-json\/wp\/v2\/categories?post=9500"},{"taxonomy":"post_tag","embeddable":true,"href":"https:\/\/projectes.xtec.cat\/acollidasuport\/wp-json\/wp\/v2\/tags?post=9500"}],"curies":[{"name":"wp","href":"https:\/\/api.w.org\/{rel}","templated":true}]}}