{"id":9539,"date":"2022-12-09T10:00:03","date_gmt":"2022-12-09T09:00:03","guid":{"rendered":"https:\/\/projectes.xtec.cat\/acollidasuport\/?p=9539"},"modified":"2022-12-07T10:22:50","modified_gmt":"2022-12-07T09:22:50","slug":"els-diaris-de-la-mobilitat-erasmus-a-landivisiau-franca","status":"publish","type":"post","link":"https:\/\/projectes.xtec.cat\/acollidasuport\/portada\/els-diaris-de-la-mobilitat-erasmus-a-landivisiau-franca\/","title":{"rendered":"Els diaris de la mobilitat Erasmus+ a Landivisiau, Fran\u00e7a"},"content":{"rendered":"<p><span style=\"font-weight: 400;\"><a href=\"https:\/\/projectes.xtec.cat\/acollidasuport\/wp-content\/uploads\/usu2169\/2022\/12\/Productes-i-diaris-de-les-mobilitats-6.png\"><img loading=\"lazy\" decoding=\"async\" class=\"alignleft size-full wp-image-9541\" src=\"https:\/\/projectes.xtec.cat\/acollidasuport\/wp-content\/uploads\/usu2169\/2022\/12\/Productes-i-diaris-de-les-mobilitats-6.png\" alt=\"\" width=\"450\" height=\"200\" srcset=\"https:\/\/projectes.xtec.cat\/acollidasuport\/wp-content\/uploads\/usu2169\/2022\/12\/Productes-i-diaris-de-les-mobilitats-6.png 450w, https:\/\/projectes.xtec.cat\/acollidasuport\/wp-content\/uploads\/usu2169\/2022\/12\/Productes-i-diaris-de-les-mobilitats-6-300x133.png 300w\" sizes=\"auto, (max-width: 450px) 100vw, 450px\" \/><\/a>Avui us compartim els diaris de Maria Carneros, de l\u2019Escola Ramon Pont, de Terrassa, de Maria Miguel, de l\u2019Escola FEDAC, de Vic, i de Margarita Montmajor, de l\u2019Escola Antoni Roig, de Torredembarra. Aquestes docents han fet una setmana d\u2019observaci\u00f3 de les mobilitats Erasmus+ CETE+ a <\/span><b>Landivisiau, a la Bretanya, Fran\u00e7a<\/b><span style=\"font-weight: 400;\">. Trobareu els diaris en aquest <\/span><a href=\"https:\/\/wakelet.com\/wake\/5pn3XRYUvYZaW2KQyNCqJ\"><b>wakelet<\/b><\/a><b>, <\/b><span style=\"font-weight: 400;\">juntament amb els que ja hem anat publicant.<\/span><\/p>\n<p><span style=\"font-weight: 400;\">Durant l\u2019estada d\u2019observaci\u00f3 van visitar diferents centres de Landivisiau, de diferents etapes educatives. Concretament, van participar de les activitats que es duien a terme en el Lyc\u00e9e Saint Esprit, l\u2019\u00c9cole maternelle, \u00e9l\u00e9mentaire i primaire Notre-Dame des Victoires, i el Coll\u00e8ge Saint Joseph-La Salle.<\/span><\/p>\n<p><span style=\"font-weight: 400;\">Aquests s\u00f3n els aspectes positius que destaquen de tot all\u00f2 observat:<\/span><\/p>\n<p><span style=\"font-weight: 400;\">\u00ab<\/span><i><span style=\"font-weight: 400;\">La conviv\u00e8ncia<\/span><\/i><span style=\"font-weight: 400;\">. El fet que les escoles observades disposen d\u2019un equip de persones que s\u2019encarreguen de la disciplina entre altres coses, fa que faciliti la tasca del tutor i\/o professor.<\/span><\/p>\n<p><span style=\"font-weight: 400;\">&#8211; <\/span><i><span style=\"font-weight: 400;\">L\u2019educaci\u00f3 i respecte<\/span><\/i><span style=\"font-weight: 400;\">.<\/span><\/p>\n<p><span style=\"font-weight: 400;\">&#8211; <\/span><i><span style=\"font-weight: 400;\">Recursos<\/span><\/i><span style=\"font-weight: 400;\">. A l\u2019escola tenien 15 vetlladors i cada mestra d\u2019educaci\u00f3 infantil tenia una auxiliar per a ella, a m\u00e9s d\u2019algun vetllador si hi havia algun alumnat amb alguna necessitat educativa.<\/span><\/p>\n<p><span style=\"font-weight: 400;\">&#8211; El rol del <\/span><i><span style=\"font-weight: 400;\">professional documentalista<\/span><\/i><span style=\"font-weight: 400;\"> que treballa en el CDI. Tenen la figura del\u00a0 documentalista. Aquesta figura es troba a la biblioteca de l\u2019escola i assessora l\u2019alumnat quan han de fer recerca d\u2019informaci\u00f3, elaborar treballs, etc. Aquest professional tamb\u00e9 els ajuda a fer recerca online, els ajuda a sintetitzar la informaci\u00f3. De la mateixa manera, tamb\u00e9 assessora el professorat. A la biblioteca, tamb\u00e9 coneguda amb el nom de CDI, hi ha els dispositius digitals, una fotocopiadora i la biblioteca de recursos. El CDI \u00e9s el centre de documentaci\u00f3 i informaci\u00f3.<\/span><\/p>\n<p><span style=\"font-weight: 400;\">&#8211; <\/span><i><span style=\"font-weight: 400;\">L\u2019atenci\u00f3 a la diversitat<\/span><\/i><span style=\"font-weight: 400;\">. Hi ha un professional d\u2019educaci\u00f3 especial, tant a prim\u00e0ria com a secund\u00e0ria, amb doble aula cadascuna, una aula on treballen de manera individual i una altra aula a on treballen en grup. Tenen molt material educatiu manipulable. Es t\u00e9 present fins i tot en les entrades i sortides de l\u2019escola que si hi ha algun alumne que no pot marxar amb autob\u00fas, perqu\u00e8 pot haver-hi massa soroll, marxa en taxi.\u00bb<\/span><\/p>\n<p><span style=\"font-weight: 400;\">Com a conclusions, les mestres participants en la mobilitat apunten:<\/span><\/p>\n<p><span style=\"font-weight: 400;\">\u00abEl canvi comen\u00e7a en nosaltres mateixos. No tenim els recursos que tenen als centres de Brest, per\u00f2 s\u00ed que podem aconseguir alguns petits canvis, si nosaltres ens ho proposem i si veiem la import\u00e0ncia que hi hagi. Per\u00f2 que si tingu\u00e9ssim tots els recursos que hi pogut observar que tenen les escoles i instituts de Landivisiau, es podrien fer molts canvis. Podr\u00edem atendre millor al nostre alumnat, perqu\u00e8 hi hauria altres professionals que s\u2019encarregarien de la conviv\u00e8ncia, ensenyar-los a fer bona recerca d\u2019informaci\u00f3 i utilitzar totes les noves tecnologies amb tot el que pertoca, tindr\u00edem molt m\u00e9s suport a l\u2019aula amb tots aquells alumnes que ho necessiten&#8230;\u00bb<\/span><\/p>\n","protected":false},"excerpt":{"rendered":"<p><a href=\"https:\/\/projectes.xtec.cat\/acollidasuport\/wp-content\/uploads\/usu2169\/2022\/12\/Productes-i-diaris-de-les-mobilitats-6.png\"><\/a>Avui us compartim els diaris de Maria Carneros, de l\u2019Escola Ramon Pont, de Terrassa, de Maria Miguel, de l\u2019Escola FEDAC, de Vic, i de Margarita Montmajor, de l\u2019Escola Antoni Roig, de Torredembarra. Aquestes docents han fet una setmana d\u2019observaci\u00f3 de les mobilitats Erasmus+ CETE+&hellip;  <a href=\"https:\/\/projectes.xtec.cat\/acollidasuport\/portada\/els-diaris-de-la-mobilitat-erasmus-a-landivisiau-franca\/\" title=\"Read Els diaris de la mobilitat Erasmus+ a Landivisiau, Fran\u00e7a\">Llegeix m\u00e9s\u00bb<\/a><\/p>\n","protected":false},"author":1,"featured_media":9541,"comment_status":"open","ping_status":"closed","sticky":false,"template":"","format":"standard","meta":{"_bbp_topic_count":0,"_bbp_reply_count":0,"_bbp_total_topic_count":0,"_bbp_total_reply_count":0,"_bbp_voice_count":0,"_bbp_anonymous_reply_count":0,"_bbp_topic_count_hidden":0,"_bbp_reply_count_hidden":0,"_bbp_forum_subforum_count":0,"footnotes":""},"categories":[494,29],"tags":[499,495,496,497],"class_list":["post-9539","post","type-post","status-publish","format-standard","has-post-thumbnail","hentry","category-erasmus","category-portada","tag-cete","tag-erasmus","tag-esamtilc","tag-mcesamtilc"],"post_mailing_queue_ids":[],"_links":{"self":[{"href":"https:\/\/projectes.xtec.cat\/acollidasuport\/wp-json\/wp\/v2\/posts\/9539","targetHints":{"allow":["GET"]}}],"collection":[{"href":"https:\/\/projectes.xtec.cat\/acollidasuport\/wp-json\/wp\/v2\/posts"}],"about":[{"href":"https:\/\/projectes.xtec.cat\/acollidasuport\/wp-json\/wp\/v2\/types\/post"}],"author":[{"embeddable":true,"href":"https:\/\/projectes.xtec.cat\/acollidasuport\/wp-json\/wp\/v2\/users\/1"}],"replies":[{"embeddable":true,"href":"https:\/\/projectes.xtec.cat\/acollidasuport\/wp-json\/wp\/v2\/comments?post=9539"}],"version-history":[{"count":1,"href":"https:\/\/projectes.xtec.cat\/acollidasuport\/wp-json\/wp\/v2\/posts\/9539\/revisions"}],"predecessor-version":[{"id":9543,"href":"https:\/\/projectes.xtec.cat\/acollidasuport\/wp-json\/wp\/v2\/posts\/9539\/revisions\/9543"}],"wp:featuredmedia":[{"embeddable":true,"href":"https:\/\/projectes.xtec.cat\/acollidasuport\/wp-json\/wp\/v2\/media\/9541"}],"wp:attachment":[{"href":"https:\/\/projectes.xtec.cat\/acollidasuport\/wp-json\/wp\/v2\/media?parent=9539"}],"wp:term":[{"taxonomy":"category","embeddable":true,"href":"https:\/\/projectes.xtec.cat\/acollidasuport\/wp-json\/wp\/v2\/categories?post=9539"},{"taxonomy":"post_tag","embeddable":true,"href":"https:\/\/projectes.xtec.cat\/acollidasuport\/wp-json\/wp\/v2\/tags?post=9539"}],"curies":[{"name":"wp","href":"https:\/\/api.w.org\/{rel}","templated":true}]}}