{"id":9596,"date":"2023-01-09T09:00:08","date_gmt":"2023-01-09T08:00:08","guid":{"rendered":"https:\/\/projectes.xtec.cat\/acollidasuport\/?p=9596"},"modified":"2024-04-13T20:28:15","modified_gmt":"2024-04-13T18:28:15","slug":"refugi-en-curt-lus-de-laudiovisual-a-laula-per-promoure-els-drets-humans","status":"publish","type":"post","link":"https:\/\/projectes.xtec.cat\/acollidasuport\/portada\/refugi-en-curt-lus-de-laudiovisual-a-laula-per-promoure-els-drets-humans\/","title":{"rendered":"Refugi en curt: L\u2019us de l\u2019audiovisual a l\u2019aula per promoure els drets humans"},"content":{"rendered":"<p><b><i><a href=\"https:\/\/projectes.xtec.cat\/acollidasuport\/wp-content\/uploads\/usu2169\/2023\/01\/Refugi.jpg\"><img loading=\"lazy\" decoding=\"async\" class=\"alignleft wp-image-9597\" src=\"https:\/\/projectes.xtec.cat\/acollidasuport\/wp-content\/uploads\/usu2169\/2023\/01\/Refugi.jpg\" alt=\"\" width=\"493\" height=\"698\" srcset=\"https:\/\/projectes.xtec.cat\/acollidasuport\/wp-content\/uploads\/usu2169\/2023\/01\/Refugi.jpg 570w, https:\/\/projectes.xtec.cat\/acollidasuport\/wp-content\/uploads\/usu2169\/2023\/01\/Refugi-212x300.jpg 212w\" sizes=\"auto, (max-width: 493px) 100vw, 493px\" \/><\/a>Refugi en curt<\/i><\/b> \u00e9s un\u00a0 projecte que consta d\u2019una selecci\u00f3 de curtmetratges que aborda la migraci\u00f3 for\u00e7ada i el refugi des del punt de vista d\u2019infants, adolescents, joves i fam\u00edlies. En aquest <a href=\"https:\/\/www.refugiencurt.org\/\"><b>enlla\u00e7<\/b><\/a>, trobareu tota la informaci\u00f3 sobre el projecte i les instruccions per poder accedir als materials.<\/p>\n<p>El projecte ofereix activitats complement\u00e0ries de formaci\u00f3 i assessorament adre\u00e7ades al professorat, a c\u00e0rrec d\u2019<a href=\"http:\/\/www.edualter.org\/\">Edualter<\/a>, i que tenen com a objectiu acompanyar els centres educatius en el disseny d\u2019activitats i la posada en marxa de les adaptacions curriculars. Enguany, presenten el curs <em><strong>&#8220;Refugi en curt&#8221;<\/strong><\/em> <span lang=\"ca-es\" xml:lang=\"ca-es\">destinat a docents i professionals de l\u2019educaci\u00f3, en qu\u00e8 es treballaran les obres f\u00edlmiques com a eina pedag\u00f2gica per a treballar la tem\u00e0tica de refugi. El format que es treballar\u00e0 m\u00e9s a fons \u00e9s el documental, vertebrant-ho a trav\u00e9s de les obres incloses al projecte <strong><em>Refugi en curt<\/em><\/strong>. S&#8217;introduir\u00e0 la tem\u00e0tica del refugi, es treballar\u00e0 el llenguatge audiovisual i les implicacions \u00e8tiques d\u2019aquest tipus de materials. A m\u00e9s a m\u00e9s, s&#8217;aprendran les especificitats pedag\u00f2giques dels materials audiovisuals, la vinculaci\u00f3 curricular que poden tenir amb el curr\u00edculum de prim\u00e0ria, ESO i Batxillerat. Per \u00faltim, s&#8217;elaborar\u00e0 una proposta did\u00e0ctica concreta de manera col\u00b7lectiva.<\/span><\/p>\n<p><span lang=\"ca-es\" xml:lang=\"ca-es\">El curs d&#8217;adre\u00e7a a docents dels municipis de Badalona, Castelldefels, Granollers, Matar\u00f3, Pineda de Mar, Sant Adri\u00e0 de\u00a0<\/span><span lang=\"ca-es\" xml:lang=\"ca-es\">Bes\u00f2s<\/span><span lang=\"ca-es\" xml:lang=\"ca-es\">, Sant Boi de Llobregat i Sitges i s&#8217;ofereix l&#8217;oportunitat de comptar amb sessions espec\u00edfiques de formaci\u00f3 i acompanyament per al disseny de les propostes did\u00e0ctiques o per a aprofundir en algun dels temes de les sessions. A<\/span><span lang=\"ca-es\" xml:lang=\"ca-es\">quest suport es pot sol\u00b7licitar en el moment de fer la inscripci\u00f3 en aquest <a href=\"https:\/\/limesurvey.edualter.org\/index.php\/916348?newtest=Y&amp;lang=ca\"><strong>enlla\u00e7<\/strong><\/a>.<\/span><\/p>\n<p align=\"justify\"><strong>Tres sessions presencials:<\/strong> 14 de gener, 4 i 25 de febrer 2023. De 10:00h a 14:00h<\/p>\n<p align=\"justify\">8 hores de treball aut\u00f2nom &#8211; <span lang=\"ca-es\" xml:lang=\"ca-es\">Reconeixement per docents de <strong>20 hores de formaci\u00f3<\/strong> (<\/span><span lang=\"ca-es\" xml:lang=\"ca-es\">Pla de formaci\u00f3 permanent<\/span><span lang=\"ca-es\" xml:lang=\"ca-es\">)<\/span><\/p>\n<p align=\"justify\"><strong>Lloc:<\/strong> Lafede.cat, Carrer T\u00e0pies 1-3 (Barcelona)<\/p>\n<p align=\"justify\"><strong>Inscripci\u00f3:<\/strong> fins al 14 de gener de 2023<\/p>\n<p align=\"justify\">\n","protected":false},"excerpt":{"rendered":"<p>Refugi en curt \u00e9s un\u00a0 projecte que consta d\u2019una selecci\u00f3 de curtmetratges que aborda la migraci\u00f3 for\u00e7ada i el refugi des del punt de vista d\u2019infants, adolescents, joves i fam\u00edlies. En aquest enlla\u00e7, trobareu tota la informaci\u00f3 sobre el projecte i les instruccions per poder accedir als materials.&hellip;  <a href=\"https:\/\/projectes.xtec.cat\/acollidasuport\/portada\/refugi-en-curt-lus-de-laudiovisual-a-laula-per-promoure-els-drets-humans\/\" title=\"Read Refugi en curt: L\u2019us de l\u2019audiovisual a l\u2019aula per promoure els drets humans\">Llegeix m\u00e9s\u00bb<\/a><\/p>\n","protected":false},"author":1,"featured_media":9597,"comment_status":"open","ping_status":"closed","sticky":false,"template":"","format":"standard","meta":{"_bbp_topic_count":0,"_bbp_reply_count":0,"_bbp_total_topic_count":0,"_bbp_total_reply_count":0,"_bbp_voice_count":0,"_bbp_anonymous_reply_count":0,"_bbp_topic_count_hidden":0,"_bbp_reply_count_hidden":0,"_bbp_forum_subforum_count":0,"footnotes":""},"categories":[287,154,29],"tags":[351,437],"class_list":["post-9596","post","type-post","status-publish","format-standard","has-post-thumbnail","hentry","category-acollida","category-formacio","category-portada","tag-aprenentatge","tag-digital"],"post_mailing_queue_ids":[],"_links":{"self":[{"href":"https:\/\/projectes.xtec.cat\/acollidasuport\/wp-json\/wp\/v2\/posts\/9596","targetHints":{"allow":["GET"]}}],"collection":[{"href":"https:\/\/projectes.xtec.cat\/acollidasuport\/wp-json\/wp\/v2\/posts"}],"about":[{"href":"https:\/\/projectes.xtec.cat\/acollidasuport\/wp-json\/wp\/v2\/types\/post"}],"author":[{"embeddable":true,"href":"https:\/\/projectes.xtec.cat\/acollidasuport\/wp-json\/wp\/v2\/users\/1"}],"replies":[{"embeddable":true,"href":"https:\/\/projectes.xtec.cat\/acollidasuport\/wp-json\/wp\/v2\/comments?post=9596"}],"version-history":[{"count":2,"href":"https:\/\/projectes.xtec.cat\/acollidasuport\/wp-json\/wp\/v2\/posts\/9596\/revisions"}],"predecessor-version":[{"id":9599,"href":"https:\/\/projectes.xtec.cat\/acollidasuport\/wp-json\/wp\/v2\/posts\/9596\/revisions\/9599"}],"wp:featuredmedia":[{"embeddable":true,"href":"https:\/\/projectes.xtec.cat\/acollidasuport\/wp-json\/wp\/v2\/media\/9597"}],"wp:attachment":[{"href":"https:\/\/projectes.xtec.cat\/acollidasuport\/wp-json\/wp\/v2\/media?parent=9596"}],"wp:term":[{"taxonomy":"category","embeddable":true,"href":"https:\/\/projectes.xtec.cat\/acollidasuport\/wp-json\/wp\/v2\/categories?post=9596"},{"taxonomy":"post_tag","embeddable":true,"href":"https:\/\/projectes.xtec.cat\/acollidasuport\/wp-json\/wp\/v2\/tags?post=9596"}],"curies":[{"name":"wp","href":"https:\/\/api.w.org\/{rel}","templated":true}]}}