{"id":9626,"date":"2023-02-20T12:39:25","date_gmt":"2023-02-20T11:39:25","guid":{"rendered":"https:\/\/projectes.xtec.cat\/acollidasuport\/?p=9626"},"modified":"2023-02-20T12:39:25","modified_gmt":"2023-02-20T11:39:25","slug":"dia-internacional-de-la-llengua-materna-21-de-febrer","status":"publish","type":"post","link":"https:\/\/projectes.xtec.cat\/acollidasuport\/portada\/dia-internacional-de-la-llengua-materna-21-de-febrer\/","title":{"rendered":"Dia Internacional de la Llengua Materna &#8211; 21 de febrer"},"content":{"rendered":"<p><span style=\"font-weight: 400;\"><a href=\"https:\/\/projectes.xtec.cat\/acollidasuport\/wp-content\/uploads\/usu2169\/2023\/02\/Dia-Internacional-de-la-Llengua-Materna.png\"><img loading=\"lazy\" decoding=\"async\" class=\"size-full wp-image-9627 alignleft\" src=\"https:\/\/projectes.xtec.cat\/acollidasuport\/wp-content\/uploads\/usu2169\/2023\/02\/Dia-Internacional-de-la-Llengua-Materna.png\" alt=\"\" width=\"450\" height=\"200\" srcset=\"https:\/\/projectes.xtec.cat\/acollidasuport\/wp-content\/uploads\/usu2169\/2023\/02\/Dia-Internacional-de-la-Llengua-Materna.png 450w, https:\/\/projectes.xtec.cat\/acollidasuport\/wp-content\/uploads\/usu2169\/2023\/02\/Dia-Internacional-de-la-Llengua-Materna-300x133.png 300w\" sizes=\"auto, (max-width: 450px) 100vw, 450px\" \/><\/a>Dem\u00e0, <\/span><b>21 de febrer<\/b><span style=\"font-weight: 400;\">, \u00e9s el <\/span><a href=\"https:\/\/www.un.org\/es\/observances\/mother-language-day\"><b>Dia Internacional de la Llengua Materna<\/b><\/a><span style=\"font-weight: 400;\">, dia que es commemora des que va ser aprovat l\u2019any 1999, en la 30a Confer\u00e8ncia General de la UNESCO.<\/span><\/p>\n<p><span style=\"font-weight: 400;\">L\u2019edici\u00f3 gira al voltant del lema <\/span><b>\u201cl\u2019Educaci\u00f3 Multiling\u00fce (EML): la necessitat per a transformar l\u2019educaci\u00f3\u201d<\/b><span style=\"font-weight: 400;\">. \u00c9s per aix\u00f2 que aquest any, la idea de celebrar aquest dia \u00e9s la d\u2019<\/span><b>explorar i debatre el potencial del multiling\u00fcisme per a transformar l\u2019educaci\u00f3 des d\u2019una perspectiva d\u2019aprenentatge permanent i en diferents contextos.\u00a0<\/b><\/p>\n<p><span style=\"font-weight: 400;\">Us animem a celebrar aquest dia a les aules amb el vostre alumnat i per aix\u00f2 us presentem algunes idees o propostes.<\/span><\/p>\n<p><span style=\"font-weight: 400;\">L<\/span><b>\u2019Escola de Bamb\u00fa de Casa \u00c0sia<\/b><span style=\"font-weight: 400;\"> presenta una s\u00e8rie de <\/span><a href=\"https:\/\/www.casaasia.cat\/actualitat\/dia-internacional-de-la-llengua-materna-propostes-pels-centres-educatius\/\"><b>tallers de diferents lleng\u00fces asi\u00e0tiques<\/b><\/a><span style=\"font-weight: 400;\"> dirigits a l\u2019alumnat de prim\u00e0ria (llengua oral) i secund\u00e0ria (escriptures i cal\u00b7ligrafies) que cada centre pot implementar.<\/span><\/p>\n<p><span style=\"font-weight: 400;\">Des del <\/span><b>Pla Educatiu d\u2019Entorn de Matar\u00f3<\/b><span style=\"font-weight: 400;\"> s\u2019ha elaborat un <\/span><a href=\"https:\/\/online.flippingbook.com\/view\/412971916\/\"><b>dossier<\/b><\/a><span style=\"font-weight: 400;\"> amb propostes per treballar a l\u2019aula des d\u2019infantil fins a secund\u00e0ria i adults: des d\u2019enlla\u00e7os a v\u00eddeos fins a can\u00e7ons, activitats i altres materials.<\/span><\/p>\n<p><span style=\"font-weight: 400;\">Us recordem tamb\u00e9 que en aquests enlla\u00e7os trobareu un seguit de materials en diverses lleng\u00fces, tant en llengua escrita com oral, que s\u00f3n un molt bon recurs per treballar a l\u2019aula:\u00a0<\/span><\/p>\n<p><a href=\"https:\/\/blogs.cpnl.cat\/20contescomptats\/els-20-contes-en-llengua-original\/\"><b>20 contes comptats<\/b><\/a><\/p>\n<p><a href=\"http:\/\/www.lecturafacil.net\/news\/vols-llegir-llibres-lf-durant-el-confinament\/\"><b>Associaci\u00f3 de lectura f\u00e0cil<\/b><\/a><\/p>\n<p><a href=\"https:\/\/www.africanstorybook.org\/\"><b>African storybook<\/b><\/a><\/p>\n<p><a href=\"http:\/\/bibliotecadigital.ilce.edu.mx\/\"><b>Biblioteca digital del Instituto Latinoamericano de la comunicaci\u00f3n educativa<\/b><\/a><\/p>\n<p><a href=\"https:\/\/llengua.gencat.cat\/ca\/serveis\/informacio_i_difusio\/publicacions_en_linia\/aprenem_catala_des_de_col\/\"><b>Aprenem catal\u00e0 des de&#8230;<\/b><\/a><\/p>\n<p><a href=\"https:\/\/www.youtube.com\/channel\/UCdxEO4W4AMGzuAsBSZGBfZA\/channels\"><b>Els barrufets<\/b><\/a><\/p>\n<p><a href=\"http:\/\/cavallfort.cat\/audiocontes\/\"><b>Els audiocontes del Tatano<\/b><\/a><\/p>\n<p><a href=\"https:\/\/digitallibrary.io\/\"><b>The global digital library<\/b><\/a><\/p>\n<p><a href=\"http:\/\/en.childrenslibrary.org\/\"><b>International chlidren&#8217;s digital library<\/b><\/a><\/p>\n<p><a href=\"https:\/\/issuu.com\/linguamon\/docs\/conte_oncle_ali\"><b>L&#8217;oncle Ali, el xacal i la cabra<\/b><\/a><\/p>\n<p><a href=\"https:\/\/issuu.com\/linguamon\/docs\/conte_7cabretes\"><b>Les set cabretes<\/b><\/a><\/p>\n<p><a href=\"https:\/\/issuu.com\/linguamon\/docs\/dibuixa_m_un_conte_web_\"><b>Dibuixa&#8217;m un conte<\/b><\/a><\/p>\n<p><a href=\"https:\/\/issuu.com\/linguamon\/docs\/talilanonopetit\"><b>Talila nono<\/b><\/a><\/p>\n<p><a href=\"https:\/\/issuu.com\/juntsdibuixem\/docs\/jdic_6_web\"><b>Junts dibuixem i cantem<\/b><\/a><\/p>\n<p><a href=\"http:\/\/radio.garden\/visit\/barcelona\/DySRBHdL\"><b>Radio Garden<\/b><\/a><\/p>\n<p><a href=\"https:\/\/storyweaver.org.in\/\"><b>Story weaver<\/b><\/a><\/p>\n<p><a href=\"https:\/\/www.worldreader.org\/\"><b>Worldreader<\/b><\/a><\/p>\n","protected":false},"excerpt":{"rendered":"<p>Dem\u00e0, 21 de febrer, \u00e9s el Dia Internacional de la Llengua Materna, dia que es commemora des que va ser aprovat l\u2019any 1999, en la 30a Confer\u00e8ncia General de la UNESCO.&hellip;  <a href=\"https:\/\/projectes.xtec.cat\/acollidasuport\/portada\/dia-internacional-de-la-llengua-materna-21-de-febrer\/\" title=\"Read Dia Internacional de la Llengua Materna &#8211; 21 de febrer\">Llegeix m\u00e9s\u00bb<\/a><\/p>\n","protected":false},"author":1,"featured_media":9627,"comment_status":"open","ping_status":"closed","sticky":false,"template":"","format":"standard","meta":{"_bbp_topic_count":0,"_bbp_reply_count":0,"_bbp_total_topic_count":0,"_bbp_total_reply_count":0,"_bbp_voice_count":0,"_bbp_anonymous_reply_count":0,"_bbp_topic_count_hidden":0,"_bbp_reply_count_hidden":0,"_bbp_forum_subforum_count":0,"footnotes":""},"categories":[29],"tags":[474],"class_list":["post-9626","post","type-post","status-publish","format-standard","has-post-thumbnail","hentry","category-portada","tag-dia-internacional"],"post_mailing_queue_ids":[],"_links":{"self":[{"href":"https:\/\/projectes.xtec.cat\/acollidasuport\/wp-json\/wp\/v2\/posts\/9626","targetHints":{"allow":["GET"]}}],"collection":[{"href":"https:\/\/projectes.xtec.cat\/acollidasuport\/wp-json\/wp\/v2\/posts"}],"about":[{"href":"https:\/\/projectes.xtec.cat\/acollidasuport\/wp-json\/wp\/v2\/types\/post"}],"author":[{"embeddable":true,"href":"https:\/\/projectes.xtec.cat\/acollidasuport\/wp-json\/wp\/v2\/users\/1"}],"replies":[{"embeddable":true,"href":"https:\/\/projectes.xtec.cat\/acollidasuport\/wp-json\/wp\/v2\/comments?post=9626"}],"version-history":[{"count":2,"href":"https:\/\/projectes.xtec.cat\/acollidasuport\/wp-json\/wp\/v2\/posts\/9626\/revisions"}],"predecessor-version":[{"id":9629,"href":"https:\/\/projectes.xtec.cat\/acollidasuport\/wp-json\/wp\/v2\/posts\/9626\/revisions\/9629"}],"wp:featuredmedia":[{"embeddable":true,"href":"https:\/\/projectes.xtec.cat\/acollidasuport\/wp-json\/wp\/v2\/media\/9627"}],"wp:attachment":[{"href":"https:\/\/projectes.xtec.cat\/acollidasuport\/wp-json\/wp\/v2\/media?parent=9626"}],"wp:term":[{"taxonomy":"category","embeddable":true,"href":"https:\/\/projectes.xtec.cat\/acollidasuport\/wp-json\/wp\/v2\/categories?post=9626"},{"taxonomy":"post_tag","embeddable":true,"href":"https:\/\/projectes.xtec.cat\/acollidasuport\/wp-json\/wp\/v2\/tags?post=9626"}],"curies":[{"name":"wp","href":"https:\/\/api.w.org\/{rel}","templated":true}]}}