{"id":9674,"date":"2023-06-19T22:23:20","date_gmt":"2023-06-19T20:23:20","guid":{"rendered":"https:\/\/projectes.xtec.cat\/acollidasuport\/?p=9674"},"modified":"2023-06-19T22:23:20","modified_gmt":"2023-06-19T20:23:20","slug":"embolicat-amb-la-llengua-ix-jornada-pedagogica-a-la-catalunya-central","status":"publish","type":"post","link":"https:\/\/projectes.xtec.cat\/acollidasuport\/portada\/embolicat-amb-la-llengua-ix-jornada-pedagogica-a-la-catalunya-central\/","title":{"rendered":"EmboLICa&#8217;t amb la llengua. IX Jornada pedag\u00f2gica a la Catalunya Central"},"content":{"rendered":"<p><a href=\"https:\/\/projectes.xtec.cat\/acollidasuport\/wp-content\/uploads\/usu2169\/2023\/06\/1.jpg\"><img loading=\"lazy\" decoding=\"async\" class=\"wp-image-9675 alignleft\" src=\"https:\/\/projectes.xtec.cat\/acollidasuport\/wp-content\/uploads\/usu2169\/2023\/06\/1.jpg\" alt=\"\" width=\"649\" height=\"394\" srcset=\"https:\/\/projectes.xtec.cat\/acollidasuport\/wp-content\/uploads\/usu2169\/2023\/06\/1.jpg 1325w, https:\/\/projectes.xtec.cat\/acollidasuport\/wp-content\/uploads\/usu2169\/2023\/06\/1-300x182.jpg 300w, https:\/\/projectes.xtec.cat\/acollidasuport\/wp-content\/uploads\/usu2169\/2023\/06\/1-1024x621.jpg 1024w, https:\/\/projectes.xtec.cat\/acollidasuport\/wp-content\/uploads\/usu2169\/2023\/06\/1-768x465.jpg 768w\" sizes=\"auto, (max-width: 649px) 100vw, 649px\" \/><\/a>El proper dimarts 27 de juny es realitzar\u00e0 la\u00a0<strong>IX Jornada pedag\u00f2gica a la Catalunya Central<\/strong><strong> que porta per t\u00edtol <\/strong><strong>EmboLICa\u2019t amb la llengua<\/strong>.<\/p>\n<p>La jornada, organitzada per l\u2019equip LIC de la Catalunya Central, es proposa reflexionar a partir de diversos formats sobre l&#8217;\u00fas de la llengua: comptaran amb la pon\u00e8ncia del professor Ferran Suay, es mostraran experi\u00e8ncies i entitats que treballen pel manteniment de llengua catalana, hi haur\u00e0 una taula rodona de persones nouvingudes que explicaran com han viscut l&#8217;experi\u00e8ncia d&#8217;aprendre el catal\u00e0 i es realitzar\u00e0 un taller l\u00fadic de glosa.<\/p>\n<p>Si hi esteu interessats i sou docents, us podeu inscriure en aquest\u00a0<strong><a href=\"https:\/\/aplicacions.gestioeducativa.gencat.cat\/pls\/soloas\/pk_for_mod_ins.p_for_detall_activitat?p_codi=B00033050B&amp;p_curs=2022-2023&amp;p_es_inscr=S\">enlla\u00e7<\/a><\/strong>.<\/p>\n<p>Si no sou docents, ho podeu fer en aquest <strong><a href=\"https:\/\/aplicacions.gestioeducativa.gencat.cat\/pls\/soloas\/pk_for_mod_ins.p_for_detall_activitat?p_codi=B00033050B&amp;p_curs=2022-2023&amp;p_es_inscr=S\">altre enlla\u00e7<\/a><\/strong>.<\/p>\n<p><a href=\"https:\/\/projectes.xtec.cat\/acollidasuport\/wp-content\/uploads\/usu2169\/2023\/06\/Jornada-LIC-23-Cartell-A3.pdf\"><strong>Jornada LIC &#8217;23 (Cartell A3)<\/strong><\/a><\/p>\n<p><strong><a href=\"https:\/\/projectes.xtec.cat\/acollidasuport\/wp-content\/uploads\/usu2169\/2023\/06\/Triptic_JornadaLIC23.pdf\">Triptic_JornadaLIC23<\/a><\/strong><\/p>\n","protected":false},"excerpt":{"rendered":"<p>El proper dimarts 27 de juny es realitzar\u00e0 la\u00a0IX Jornada pedag\u00f2gica a la Catalunya Central que porta per t\u00edtol EmboLICa\u2019t amb la llengua.&hellip;  <a href=\"https:\/\/projectes.xtec.cat\/acollidasuport\/portada\/embolicat-amb-la-llengua-ix-jornada-pedagogica-a-la-catalunya-central\/\" title=\"Read EmboLICa&#8217;t amb la llengua. IX Jornada pedag\u00f2gica a la Catalunya Central\">Llegeix m\u00e9s\u00bb<\/a><\/p>\n","protected":false},"author":1,"featured_media":9675,"comment_status":"open","ping_status":"closed","sticky":false,"template":"","format":"standard","meta":{"_bbp_topic_count":0,"_bbp_reply_count":0,"_bbp_total_topic_count":0,"_bbp_total_reply_count":0,"_bbp_voice_count":0,"_bbp_anonymous_reply_count":0,"_bbp_topic_count_hidden":0,"_bbp_reply_count_hidden":0,"_bbp_forum_subforum_count":0,"footnotes":""},"categories":[29],"tags":[],"class_list":["post-9674","post","type-post","status-publish","format-standard","has-post-thumbnail","hentry","category-portada"],"post_mailing_queue_ids":[],"_links":{"self":[{"href":"https:\/\/projectes.xtec.cat\/acollidasuport\/wp-json\/wp\/v2\/posts\/9674","targetHints":{"allow":["GET"]}}],"collection":[{"href":"https:\/\/projectes.xtec.cat\/acollidasuport\/wp-json\/wp\/v2\/posts"}],"about":[{"href":"https:\/\/projectes.xtec.cat\/acollidasuport\/wp-json\/wp\/v2\/types\/post"}],"author":[{"embeddable":true,"href":"https:\/\/projectes.xtec.cat\/acollidasuport\/wp-json\/wp\/v2\/users\/1"}],"replies":[{"embeddable":true,"href":"https:\/\/projectes.xtec.cat\/acollidasuport\/wp-json\/wp\/v2\/comments?post=9674"}],"version-history":[{"count":2,"href":"https:\/\/projectes.xtec.cat\/acollidasuport\/wp-json\/wp\/v2\/posts\/9674\/revisions"}],"predecessor-version":[{"id":9679,"href":"https:\/\/projectes.xtec.cat\/acollidasuport\/wp-json\/wp\/v2\/posts\/9674\/revisions\/9679"}],"wp:featuredmedia":[{"embeddable":true,"href":"https:\/\/projectes.xtec.cat\/acollidasuport\/wp-json\/wp\/v2\/media\/9675"}],"wp:attachment":[{"href":"https:\/\/projectes.xtec.cat\/acollidasuport\/wp-json\/wp\/v2\/media?parent=9674"}],"wp:term":[{"taxonomy":"category","embeddable":true,"href":"https:\/\/projectes.xtec.cat\/acollidasuport\/wp-json\/wp\/v2\/categories?post=9674"},{"taxonomy":"post_tag","embeddable":true,"href":"https:\/\/projectes.xtec.cat\/acollidasuport\/wp-json\/wp\/v2\/tags?post=9674"}],"curies":[{"name":"wp","href":"https:\/\/api.w.org\/{rel}","templated":true}]}}