{"id":9724,"date":"2023-09-01T11:52:59","date_gmt":"2023-09-01T09:52:59","guid":{"rendered":"https:\/\/projectes.xtec.cat\/acollidasuport\/?p=9724"},"modified":"2024-04-13T19:23:41","modified_gmt":"2024-04-13T17:23:41","slug":"formacio-inicial-de-nous-tutors-i-noves-tutores-daula-dacollida-2","status":"publish","type":"post","link":"https:\/\/projectes.xtec.cat\/acollidasuport\/general\/formacio-inicial-de-nous-tutors-i-noves-tutores-daula-dacollida-2\/","title":{"rendered":"Formaci\u00f3 inicial de nous tutors i noves tutores d\u2019aula d\u2019acollida"},"content":{"rendered":"<p><strong><a href=\"https:\/\/projectes.xtec.cat\/acollidasuport\/wp-content\/uploads\/usu2169\/2023\/08\/Banner-formacio-inicial.png\"><img loading=\"lazy\" decoding=\"async\" class=\"aligncenter size-full wp-image-9712\" src=\"https:\/\/projectes.xtec.cat\/acollidasuport\/wp-content\/uploads\/usu2169\/2023\/08\/Banner-formacio-inicial.png\" alt=\"\" width=\"1000\" height=\"250\" srcset=\"https:\/\/projectes.xtec.cat\/acollidasuport\/wp-content\/uploads\/usu2169\/2023\/08\/Banner-formacio-inicial.png 1000w, https:\/\/projectes.xtec.cat\/acollidasuport\/wp-content\/uploads\/usu2169\/2023\/08\/Banner-formacio-inicial-300x75.png 300w, https:\/\/projectes.xtec.cat\/acollidasuport\/wp-content\/uploads\/usu2169\/2023\/08\/Banner-formacio-inicial-768x192.png 768w\" sizes=\"auto, (max-width: 1000px) 100vw, 1000px\" \/><\/a>Curs de formaci\u00f3 inicial adre\u00e7at als tutors nous d\u2019Aula d\u2019acollida. Curs 2023-2024<\/strong><\/p>\n<p>Activitat formativa adre\u00e7ada a tots els docents que han estat nomenats per al proper curs com a tutors d\u2019aula d\u2019acollida, sense experi\u00e8ncia pr\u00e8via, per tal de proporcionar-los recursos i orientacions de car\u00e0cter organitzatiu i metodol\u00f2gic.<\/p>\n<p><strong>Persones destinat\u00e0ries \u2013<\/strong>\u00a0Docents, sense experi\u00e8ncia pr\u00e8via, que han estat nomenats per al curs 2023-2024 com a tutors d\u2019aula d\u2019acollida.<\/p>\n<table>\n<tbody>\n<tr>\n<td><strong>Objectius<\/strong><\/p>\n<ul>\n<li>\n<ul>\n<li>Fer l\u2019acollida dels docents que s\u2019incorporen com tutors d\u2019aula d\u2019acollida.<\/li>\n<li>Analitzar els aspectes que intervenen en el proc\u00e9s d\u2019acollida i integraci\u00f3 als centres educatius de l\u2019alumnat nouvingut i en l\u2019atenci\u00f3 a l\u2019alumnat de proced\u00e8ncia estrangera que necessita suport per seguir el curr\u00edculum ordinari.<\/li>\n<li>Identificar les necessitats dels alumnes i aplicar recursos i estrat\u00e8gies per donar-hi resposta.<\/li>\n<\/ul>\n<\/li>\n<\/ul>\n<p><strong>Format i continguts<\/strong><\/p>\n<p><strong><u>Dues sessions s\u00edncrones en l\u00ednia<\/u>: dimarts 5 de setembre de 9h a 11h i dijous 14 de setembre de 17h a 19h<\/strong><\/p>\n<ul>\n<li>\n<ul>\n<li>El proc\u00e9s d\u2019escolaritzaci\u00f3 de l\u2019alumnat de proced\u00e8ncia estrangera: acollida inicial, aprenentatge intensiu de la llengua i acc\u00e9s al curr\u00edculum ordinari.<\/li>\n<li>Iniciaci\u00f3 a la did\u00e0ctica del catal\u00e0 L2 per a l\u2019aprenentatge inicial de la llengua.<\/li>\n<li>L\u2019acc\u00e9s al curr\u00edculum ordinari: iniciaci\u00f3 al tractament integrat de llengua i continguts, i estrat\u00e8gies de suport docent per a l\u2019aprenentatge efectiu de les \u00e0rees i mat\u00e8ries.<\/li>\n<\/ul>\n<\/li>\n<\/ul>\n<\/td>\n<\/tr>\n<\/tbody>\n<\/table>\n<p><a href=\"https:\/\/aplicacions.gestioeducativa.gencat.cat\/pls\/soloas\/pk_for_mod_ins.p_for_cons_activitats?p_any=&amp;p_codi=9001850555&amp;p_totes=S\"><strong>Inscripci\u00f3<\/strong><\/a><\/p>\n","protected":false},"excerpt":{"rendered":"<p>Activitat formativa adre\u00e7ada a tots els docents que han estat nomenats per al proper curs com a tutors d\u2019aula d\u2019acollida, sense experi\u00e8ncia pr\u00e8via, per tal de proporcionar-los recursos i orientacions de car\u00e0cter organitzatiu i metodol\u00f2gic.&hellip;  <a href=\"https:\/\/projectes.xtec.cat\/acollidasuport\/general\/formacio-inicial-de-nous-tutors-i-noves-tutores-daula-dacollida-2\/\" title=\"Read Formaci\u00f3 inicial de nous tutors i noves tutores d\u2019aula d\u2019acollida\">Llegeix m\u00e9s\u00bb<\/a><\/p>\n","protected":false},"author":1,"featured_media":9712,"comment_status":"open","ping_status":"closed","sticky":false,"template":"","format":"standard","meta":{"_bbp_topic_count":0,"_bbp_reply_count":0,"_bbp_total_topic_count":0,"_bbp_total_reply_count":0,"_bbp_voice_count":0,"_bbp_anonymous_reply_count":0,"_bbp_topic_count_hidden":0,"_bbp_reply_count_hidden":0,"_bbp_forum_subforum_count":0,"footnotes":""},"categories":[287,154,1,29],"tags":[545,437],"class_list":["post-9724","post","type-post","status-publish","format-standard","has-post-thumbnail","hentry","category-acollida","category-formacio","category-general","category-portada","tag-difusio","tag-digital"],"post_mailing_queue_ids":[],"_links":{"self":[{"href":"https:\/\/projectes.xtec.cat\/acollidasuport\/wp-json\/wp\/v2\/posts\/9724","targetHints":{"allow":["GET"]}}],"collection":[{"href":"https:\/\/projectes.xtec.cat\/acollidasuport\/wp-json\/wp\/v2\/posts"}],"about":[{"href":"https:\/\/projectes.xtec.cat\/acollidasuport\/wp-json\/wp\/v2\/types\/post"}],"author":[{"embeddable":true,"href":"https:\/\/projectes.xtec.cat\/acollidasuport\/wp-json\/wp\/v2\/users\/1"}],"replies":[{"embeddable":true,"href":"https:\/\/projectes.xtec.cat\/acollidasuport\/wp-json\/wp\/v2\/comments?post=9724"}],"version-history":[{"count":2,"href":"https:\/\/projectes.xtec.cat\/acollidasuport\/wp-json\/wp\/v2\/posts\/9724\/revisions"}],"predecessor-version":[{"id":9726,"href":"https:\/\/projectes.xtec.cat\/acollidasuport\/wp-json\/wp\/v2\/posts\/9724\/revisions\/9726"}],"wp:featuredmedia":[{"embeddable":true,"href":"https:\/\/projectes.xtec.cat\/acollidasuport\/wp-json\/wp\/v2\/media\/9712"}],"wp:attachment":[{"href":"https:\/\/projectes.xtec.cat\/acollidasuport\/wp-json\/wp\/v2\/media?parent=9724"}],"wp:term":[{"taxonomy":"category","embeddable":true,"href":"https:\/\/projectes.xtec.cat\/acollidasuport\/wp-json\/wp\/v2\/categories?post=9724"},{"taxonomy":"post_tag","embeddable":true,"href":"https:\/\/projectes.xtec.cat\/acollidasuport\/wp-json\/wp\/v2\/tags?post=9724"}],"curies":[{"name":"wp","href":"https:\/\/api.w.org\/{rel}","templated":true}]}}