{"id":9761,"date":"2023-12-20T12:47:45","date_gmt":"2023-12-20T11:47:45","guid":{"rendered":"https:\/\/projectes.xtec.cat\/acollidasuport\/?p=9761"},"modified":"2023-12-21T06:58:33","modified_gmt":"2023-12-21T05:58:33","slug":"places-disponibles-per-a-la-formacio-telematica-estrategies-de-suport-a-laprenentatge-de-lalumnat-de-procedencia-estrangera-a-laula-ordinaria","status":"publish","type":"post","link":"https:\/\/projectes.xtec.cat\/acollidasuport\/general\/places-disponibles-per-a-la-formacio-telematica-estrategies-de-suport-a-laprenentatge-de-lalumnat-de-procedencia-estrangera-a-laula-ordinaria\/","title":{"rendered":"Places disponibles per a la formaci\u00f3 telem\u00e0tica Estrat\u00e8gies de suport a l&#8217;aprenentatge de l&#8217;alumnat de proced\u00e8ncia estrangera a l&#8217;aula ordin\u00e0ria"},"content":{"rendered":"<p><span style=\"font-weight: 400;\"><a href=\"https:\/\/projectes.xtec.cat\/acollidasuport\/wp-content\/uploads\/usu2169\/2023\/12\/ANSU.png\"><img loading=\"lazy\" decoding=\"async\" class=\"size-full wp-image-9765 alignleft\" src=\"https:\/\/projectes.xtec.cat\/acollidasuport\/wp-content\/uploads\/usu2169\/2023\/12\/ANSU.png\" alt=\"\" width=\"450\" height=\"200\" srcset=\"https:\/\/projectes.xtec.cat\/acollidasuport\/wp-content\/uploads\/usu2169\/2023\/12\/ANSU.png 450w, https:\/\/projectes.xtec.cat\/acollidasuport\/wp-content\/uploads\/usu2169\/2023\/12\/ANSU-300x133.png 300w\" sizes=\"auto, (max-width: 450px) 100vw, 450px\" \/><\/a>Queden algunes places disponibles en la formaci\u00f3 telem\u00e0tica <\/span><a href=\"https:\/\/projectes.xtec.cat\/acollidasuport\/wp-content\/uploads\/usu2169\/2020\/08\/Info_ANSU.pdf\"><b>Estrat\u00e8gies de suport a l&#8217;aprenentatge de l&#8217;alumnat de proced\u00e8ncia estrangera a l&#8217;aula ordin\u00e0ria<\/b><\/a><span style=\"font-weight: 400;\">. de 40 hores, organitzada pel Servei de Suports i Recursos Ling\u00fc\u00edstics, del Departament d\u2019Educaci\u00f3, que s\u2019iniciar\u00e0 a partir del 5 de febrer.\u00a0<\/span><\/p>\n<p><span style=\"font-weight: 400;\">Aquest curs pret\u00e9n proporcionar recursos i estrat\u00e8gies d&#8217;acompanyament que facilitin la incorporaci\u00f3 a l\u2019aula ordin\u00e0ria i l&#8217;\u00e8xit acad\u00e8mic a l\u2019alumnat d\u2019origen estranger que encara no domina prou la llengua vehicular dels aprenentatges a partir del tractament integrat de llengua i continguts (TILC).\u00a0<\/span><\/p>\n<p><span style=\"font-weight: 400;\">En aquest curs es tractaran els seg\u00fcents continguts:<\/span><\/p>\n<ul>\n<li style=\"font-weight: 400;\" aria-level=\"1\"><span style=\"font-weight: 400;\">La llengua, base de tots els aprenentatges\u00a0<\/span><\/li>\n<li style=\"font-weight: 400;\" aria-level=\"1\"><span style=\"font-weight: 400;\">El tractament integrat de llengua i continguts (TILC)\u00a0<\/span><\/li>\n<li style=\"font-weight: 400;\" aria-level=\"1\"><span style=\"font-weight: 400;\">Estrat\u00e8gies per proporcionar suports a l&#8217;alumnat nouvingut en l&#8217;aprenentatge de les \u00e0rees i mat\u00e8ries no ling\u00fc\u00edstiques\u00a0<\/span><\/li>\n<li style=\"font-weight: 400;\" aria-level=\"1\"><span style=\"font-weight: 400;\">Sistematitzaci\u00f3 de la tasca docent en aules amb diversitat ling\u00fc\u00edstica i cultural\u00a0<\/span><\/li>\n<li style=\"font-weight: 400;\" aria-level=\"1\"><span style=\"font-weight: 400;\">Metodologies que afavoreixen els aprenentatges de l&#8217;alumnat nouvingut: el treball cooperatiu\u00a0<\/span><\/li>\n<li style=\"font-weight: 400;\" aria-level=\"1\"><span style=\"font-weight: 400;\">L&#8217;avaluaci\u00f3<\/span><\/li>\n<\/ul>\n<p><span style=\"font-weight: 400;\">Pot ser \u00fatil a tots els docents de totes les \u00e0rees i mat\u00e8ries que compten amb alumnat d\u2019origen estranger a les aules i volen con\u00e8ixer estrat\u00e8gies i recursos per fer accessibles els continguts de la seva \u00e0rea i mat\u00e8ria a tot l\u2019alumnat que t\u00e9 dificultats ling\u00fc\u00edstiques. Est\u00e0 adre\u00e7at a docents de prim\u00e0ria i secund\u00e0ria (especialment de les \u00e0rees i mat\u00e8ries no ling\u00fc\u00edstiques, per\u00f2 tamb\u00e9 de les ling\u00fc\u00edstiques) que atenen alumnat d&#8217;origen estranger a l&#8217;aula ordin\u00e0ria.<\/span><\/p>\n<p><span style=\"font-weight: 400;\">Us hi podeu inscriure amb aquest codi 9000560555 al <\/span><a href=\"https:\/\/xtec.gencat.cat\/ca\/formacio\/info-general\/cercador-activitats\/\"><span style=\"font-weight: 400;\">cercador d\u2019activitats<\/span><\/a><span style=\"font-weight: 400;\">. El <\/span><b>termini per formalitzar la inscripci\u00f3 \u00e9s el 15 de gener<\/b><span style=\"font-weight: 400;\">. El 31 de gener podreu consultar si se us ha adjudicat la formaci\u00f3.<\/span><\/p>\n<p><span style=\"font-weight: 400;\">Ens podeu fer arribar qualsevol dubte al correu <\/span><a href=\"mailto:formacio.ssrl@xtec.cat\"><span style=\"font-weight: 400;\">formacio.ssrl@xtec.cat<\/span><\/a><span style=\"font-weight: 400;\">.\u00a0\u00a0<\/span><\/p>\n<p><b>Animeu-vos-hi!<\/b><\/p>\n","protected":false},"excerpt":{"rendered":"<p><a href=\"https:\/\/projectes.xtec.cat\/acollidasuport\/wp-content\/uploads\/usu2169\/2023\/12\/ANSU.png\"><\/a>Queden algunes places disponibles en la formaci\u00f3 telem\u00e0tica <a href=\"https:\/\/projectes.xtec.cat\/acollidasuport\/wp-content\/uploads\/usu2169\/2020\/08\/Info_ANSU.pdf\">Estrat\u00e8gies de suport a l&#8217;aprenentatge de l&#8217;alumnat de proced\u00e8ncia estrangera a l&#8217;aula ordin\u00e0ria<\/a>. de 40 hores, organitzada pel Servei de Suports i Recursos Ling\u00fc\u00edstics, del Departament d\u2019Educaci\u00f3, que s\u2019iniciar\u00e0 a partir del 5 de febrer.\u00a0<br \/>\nAquest&hellip;  <a href=\"https:\/\/projectes.xtec.cat\/acollidasuport\/general\/places-disponibles-per-a-la-formacio-telematica-estrategies-de-suport-a-laprenentatge-de-lalumnat-de-procedencia-estrangera-a-laula-ordinaria\/\" title=\"Read Places disponibles per a la formaci\u00f3 telem\u00e0tica Estrat\u00e8gies de suport a l&#8217;aprenentatge de l&#8217;alumnat de proced\u00e8ncia estrangera a l&#8217;aula ordin\u00e0ria\">Llegeix m\u00e9s\u00bb<\/a><\/p>\n","protected":false},"author":1,"featured_media":9765,"comment_status":"closed","ping_status":"closed","sticky":false,"template":"","format":"standard","meta":{"_bbp_topic_count":0,"_bbp_reply_count":0,"_bbp_total_topic_count":0,"_bbp_total_reply_count":0,"_bbp_voice_count":0,"_bbp_anonymous_reply_count":0,"_bbp_topic_count_hidden":0,"_bbp_reply_count_hidden":0,"_bbp_forum_subforum_count":0,"footnotes":""},"categories":[154,1,29],"tags":[],"class_list":["post-9761","post","type-post","status-publish","format-standard","has-post-thumbnail","hentry","category-formacio","category-general","category-portada"],"post_mailing_queue_ids":[],"_links":{"self":[{"href":"https:\/\/projectes.xtec.cat\/acollidasuport\/wp-json\/wp\/v2\/posts\/9761","targetHints":{"allow":["GET"]}}],"collection":[{"href":"https:\/\/projectes.xtec.cat\/acollidasuport\/wp-json\/wp\/v2\/posts"}],"about":[{"href":"https:\/\/projectes.xtec.cat\/acollidasuport\/wp-json\/wp\/v2\/types\/post"}],"author":[{"embeddable":true,"href":"https:\/\/projectes.xtec.cat\/acollidasuport\/wp-json\/wp\/v2\/users\/1"}],"replies":[{"embeddable":true,"href":"https:\/\/projectes.xtec.cat\/acollidasuport\/wp-json\/wp\/v2\/comments?post=9761"}],"version-history":[{"count":3,"href":"https:\/\/projectes.xtec.cat\/acollidasuport\/wp-json\/wp\/v2\/posts\/9761\/revisions"}],"predecessor-version":[{"id":9766,"href":"https:\/\/projectes.xtec.cat\/acollidasuport\/wp-json\/wp\/v2\/posts\/9761\/revisions\/9766"}],"wp:featuredmedia":[{"embeddable":true,"href":"https:\/\/projectes.xtec.cat\/acollidasuport\/wp-json\/wp\/v2\/media\/9765"}],"wp:attachment":[{"href":"https:\/\/projectes.xtec.cat\/acollidasuport\/wp-json\/wp\/v2\/media?parent=9761"}],"wp:term":[{"taxonomy":"category","embeddable":true,"href":"https:\/\/projectes.xtec.cat\/acollidasuport\/wp-json\/wp\/v2\/categories?post=9761"},{"taxonomy":"post_tag","embeddable":true,"href":"https:\/\/projectes.xtec.cat\/acollidasuport\/wp-json\/wp\/v2\/tags?post=9761"}],"curies":[{"name":"wp","href":"https:\/\/api.w.org\/{rel}","templated":true}]}}